{"id":17871,"date":"2020-03-07T19:10:27","date_gmt":"2020-03-07T19:10:27","guid":{"rendered":"https:\/\/redsemlac.com\/semmexico\/?p=17871"},"modified":"2023-07-21T15:21:04","modified_gmt":"2023-07-21T20:21:04","slug":"opinion-375","status":"publish","type":"post","link":"https:\/\/redsemlac.com\/semmexico\/opinion-375\/","title":{"rendered":"Ellas en el retrovisor"},"content":{"rendered":"\n<h2 class=\"wp-block-heading\"><strong>Mis feministas\u2026<\/strong><\/h2>\n\n\n\n<p class=\"wp-block-paragraph\"><strong>Ivonne Melgar<\/strong><\/p>\n\n\n\n<p class=\"wp-block-paragraph\">SemM\u00e9xico. 07 de marzo 2020.- De la mano de las furiosas\ndiamantinas rosa que en verano pasado rompieron el confort de la clase\npol\u00edtica, este domingo 8 de marzo marchar\u00e9 con ellas y por todas.<\/p>\n\n\n\n<p class=\"wp-block-paragraph\">Ir\u00e9 de prisa, respondiendo a sus reclamos de que esto no\npuede ser m\u00e1s una historia de paciencia y aproximaciones sucesivas.<\/p>\n\n\n\n<p class=\"wp-block-paragraph\">Acompa\u00f1ada de colegas, c\u00f3mplices, amigas y miles de j\u00f3venes,\nmaduras y mayores, gritar\u00e9 el ya basta y el ni una m\u00e1s y el nos queremos vivas\nque el relevo generacional nos ha ense\u00f1ado.<\/p>\n\n\n\n<p class=\"wp-block-paragraph\">Y, por supuesto, vestir\u00e9 de morado, como lo hac\u00eda en el CCH\nsur, cuando declamaba los versos de Rosario Castellanos y Alaide Foppa y me\nautoproclamaba feminista.<\/p>\n\n\n\n<p class=\"wp-block-paragraph\">Porque este mes de marzo del 2020 que marcar\u00e1 la historia de\nnuestra lucha por la igualdad de las mujeres no es el primero que nos encuentra\ncon la voz en alto.<\/p>\n\n\n\n<p class=\"wp-block-paragraph\">Por eso ahora lloro de alegr\u00eda, nostalgia y satisfacci\u00f3n.\nPorque hoy somos la noticia m\u00e1s importante de M\u00e9xico, despu\u00e9s de tantos a\u00f1os de\nregistrar esta efem\u00e9ride desde la doble condici\u00f3n de reportera y feminista.<\/p>\n\n\n\n<p class=\"wp-block-paragraph\">Y por eso hoy, en la espera de un domingo inolvidable,\nabrazo con gratitud infinita a mis maestras del feminismo, mientras el sollozo\nse traba en mi garganta recordando la ma\u00f1ana en que el vendedor de peri\u00f3dicos\ndel anexo de la vieja Facultad de Ciencias Pol\u00edticas y Sociales anunciaba la\nexistencia de La Doble Jornada.<\/p>\n\n\n\n<p class=\"wp-block-paragraph\">C\u00f3mo acarici\u00e9 aquel ejemplar que se encartaba en el\nperi\u00f3dico La Jornada bajo la audacia y valent\u00eda de la periodista Sara Lovera.\nSo\u00f1aba con trabajar ah\u00ed y contar las historias de injusticia y libertad de las\nmujeres.<\/p>\n\n\n\n<p class=\"wp-block-paragraph\">Amaba tanto aquel suplemento que convert\u00eda en noticias de\ncarne y hueso los ensayos de la revista Fem que mi amada y bell\u00edsima Madre,\nCandelaria Navas, atesoraba en casa.<\/p>\n\n\n\n<p class=\"wp-block-paragraph\">Porque mi hermana Gilda y yo tuvimos la fortuna de nacer al\nfeminismo cuando ella nos habl\u00f3 por primera vez que aquel D\u00eda Internacional de\nla Mujer que hab\u00eda resonado en 1975 no era una fecha para celebrar, sino para\nentender el mundo patriarcal.<\/p>\n\n\n\n<p class=\"wp-block-paragraph\">Por eso en los a\u00f1os 80, al clausurar los estudios del CCH,\ncantando con Amparo Ochoa, aquel su primer disco feminista, gracias al\nentusiasmo inspirador de la maestra Blanca Figueroa, escrib\u00ed una pretendida\nobra, El manifiesto feminista, que s\u00f3lo era un compendio de poemas que\nrecitamos en el teatro del Colegio\u2026<\/p>\n\n\n\n<p class=\"wp-block-paragraph\">\u201cUn fantasma recorre el mundo, el reclamo feminista de las\nmujeres\u201d, dec\u00eda el inicio del libreto\u2026<\/p>\n\n\n\n<p class=\"wp-block-paragraph\">Ya en la Facultad, con nuestros entra\u00f1ables Mar\u00eda Luisa\nCastro y Sergio Colmenero, liberamos la palabra y en medio de lo mejor de la\nliteratura mexicana y universal, fuimos escribiendo nuestras pretensiones de\nigualdad. Ah\u00ed lloramos con La Mujer Rota. Y con Lilia Monroy, recitamos a\n\u00c1ngela Figuera Aymerich y a Silvia Plath.<\/p>\n\n\n\n<p class=\"wp-block-paragraph\">A finales de los a\u00f1os 80, ya concluyendo la carrera de\nCiencias de la Comunicaci\u00f3n, atendiendo a la tarea de c\u00f3mo trabajaba un\nreportero, gracias a los buenos oficios de mi amigo Renato Ravelo, llegu\u00e9 con\nPatricia Vega, de quien admiraba la fortaleza del relato cotidiano y esas ganas\nde contar siempre distinto lo que al final era lo mismo: la vida creativa de\nlos otros.<\/p>\n\n\n\n<p class=\"wp-block-paragraph\">Esa vez, me qued\u00e9 en la entrada de La Jornada para ver de\nlejos a Sara Lovera, cuyas risas llenaban el pasillo. \u201cYo tambi\u00e9n vivir\u00e9 en un\nperi\u00f3dico\u201d, me dije entonces.<\/p>\n\n\n\n<p class=\"wp-block-paragraph\">Pronto inici\u00f3 para m\u00ed el cap\u00edtulo de Unom\u00e1suno, donde Luis\nGuti\u00e9rrez y Jorge Fern\u00e1ndez Men\u00e9ndez, siempre me dijeron s\u00ed, por supuesto,\nadelante, a todas las iniciativas de textos con enfoque de g\u00e9nero.<\/p>\n\n\n\n<p class=\"wp-block-paragraph\">Fue ah\u00ed, cuando en la crianza de mi primer hijo, le ped\u00ed al\ndirector que me permitiera trabajar desde casa los textos en los que expondr\u00eda,\nle propuse, investigaciones especiales sobre asuntos educativos, de g\u00e9nero y\ndemograf\u00eda.<\/p>\n\n\n\n<p class=\"wp-block-paragraph\">A ambos hoy les digo, gracias. Gracias, Luis. Gracias,\nJorge. Por cobijarme entonces y entenderme tanto.<\/p>\n\n\n\n<p class=\"wp-block-paragraph\">Fue en aquellas p\u00e1ginas donde, en mi caso, comenc\u00e9 a\nconmemorar esta efem\u00e9ride con entrevistas a las mujeres pioneras de las que\ntanto aprend\u00ed y sigo aprendiendo: Amalia Garc\u00eda, Rosario Robles, Dulce Mar\u00eda\nSauri, Sylvia Hern\u00e1ndez, Mar\u00eda Elena Chapa, Cecilia Lor\u00eda, Patricia Mercado\u2026<\/p>\n\n\n\n<p class=\"wp-block-paragraph\">Ya en Reforma, a partir de 1997, el feminismo se volvi\u00f3 una\nfuente de cobertura period\u00edstica. Lo hicimos, porque L\u00e1zaro R\u00edos, Ren\u00e9 Delgado\ny Roberto Zamarripa, entend\u00edan que esa era parte de la agenda de la justicia y\nla igualdad.<\/p>\n\n\n\n<p class=\"wp-block-paragraph\">Y lo hicimos, ahora puedo contarlo, a pesar de las voces\nconservadoras que llegaron al peri\u00f3dico a reclamar por qu\u00e9 esa reportera daba\nespacio, voz e importancia a \u201clas abortistas\u201d.<\/p>\n\n\n\n<p class=\"wp-block-paragraph\">Nunca nos frenamos en contar el caso Paulina y registrar el\ngrito feminista por el derecho a decidir y las muertas de Ju\u00e1rez.<\/p>\n\n\n\n<p class=\"wp-block-paragraph\">Fue en esos a\u00f1os de las Conferencias de Naciones Unidas en\nEl Cairo y en Nueva York que conoc\u00ed al funcionario m\u00e1s feminista que M\u00e9xico ha\ntenido, Rodolfo Tuir\u00e1n, con quien construimos una alianza por el entendimiento\nde la maternidad elegida.<\/p>\n\n\n\n<p class=\"wp-block-paragraph\">En la vida cotidiana, con amado Mart\u00edn Beltr\u00e1n, mis bellos y\nadorados Gilda Melgar y Jes\u00fas Murillo; mis hermanas del alma Adriana Segovia y\nNashieli Ram\u00edrez, y el admirado Jorge Linares, construimos cada fin de semana\nde convivencia un c\u00f3digo de ruptura con miras a la equidad. Fueron los a\u00f1os de\nla infancia y adolescencia de nuestros hijos. Y fueron definitivos e\ninolvidables en la comprensi\u00f3n de que, como dir\u00eda la gran Rosario Castellanos,\nexiste otro modo de ser humano y libre, otro modo de ser.<\/p>\n\n\n\n<p class=\"wp-block-paragraph\">En esos a\u00f1os de la primera alternancia conoc\u00ed a Sara Lovera,\nmi gu\u00eda de lujo en el primer recorrido por la sede de Naciones Unidas. Y\nentend\u00ed el valor de la perseverancia y la fuerza indomable del feminismo\nmexicano que hab\u00eda ya sembrado tanto en activistas como ella, Patricia\nOlamendi, quien me demostr\u00f3 que el tema clave era ir contra la impunidad; Mar\u00eda\nConsuelo Mej\u00eda Pi\u00f1eros, la incansable de Cat\u00f3licas por el Derecho a Decidir<\/p>\n\n\n\n<p class=\"wp-block-paragraph\">Fueron los a\u00f1os en que Marcela Lagarde nos habl\u00f3 del\nfeminicidio, del crimen de odio por raz\u00f3n de g\u00e9nero. Y de la inevitable lucha\nque vendr\u00eda para visibilizar al Estado mis\u00f3gino y machista que hoy, entre\nmiles, estamos buscando desmontar.<\/p>\n\n\n\n<p class=\"wp-block-paragraph\">Y hubo m\u00e1s: la despenalizaci\u00f3n del aborto en la CDMX, la\nlucha por el respeto a las cuotas de g\u00e9nero, la ley por una vida libre de\nviolencia, la paridad.<\/p>\n\n\n\n<p class=\"wp-block-paragraph\">Pero hoy, a unas horas, de la marcha del domingo, quer\u00eda dar\nlas gracias a mis feministas de cabecera. Gracias con diamantina rosa.<\/p>\n","protected":false},"excerpt":{"rendered":"<p>Mis feministas\u2026<\/p>\n","protected":false},"author":3,"featured_media":17872,"comment_status":"open","ping_status":"open","sticky":false,"template":"","format":"standard","meta":{"_monsterinsights_skip_tracking":false,"footnotes":""},"categories":[691,82,110],"tags":[],"class_list":["post-17871","post","type-post","status-publish","format-standard","has-post-thumbnail","category-691","category-la-opinion","category-la-opinion-columnas"],"_links":{"self":[{"href":"https:\/\/redsemlac.com\/semmexico\/wp-json\/wp\/v2\/posts\/17871","targetHints":{"allow":["GET"]}}],"collection":[{"href":"https:\/\/redsemlac.com\/semmexico\/wp-json\/wp\/v2\/posts"}],"about":[{"href":"https:\/\/redsemlac.com\/semmexico\/wp-json\/wp\/v2\/types\/post"}],"author":[{"embeddable":true,"href":"https:\/\/redsemlac.com\/semmexico\/wp-json\/wp\/v2\/users\/3"}],"replies":[{"embeddable":true,"href":"https:\/\/redsemlac.com\/semmexico\/wp-json\/wp\/v2\/comments?post=17871"}],"version-history":[{"count":0,"href":"https:\/\/redsemlac.com\/semmexico\/wp-json\/wp\/v2\/posts\/17871\/revisions"}],"wp:featuredmedia":[{"embeddable":true,"href":"https:\/\/redsemlac.com\/semmexico\/wp-json\/wp\/v2\/media\/17872"}],"wp:attachment":[{"href":"https:\/\/redsemlac.com\/semmexico\/wp-json\/wp\/v2\/media?parent=17871"}],"wp:term":[{"taxonomy":"category","embeddable":true,"href":"https:\/\/redsemlac.com\/semmexico\/wp-json\/wp\/v2\/categories?post=17871"},{"taxonomy":"post_tag","embeddable":true,"href":"https:\/\/redsemlac.com\/semmexico\/wp-json\/wp\/v2\/tags?post=17871"}],"curies":[{"name":"wp","href":"https:\/\/api.w.org\/{rel}","templated":true}]}}