{"id":17844,"date":"2020-02-14T14:04:00","date_gmt":"2020-02-14T14:04:00","guid":{"rendered":"https:\/\/redsemlac.com\/semmexico\/?p=17844"},"modified":"2023-07-21T15:20:14","modified_gmt":"2023-07-21T20:20:14","slug":"seimujer-y-agrupacion-de-abogadas-suman-esfuerzos-para-atender-violencia-de-genero","status":"publish","type":"post","link":"https:\/\/redsemlac.com\/semmexico\/seimujer-y-agrupacion-de-abogadas-suman-esfuerzos-para-atender-violencia-de-genero\/","title":{"rendered":"Seimujer y agrupaci\u00f3n de abogadas, suman esfuerzos para atender violencia de g\u00e9nero"},"content":{"rendered":"\n<p class=\"wp-block-paragraph\"><strong> Redacci\u00f3n<\/strong><\/p>\n\n\n\n<p class=\"wp-block-paragraph\">SemM\u00e9xico. Morelia, Michoac\u00e1n, a 14 de febrero de 2020.- Para sumar esfuerzos a favor de las mujeres v\u00edctimas de violencia de g\u00e9nero, el Gobierno de Michoac\u00e1n, suma a la sociedad civil en los trabajos de prevenci\u00f3n de la violencia en contra de ni\u00f1as y mujeres.\u00a0<\/p>\n\n\n\n<p class=\"wp-block-paragraph\">En reuni\u00f3n de trabajo con la Agrupaci\u00f3n Michoacana de Abogadas A.C., la secretaria de Igualdad Sustantiva y Desarrollo de las Mujeres (Seimujer), Nuria Gabriela Hern\u00e1ndez Abarca, present\u00f3 las acciones emprendidas por la administraci\u00f3n del Gobernador Silvano Aureoles Conejo, para erradicar, prevenir y sancionar este fen\u00f3meno.&nbsp;<\/p>\n\n\n\n<p class=\"wp-block-paragraph\">Reconoci\u00f3 que es sumamente importante la participaci\u00f3n de la sociedad civil organizada, en la prevenci\u00f3n de la violencia de g\u00e9nero, ya que dijo, se pueden construir redes de apoyo que permitan a las v\u00edctimas contar con apoyo en el momento de una emergencia.<\/p>\n\n\n\n<p class=\"wp-block-paragraph\">Noem\u00ed&nbsp;Sierra P\u00e9rez, presidenta de la agrupaci\u00f3n reconoci\u00f3 el trabajo que se ha venido realizando por el Gobierno del Estado, en lo que respecta atenci\u00f3n de las mujeres, por lo que se sumar\u00e1n a los trabajos para lograr apoyar a m\u00e1s v\u00edctimas.\n\n<\/p>\n","protected":false},"excerpt":{"rendered":"<p>Redacci\u00f3n SemM\u00e9xico. Morelia, Michoac\u00e1n, a 14 de febrero de 2020.- Para sumar esfuerzos a favor de las mujeres v\u00edctimas de violencia de g\u00e9nero, el Gobierno de Michoac\u00e1n, suma a la sociedad civil en los trabajos de prevenci\u00f3n de la violencia en contra de ni\u00f1as y mujeres.\u00a0 En reuni\u00f3n de trabajo con la Agrupaci\u00f3n Michoacana de [&hellip;]<\/p>\n","protected":false},"author":3,"featured_media":17845,"comment_status":"open","ping_status":"open","sticky":false,"template":"","format":"standard","meta":{"_monsterinsights_skip_tracking":false,"footnotes":""},"categories":[691,51],"tags":[],"class_list":["post-17844","post","type-post","status-publish","format-standard","has-post-thumbnail","category-691","category-ejecutivo"],"_links":{"self":[{"href":"https:\/\/redsemlac.com\/semmexico\/wp-json\/wp\/v2\/posts\/17844","targetHints":{"allow":["GET"]}}],"collection":[{"href":"https:\/\/redsemlac.com\/semmexico\/wp-json\/wp\/v2\/posts"}],"about":[{"href":"https:\/\/redsemlac.com\/semmexico\/wp-json\/wp\/v2\/types\/post"}],"author":[{"embeddable":true,"href":"https:\/\/redsemlac.com\/semmexico\/wp-json\/wp\/v2\/users\/3"}],"replies":[{"embeddable":true,"href":"https:\/\/redsemlac.com\/semmexico\/wp-json\/wp\/v2\/comments?post=17844"}],"version-history":[{"count":0,"href":"https:\/\/redsemlac.com\/semmexico\/wp-json\/wp\/v2\/posts\/17844\/revisions"}],"wp:featuredmedia":[{"embeddable":true,"href":"https:\/\/redsemlac.com\/semmexico\/wp-json\/wp\/v2\/media\/17845"}],"wp:attachment":[{"href":"https:\/\/redsemlac.com\/semmexico\/wp-json\/wp\/v2\/media?parent=17844"}],"wp:term":[{"taxonomy":"category","embeddable":true,"href":"https:\/\/redsemlac.com\/semmexico\/wp-json\/wp\/v2\/categories?post=17844"},{"taxonomy":"post_tag","embeddable":true,"href":"https:\/\/redsemlac.com\/semmexico\/wp-json\/wp\/v2\/tags?post=17844"}],"curies":[{"name":"wp","href":"https:\/\/api.w.org\/{rel}","templated":true}]}}