{"id":17832,"date":"2020-02-10T01:43:00","date_gmt":"2020-02-10T01:43:00","guid":{"rendered":"https:\/\/redsemlac.com\/semmexico\/?p=17832"},"modified":"2023-07-21T15:19:51","modified_gmt":"2023-07-21T20:19:51","slug":"trabajan-sociedad-y-gobierno-por-divulgacion-del-cuidado-al-medio-ambiente","status":"publish","type":"post","link":"https:\/\/redsemlac.com\/semmexico\/trabajan-sociedad-y-gobierno-por-divulgacion-del-cuidado-al-medio-ambiente\/","title":{"rendered":"Trabajan sociedad y gobierno por divulgaci\u00f3n del cuidado al medio ambiente"},"content":{"rendered":"\n<ul class=\"wp-block-list\"><li><strong>Define l\u00edneas estrat\u00e9gicas para reforzar las acciones dirigidas a frenar y revertir el deterioro ambiental<\/strong><\/li><\/ul>\n\n\n\n<p class=\"wp-block-paragraph\"><strong>Redacci\u00f3n<\/strong><br>SemM\u00e9xico. <strong>Morelia, Michoac\u00e1n, a 10 de febrero de 2020.-\u00a0<\/strong>Con la finalidad de fortalecer las estrategias para la divulgaci\u00f3n del cuidado del medio ambiente, este lunes sesion\u00f3 el Subcomit\u00e9 de Difusi\u00f3n, Divulgaci\u00f3n y Comunicaci\u00f3n Ambiental, en el cual confluyen sectores de la sociedad civil organizada, de la academia y gobierno estatal.<br><br>En la reuni\u00f3n se establecieron las bases del trabajo colectivo que llevar\u00e1 a cabo este equipo interinstitucional, para la creaci\u00f3n de contenidos de difusi\u00f3n y comunicaci\u00f3n, focalizados y regionalizados.<br><br>Eso incluye implementar mecanismos de difusi\u00f3n, divulgaci\u00f3n y comunicaci\u00f3n ambiental que incorpore procesos y acciones en materia de educaci\u00f3n ambiental y cambio clim\u00e1tico, as\u00ed como de la participaci\u00f3n ciudadana para la reducci\u00f3n del riesgo de desastres.<br><br>Tambi\u00e9n el impulso de actividades de difusi\u00f3n, divulgaci\u00f3n y comunicaci\u00f3n con contenidos de educaci\u00f3n ambiental en condiciones de cambio clim\u00e1tico en espacios p\u00fablicos, como \u00c1reas Naturales Protegidas, Museos, Centros Culturales, Parques Urbanos, Ferias y Festivales.<br><br>En la reuni\u00f3n, a las y los integrantes del Subcomit\u00e9 les fue presentada la estrategia Escucha a la Tierra, dise\u00f1ada por el Gobierno del Estado y que servir\u00e1 de punto de partida para el despliegue de la estrategia.\u00a0<br><br>\u201cEscucha la tierra es perfectible y se puede enriquecer y puede ser un punto de partida. Para ello ser\u00e1 importante que escuchemos a los expertos que integran este Subcomit\u00e9 para mejorar los contenidos\u201d, puntualiz\u00f3 Julieta L\u00f3pez Bautista, titular de la Coordinaci\u00f3n General de Comunicaci\u00f3n Social en el Estado.<br><br>L\u00f3pez Bautista explic\u00f3 que la estrategia de comunicaci\u00f3n \u201cEscucha a la Tierra\u201d pretende generar conciencia entre las y los michoacanos sobre la riqueza natural que debemos cuidar.<br><br>La sesi\u00f3n de trabajo cont\u00f3 con la intervenci\u00f3n de las y los integrantes del Consejo que conforma este Subcomit\u00e9, integrado por organizaciones civiles, dependencias de gobierno e instituciones educativas, quienes refrendaron el compromiso de mejorar la divulgaci\u00f3n de informaci\u00f3n para generar una mejor conciencia del cuidado del medio ambiente.\u00a0<\/p>\n","protected":false},"excerpt":{"rendered":"<p>Define l\u00edneas estrat\u00e9gicas para reforzar las acciones dirigidas a frenar y revertir el deterioro ambiental Redacci\u00f3nSemM\u00e9xico. Morelia, Michoac\u00e1n, a 10 de febrero de 2020.-\u00a0Con la finalidad de fortalecer las estrategias para la divulgaci\u00f3n del cuidado del medio ambiente, este lunes sesion\u00f3 el Subcomit\u00e9 de Difusi\u00f3n, Divulgaci\u00f3n y Comunicaci\u00f3n Ambiental, en el cual confluyen sectores de [&hellip;]<\/p>\n","protected":false},"author":3,"featured_media":17833,"comment_status":"open","ping_status":"open","sticky":false,"template":"","format":"standard","meta":{"_monsterinsights_skip_tracking":false,"footnotes":""},"categories":[691,51],"tags":[],"class_list":["post-17832","post","type-post","status-publish","format-standard","has-post-thumbnail","category-691","category-ejecutivo"],"_links":{"self":[{"href":"https:\/\/redsemlac.com\/semmexico\/wp-json\/wp\/v2\/posts\/17832","targetHints":{"allow":["GET"]}}],"collection":[{"href":"https:\/\/redsemlac.com\/semmexico\/wp-json\/wp\/v2\/posts"}],"about":[{"href":"https:\/\/redsemlac.com\/semmexico\/wp-json\/wp\/v2\/types\/post"}],"author":[{"embeddable":true,"href":"https:\/\/redsemlac.com\/semmexico\/wp-json\/wp\/v2\/users\/3"}],"replies":[{"embeddable":true,"href":"https:\/\/redsemlac.com\/semmexico\/wp-json\/wp\/v2\/comments?post=17832"}],"version-history":[{"count":0,"href":"https:\/\/redsemlac.com\/semmexico\/wp-json\/wp\/v2\/posts\/17832\/revisions"}],"wp:featuredmedia":[{"embeddable":true,"href":"https:\/\/redsemlac.com\/semmexico\/wp-json\/wp\/v2\/media\/17833"}],"wp:attachment":[{"href":"https:\/\/redsemlac.com\/semmexico\/wp-json\/wp\/v2\/media?parent=17832"}],"wp:term":[{"taxonomy":"category","embeddable":true,"href":"https:\/\/redsemlac.com\/semmexico\/wp-json\/wp\/v2\/categories?post=17832"},{"taxonomy":"post_tag","embeddable":true,"href":"https:\/\/redsemlac.com\/semmexico\/wp-json\/wp\/v2\/tags?post=17832"}],"curies":[{"name":"wp","href":"https:\/\/api.w.org\/{rel}","templated":true}]}}