{"id":17829,"date":"2020-02-09T13:41:00","date_gmt":"2020-02-09T13:41:00","guid":{"rendered":"https:\/\/redsemlac.com\/semmexico\/?p=17829"},"modified":"2023-07-21T15:19:51","modified_gmt":"2023-07-21T20:19:51","slug":"arranca-capacitacion-a-operadores-de-autobuses-sobre-violencia-de-genero","status":"publish","type":"post","link":"https:\/\/redsemlac.com\/semmexico\/arranca-capacitacion-a-operadores-de-autobuses-sobre-violencia-de-genero\/","title":{"rendered":"Arranca capacitaci\u00f3n a operadores de autobuses sobre violencia de g\u00e9nero"},"content":{"rendered":"\n<ul class=\"wp-block-list\"><li><strong>Los operadores de la empresa Parhikuni fueron los primeros en asistir al taller\u00a0<\/strong><\/li><\/ul>\n\n\n\n<p class=\"wp-block-paragraph\"><strong>Redacci\u00f3n<\/strong><br>Morelia, Michoac\u00e1n, a 09 de febrero de 2020.- Con la presencia de operadores de la l\u00ednea de autobuses de la empresa Parhikuni, el Gobierno del Estado arranc\u00f3 la primera capacitaci\u00f3n y sensibilizaci\u00f3n en temas de prevenci\u00f3n de trata de personas y violencia de g\u00e9nero.\u00a0<br><br>Jos\u00e9 Raymundo Ortega fue uno asistentes al curso, quien reconoci\u00f3 la importancia de contar con informaci\u00f3n de estos temas, por lo que agradeci\u00f3 que los acerquen a ellos y que se puedan sumar en la prevenci\u00f3n e identificaci\u00f3n de esos delitos.\u00a0<br><br>El curso organizado por la Secretar\u00eda de Igualdad Sustantiva y Desarrollo de las Mujeres (Seimujer), en coordinaci\u00f3n con la empresa de autobuses Parhikuni, ser\u00e1 recibido por las y los operadores y personal administrativo de la empresa; por la din\u00e1mica del trabajo se realiza en grupos peque\u00f1os.\u00a0<br><br>La titular de la Seimujer, Nuria Gabriela Hern\u00e1ndez Abarca, agradeci\u00f3 a la empresa por trabajar de manera conjunta en la prevenci\u00f3n de los delitos de trata de personas y violencia de g\u00e9nero, acci\u00f3n que, dijo, permitir\u00e1 cumplir con un indicador m\u00e1s de la Alerta de Violencia de G\u00e9nero en contra de las Mujeres.\u00a0<br><br>\u201cEl Gobernador Silvano Aureoles Conejo, est\u00e1 convencido que, trabajar junto a la iniciativa privada en los temas de prevenci\u00f3n de la violencia de g\u00e9nero, permitir\u00e1 tener mejores resultados, por ello estamos sumando esfuerzos y esperamos llegar a todas las empresas de l\u00edneas de autobuses que prestan servicios en el Estado\u201d, indic\u00f3.<br><\/p>\n\n\n\n<p class=\"wp-block-paragraph\">SEM\/IL<\/p>\n","protected":false},"excerpt":{"rendered":"<p>Los operadores de la empresa Parhikuni fueron los primeros en asistir al taller <\/p>\n","protected":false},"author":3,"featured_media":17830,"comment_status":"open","ping_status":"open","sticky":false,"template":"","format":"standard","meta":{"_monsterinsights_skip_tracking":false,"footnotes":""},"categories":[691,51],"tags":[],"class_list":["post-17829","post","type-post","status-publish","format-standard","has-post-thumbnail","category-691","category-ejecutivo"],"_links":{"self":[{"href":"https:\/\/redsemlac.com\/semmexico\/wp-json\/wp\/v2\/posts\/17829","targetHints":{"allow":["GET"]}}],"collection":[{"href":"https:\/\/redsemlac.com\/semmexico\/wp-json\/wp\/v2\/posts"}],"about":[{"href":"https:\/\/redsemlac.com\/semmexico\/wp-json\/wp\/v2\/types\/post"}],"author":[{"embeddable":true,"href":"https:\/\/redsemlac.com\/semmexico\/wp-json\/wp\/v2\/users\/3"}],"replies":[{"embeddable":true,"href":"https:\/\/redsemlac.com\/semmexico\/wp-json\/wp\/v2\/comments?post=17829"}],"version-history":[{"count":0,"href":"https:\/\/redsemlac.com\/semmexico\/wp-json\/wp\/v2\/posts\/17829\/revisions"}],"wp:featuredmedia":[{"embeddable":true,"href":"https:\/\/redsemlac.com\/semmexico\/wp-json\/wp\/v2\/media\/17830"}],"wp:attachment":[{"href":"https:\/\/redsemlac.com\/semmexico\/wp-json\/wp\/v2\/media?parent=17829"}],"wp:term":[{"taxonomy":"category","embeddable":true,"href":"https:\/\/redsemlac.com\/semmexico\/wp-json\/wp\/v2\/categories?post=17829"},{"taxonomy":"post_tag","embeddable":true,"href":"https:\/\/redsemlac.com\/semmexico\/wp-json\/wp\/v2\/tags?post=17829"}],"curies":[{"name":"wp","href":"https:\/\/api.w.org\/{rel}","templated":true}]}}