{"id":17757,"date":"2020-03-06T21:00:01","date_gmt":"2020-03-06T21:00:01","guid":{"rendered":"https:\/\/redsemlac.com\/semmexico\/?p=17757"},"modified":"2023-07-21T15:21:05","modified_gmt":"2023-07-21T20:21:05","slug":"suman-ya-800-firmas-escritoras-contra-la-violencia-de-genero","status":"publish","type":"post","link":"https:\/\/redsemlac.com\/semmexico\/suman-ya-800-firmas-escritoras-contra-la-violencia-de-genero\/","title":{"rendered":"Suman ya 800 firmas Escritoras contra la violencia de g\u00e9nero"},"content":{"rendered":"\n<p class=\"wp-block-paragraph\"><strong>* Unimos\nnuestras voces a las de otras muchas mujeres indignadas<\/strong><\/p>\n\n\n\n<p class=\"wp-block-paragraph\"><strong>* Mediante\nfrases cortas cuentan la Historia de un Feminicidio<\/strong><\/p>\n\n\n\n<p class=\"wp-block-paragraph\"><strong>Lorena\nVaniezcot<\/strong><\/p>\n\n\n\n<p class=\"wp-block-paragraph\">SemM\u00e9xico, Cd. de M\u00e9xico, 6 de\nmarzo 2020.- Tenemos\nmiedo. Detr\u00e1s de cada feminicidio hay una larga cadena de violencia en todas\nsus formas (f\u00edsica, econ\u00f3mica, sexual, psicol\u00f3gica, dom\u00e9stica, laboral y\nmedi\u00e1tica), se\u00f1alan escritoras en un pronunciamiento en el que afirman buscamos\nsumar nuestras voces a las de otras muchas mujeres indignadas, a unos d\u00edas de\nla Marcha del 8 de marzo y del Paro Nacional de d\u00eda 9.<\/p>\n\n\n\n<p class=\"wp-block-paragraph\">En el Comunicado Escritoras Contra la Violencia de\nG\u00e9nero, marzo 2020, a la que suman a trav\u00e9s de la plataforma change.org y a la\nque esta ma\u00f1ana sumaban ya 881 firmas de novelistas, cuentistas, poetas, dramaturgas, ensayistas, guionistas,\ntraductoras, editoras, periodistas, columnistas, reporteras, directoras de\norquesta y de cine, actrices, sostienen que \u201cesta historia podr\u00eda ser la de cualquiera de nosotras,\nla de cualquier mujer:<\/p>\n\n\n\n<p class=\"wp-block-paragraph\">Cuando nac\u00ed, mi pap\u00e1 llor\u00f3 porque no fui hombre. Yo quer\u00eda karate, me\nmandaron al ballet.<\/p>\n\n\n\n<p class=\"wp-block-paragraph\">Al terminar de comer, yo ten\u00eda que levantar los platos de mi hermano.\nMi t\u00edo me bes\u00f3 en la boca, lo acus\u00e9 y me dijeron: no exageres.<\/p>\n\n\n\n<p class=\"wp-block-paragraph\">Un amigo de mi pap\u00e1 me manose\u00f3 y cuando lo cont\u00e9, nadie me crey\u00f3.\nHabl\u00e9 del abuso de mi abuelo, me ordenaron callar o destruir\u00eda a la familia. En\ncada puesto de peri\u00f3dicos, hab\u00eda fotos de mujeres desnudas.<\/p>\n\n\n\n<p class=\"wp-block-paragraph\">Me ense\u00f1aron que mi valor depend\u00eda de mi virginidad.<\/p>\n\n\n\n<p class=\"wp-block-paragraph\">Me puse minifalda; mis compa\u00f1eros y mis maestros me tacharon de zorra.\nNos encontraron bes\u00e1ndonos; \u00e9l se convirti\u00f3 en conquistador y yo, en puta.\nCuando le dije que estaba embarazada, contest\u00f3 que no era suyo.<\/p>\n\n\n\n<p class=\"wp-block-paragraph\">Para elegir carrera, me recomendaron que fuera compatible con el rol\nde esposa y madre. Al levantar la mano en el aula para debatir un punto, el\nprofesor siempre le daba la palabra a un hombre.<\/p>\n\n\n\n<p class=\"wp-block-paragraph\">Al subir al transporte p\u00fablico, ten\u00eda que cuidar mis pechos y nalgas.\nMi segundo novio me exigi\u00f3 mis contrase\u00f1as como prueba de amor. Cuando mi\ntercer novio supo que yo no era virgen, me cort\u00f3.<\/p>\n\n\n\n<p class=\"wp-block-paragraph\">En mi primera entrevista de trabajo, me preguntaron si me iba a casar\no planeaba tener hijos pronto.<\/p>\n\n\n\n<p class=\"wp-block-paragraph\">Me acost\u00e9 con un hombre la primera noche que salimos, lo presumi\u00f3 con\nsus amigos y jam\u00e1s me volvi\u00f3 a buscar.<\/p>\n\n\n\n<p class=\"wp-block-paragraph\">Aunque curs\u00e9 una maestr\u00eda en negocios, quien maneja la empresa\nfamiliar es mi hermano, que ni siquiera acab\u00f3 la preparatoria.<\/p>\n\n\n\n<p class=\"wp-block-paragraph\">Cuando se enferm\u00f3 mi mam\u00e1, tuve que renunciar a mi trabajo para\ncuidarla, pues mis hermanos varones no ten\u00edan tiempo.<\/p>\n\n\n\n<p class=\"wp-block-paragraph\">Si en las reuniones los hombres platicaban de pol\u00edtica o negocios,\ndesacreditaban mi opini\u00f3n.<\/p>\n\n\n\n<p class=\"wp-block-paragraph\">Siempre que manejaba, mi marido me criticaba y dec\u00eda: \u00a1Manejas como\nvieja! Al contar que me dedicaba al hogar, afirmaban: \u00a1Ah!, entonces no\ntrabajas.<\/p>\n\n\n\n<p class=\"wp-block-paragraph\">Entre mi padre, mis hermanos y mi esposo, se encargaron de desaparecer\nmi autoestima. Mi marido me prohib\u00eda tener amistades masculinas.<\/p>\n\n\n\n<p class=\"wp-block-paragraph\">Cuando mi jefe alab\u00f3 mi trabajo, mi marido sentenci\u00f3: Lo que le gusta\nson tus nalgas.<\/p>\n\n\n\n<p class=\"wp-block-paragraph\">La tarde en que mi esposo me peg\u00f3 por primera vez, me dio tanta\nverg\u00fcenza y tanta culpa, que no le cont\u00e9 a nadie.<\/p>\n\n\n\n<p class=\"wp-block-paragraph\">Cuando me corrieron, me enter\u00e9 que mi subordinado ganaba el doble que\nyo.<\/p>\n\n\n\n<p class=\"wp-block-paragraph\">Denunci\u00e9 a mi esposo por golpearme y en el ministerio p\u00fablico me\npreguntaron: \u00bfPara qu\u00e9 levanta una denuncia si ma\u00f1ana lo va a perdonar?<\/p>\n\n\n\n<p class=\"wp-block-paragraph\">Cuando discut\u00eda con un hombre, en lugar de argumentos, pronunciaba:\nEst\u00e1s en tus d\u00edas. Est\u00e1s menop\u00e1usica. Est\u00e1s mal cogida o eres una hist\u00e9rica.<\/p>\n\n\n\n<p class=\"wp-block-paragraph\">El pap\u00e1 de mis hijos me advirti\u00f3 al mes de casados: Yo no cambio\npa\u00f1ales. Si mis hijos se enfermaban, la que faltaba al trabajo era yo.<\/p>\n\n\n\n<p class=\"wp-block-paragraph\">Cuando me viol\u00f3 mi marido, el sacerdote sentenci\u00f3: Es tu deber\nconyugal.<\/p>\n\n\n\n<p class=\"wp-block-paragraph\">Ingres\u00e9 al hospital por tercera vez, golpeada, y el m\u00e9dico me\nrecomend\u00f3 no denunciar.<\/p>\n\n\n\n<p class=\"wp-block-paragraph\">En el momento en que quise regresar a mi profesi\u00f3n despu\u00e9s de haber\ncriado a mis hijos, me dijeron que no ten\u00eda la suficiente experiencia.<\/p>\n\n\n\n<p class=\"wp-block-paragraph\">Le ped\u00ed el divorcio a mi esposo: amenaz\u00f3 con quitarme a mis hijos y\ndejarme en la calle. Desde que me divorci\u00e9, fui rechazada por mi familia y mi\nentorno. Mi ex marido dej\u00f3 de mantener a sus hijos.<\/p>\n\n\n\n<p class=\"wp-block-paragraph\">Un d\u00eda not\u00e9 que mi ex marido me estaba siguiendo.<\/p>\n\n\n\n<p class=\"wp-block-paragraph\">Cuando mi ex esposo me mat\u00f3 a batazos, las autoridades no hicieron\nnada. Mi cuerpo y mi vida sexual fueron exhibidos en los medios, en el Twitter\nse preocuparon por los muros\u2026 y un asesino m\u00e1s, qued\u00f3 libre.<\/p>\n\n\n\n<p class=\"wp-block-paragraph\">Estos hechos tan\ncotidianos, que se repiten de generaci\u00f3n en generaci\u00f3n, son los que construyen\nuna cultura feminicida. Reescribamos estas historias desde sus inicios para que\nsigamos vivas.<\/p>\n\n\n\n<p class=\"wp-block-paragraph\">Las firmas por orden alfab\u00e9tico son de: Adela Jalife, Adela Micha, Adriana\nAbd\u00f3, Adriana D\u00edaz Enciso, Adriana Malvido, Alejandra Borja, Alejandra Calixto\nS\u00e1nchez, Alicia Garc\u00eda Bergua, Alicia Qui\u00f1ones, Aline Pettersson, Alma Paola\nWong, Alondra de la Parra, Amaya Blas, Ana \u00c1vila, Ana Clavel, Ana D\u00edaz, Ana\nFrancis Mor, Ana Garc\u00eda Bergua, Ana Goffin, Ana Lilia Cepeda, Ana Paula Rivas, Ana\nP\u00e9rez Galicia, Anamari Gom\u00eds, Anel P\u00e9rez, \u00c1ngeles Mastretta, Ang\u00e9lica Ponce, Antolina\nOrtiz, Arantxa Teller\u00eda, Ariela Katz Guggenheim, Armida Zepeda y Aurora Cano.<\/p>\n\n\n\n<p class=\"wp-block-paragraph\">As\u00ed como Beatriz\nGraf, Beatriz Espejo, Beatriz Rivas, Bertha Balestra, Betina Haiat, Blanca\nAnsoleaga, Blanca Luz Pulido, Brenda Legorreta, Brenda R\u00edos, Carla Faesler, Carmen\nBoullosa, Carmen Rioja, Cecilia Sotres, Claudia Espinoza Garc\u00eda, Claudia Wenzel,\nConcepci\u00f3n Peralta, Concha Le\u00f3n Portilla, Conchi Le\u00f3n, Consuelo S\u00e1izar, Cristina\nLiceaga y Cristina Rasc\u00f3n.<\/p>\n\n\n\n<p class=\"wp-block-paragraph\">Denise Dresser, Edna\nJaime, Eileen Truax, Elena Poniatowska, Elisa Buch, Eliza Puente, Elo\u00edna\nGaxiola, Elo\u00edsa Nava Rodr\u00edguez, Enzia Verduchi, Er\u00e9ndira Derbez Campos, Erma\nC\u00e1rdenas, Estela Pe\u00f1a Molatore, Esther Orozco, Esther Shabot, Ethel Krauze, Eugenia\nFalomir, Fabiana Num\u00e9rosky, Fabiola de la Fuente, Fernanda \u00c1lvarez, Fernanda\nFamiliar, Fernanda Tapia, Gabriela Fr\u00edas, Gabriela Retes, Gabriela Riveros, Gabriela\nRodrigo, Gabriela Rom\u00e1n, Gaby Vargas, Gisela Leal, Guadalupe Alonso Coratella, Guadalupe\nLoaeza, Guadalupe Vera.<\/p>\n\n\n\n<p class=\"wp-block-paragraph\">As\u00ed como In\u00e9s\nRecamier Wall, Irene Moreno, Irene Selser, Irma Gallo, Isabel Custodio, Ivett\nSalgado, Jacqueline Waisser, Jessica Raijman, Julia de la Fuente, Julia\nSantib\u00e1\u00f1ez, Julieta Lujambio, Karen Villeda, Karina Vargas, Karla Casillas, Kattya\nGuti\u00e9rrez Hern\u00e1nde, Kyra Galv\u00e1n, Laura Emilia Pacheco, Laura Vit, Liliana Blum,\nLinda Atach, Lourdes Zabalza, Lydia Cacho, Magali Tercero, Magdalena Carral y Margarita\nP\u00e9rez Cu\u00e9llar.<\/p>\n\n\n\n<p class=\"wp-block-paragraph\">Mar\u00eda Baranda, Mar\u00eda\nElena L\u00f3pez, Mar\u00eda Antonieta Barrag\u00e1n Lomel\u00ed, Mar\u00eda Teresa G\u00e9rard, Mar\u00eda G\u00f3mez\nScanlan, Marina Casta\u00f1eda, Marisol Gas\u00e9, Martha Carrillo, Martha Chapa, Michelle\nSolano, Mily Cohen, Miriam Morales Sanhueza, M\u00f3nica Braun, M\u00f3nica Castellanos, M\u00f3nica\nLav\u00edn, M\u00f3nica Perea, Myriam Moscona, M\u00f3nica Salm\u00f3n, Natalia Senosian, Nantzin\nSalda\u00f1a, Nayeli Rold\u00e1n, Nelia Someill\u00e1n, Nora Huerta, Norma Blanco Maasberg, Olivia\nAldrete, Paola Tinoco, Paloma Jim\u00e9nez, Paloma Cung Sulkin, Paloma Vivanco, Paulina\nVieitez, <\/p>\n\n\n\n<p class=\"wp-block-paragraph\">Raquel Castro, Rayo\nGuzm\u00e1n, Rebeca Orozco, Regina Kalach Atri, Regina Orozco, Rosa Beltr\u00e1n.<\/p>\n\n\n\n<p class=\"wp-block-paragraph\">Se han sumado\ntambi\u00e9n a esta iniciativa Roslyn Ison, Ruth Res\u00e9ndiz, Sabina Berman, Sandra\nFrid, Sandra Lorenzano, Sara Sefchovich, Silvia Cherem, Silvia Molina, Shoshana\nTurkia, Sof\u00eda Buzalli, Sophie Goldberg, Stella Cu\u00e9llar, Susana de Murga, Sylvia\nS\u00e1nchez Alc\u00e1ntara, Tal\u00eda Loaria, Tamara de Anda, Tamara Trottner, Tatiana\nMaillard, Tere Estrada, Valeria Matos, Ver\u00f3nica Flores, Ver\u00f3nica Llaca, Ver\u00f3nica\nMaza Bustamante, Ver\u00f3nica Murgu\u00eda, Ver\u00f3nica Ortiz Lawrenz, Victoria Dana, Ximena\nEscalante, Yeana Gonz\u00e1lez y Yuriria Sierra.<\/p>\n\n\n\n<p class=\"wp-block-paragraph\">Invitan adem\u00e1s a\nseguir sumando firmas en: <a href=\"https:\/\/bit.ly\/3aFcdmF\">https:\/\/bit.ly\/3aFcdmF<\/a><\/p>\n\n\n\n<p class=\"wp-block-paragraph\">SEM\/sj<\/p>\n","protected":false},"excerpt":{"rendered":"<p>Mediante frases cortas cuentan la Historia de un Feminicidio<\/p>\n","protected":false},"author":3,"featured_media":17758,"comment_status":"open","ping_status":"open","sticky":false,"template":"","format":"standard","meta":{"_monsterinsights_skip_tracking":false,"footnotes":""},"categories":[691,54],"tags":[],"class_list":["post-17757","post","type-post","status-publish","format-standard","has-post-thumbnail","category-691","category-mujeres"],"_links":{"self":[{"href":"https:\/\/redsemlac.com\/semmexico\/wp-json\/wp\/v2\/posts\/17757","targetHints":{"allow":["GET"]}}],"collection":[{"href":"https:\/\/redsemlac.com\/semmexico\/wp-json\/wp\/v2\/posts"}],"about":[{"href":"https:\/\/redsemlac.com\/semmexico\/wp-json\/wp\/v2\/types\/post"}],"author":[{"embeddable":true,"href":"https:\/\/redsemlac.com\/semmexico\/wp-json\/wp\/v2\/users\/3"}],"replies":[{"embeddable":true,"href":"https:\/\/redsemlac.com\/semmexico\/wp-json\/wp\/v2\/comments?post=17757"}],"version-history":[{"count":0,"href":"https:\/\/redsemlac.com\/semmexico\/wp-json\/wp\/v2\/posts\/17757\/revisions"}],"wp:featuredmedia":[{"embeddable":true,"href":"https:\/\/redsemlac.com\/semmexico\/wp-json\/wp\/v2\/media\/17758"}],"wp:attachment":[{"href":"https:\/\/redsemlac.com\/semmexico\/wp-json\/wp\/v2\/media?parent=17757"}],"wp:term":[{"taxonomy":"category","embeddable":true,"href":"https:\/\/redsemlac.com\/semmexico\/wp-json\/wp\/v2\/categories?post=17757"},{"taxonomy":"post_tag","embeddable":true,"href":"https:\/\/redsemlac.com\/semmexico\/wp-json\/wp\/v2\/tags?post=17757"}],"curies":[{"name":"wp","href":"https:\/\/api.w.org\/{rel}","templated":true}]}}