{"id":17549,"date":"2020-03-02T21:18:31","date_gmt":"2020-03-02T21:18:31","guid":{"rendered":"https:\/\/redsemlac.com\/semmexico\/?p=17549"},"modified":"2023-07-21T15:21:09","modified_gmt":"2023-07-21T20:21:09","slug":"van-21-meses-sin-justiciaparasol","status":"publish","type":"post","link":"https:\/\/redsemlac.com\/semmexico\/van-21-meses-sin-justiciaparasol\/","title":{"rendered":"Van 21 meses sin #JusticiaParaSol"},"content":{"rendered":"\n<p class=\"wp-block-paragraph\"><strong>* La impunidad impera en las\ninstituciones<\/strong><\/p>\n\n\n\n<p class=\"wp-block-paragraph\"><strong>* \u201cM\u00e1s de un a\u00f1o despu\u00e9s nada se\nacomoda\u201d<\/strong><\/p>\n\n\n\n<p class=\"wp-block-paragraph\"><strong>Evlin Arag\u00f3n<\/strong><\/p>\n\n\n\n<p class=\"wp-block-paragraph\">SemM\u00e9xico\/Zona\nRoja, Oaxaca, 2 de marzo 2020.- Este lunes de cumplen 21 meses del asesinato de\nla fotoperiodista Mar\u00eda del Sol Cruz Jarqu\u00edn, para quien la justicia no ha\nllegado, pese a la insistencia de la familia de la joven encabezada por la\nreconocida periodista Soledad Jarqu\u00edn \u00c9dgar, con el respaldo de decenas de\nactivistas en varias partes del mundo.<\/p>\n\n\n\n<p class=\"wp-block-paragraph\">El\nproceso lento y tortuoso ha sido una constante, refiere la periodista en un\nextenso testimonio que forma parte del informe de violencia g\u00e9nero y feminicida\nen Oaxaca, realizado de forma anual por Consorcio Oaxaca.<\/p>\n\n\n\n<p class=\"wp-block-paragraph\">\u201cM\u00e1s\nde un a\u00f1o despu\u00e9s nada se acomoda. Hay pedazos de la vida que no logran\njuntarse. El espacio f\u00edsico se movi\u00f3 con furia, sigue desordenado, hace falta\nsu sonrisa, su alegr\u00eda casi permanente, sus cuestionamientos constantes, su\nindignaci\u00f3n frente a la injusticia, hay desequilibrio por su ausencia que no se\nentiende, que no se cree\u201d, se puede leer como parte de un relata \u00edntimo y\ndesgarrador.<\/p>\n\n\n\n<p class=\"wp-block-paragraph\">\u201cHasta\nque la justicia llegue\u201d es un relato en el que Jarqu\u00edn \u00c9dgar narra c\u00f3mo se\nenter\u00f3 del asesinato de la menor de sus hijas y como desde el 2 de junio del\n2018 \u2013que sucedieron los hechos- ha encabezado una lucha para obtener justicia\nque no termina de llegar a su fin debido a la falta de oficio, insensibilidad,\ncorrupci\u00f3n y obstrucci\u00f3n de la justicia de las autoridades estatales\nencabezadas por la Fiscal\u00eda General de Oaxaca.<\/p>\n\n\n\n<p class=\"wp-block-paragraph\">\u201cLa\nb\u00fasqueda de la justicia parece inalcanzable, una pared que nada atraviesa, una\ncircunstancia que suena vulgar por la respuesta, la oscuridad de las palabras\nque se vuelven agua sucia, remolinos de viento que levantan basura y que dejan\nal descubierto la insensible actuaci\u00f3n de quienes no responde, de quienes se\nenvuelven en la raz\u00f3n que les da el dominio, el poder, la fuerza deshumana\u201d,\nrefiere.<\/p>\n\n\n\n<p class=\"wp-block-paragraph\">La\nfalta de justicia en el caso, incluye la complicidad de las autoridades\nestatales, ya que uno de los ex colaboradores del gobernador de Oaxaca\nAlejandro Murat, est\u00e1 involucrado.<\/p>\n\n\n\n<p class=\"wp-block-paragraph\">Se\ntrata de Francisco Montero, quien se desempe\u00f1aba como titular de la Secretar\u00eda\nde Asuntos Ind\u00edgenas, quien oblig\u00f3 a Mar\u00eda del Sol a cubrir la campa\u00f1a pol\u00edtica\nde su hermano Hageo, que buscaba la presidencia municipal de Juchit\u00e1n de\nZaragoza.<\/p>\n\n\n\n<p class=\"wp-block-paragraph\">Dicha\ncomplicidad se ha convertido en impunidad puesto que, pese a las constantes\nmanifestaciones para exigir justicia y las resoluciones generadas a nivel\nfederal, la detenci\u00f3n de los autores materiales e intelectuales, as\u00ed como las\nsanciones para los funcionarios que incurrieron en actos delictivos no han sido\naplicadas.<\/p>\n\n\n\n<p class=\"wp-block-paragraph\">\u201cMar\u00eda\ndel Sol no deb\u00eda estar en Juchit\u00e1n, pero ah\u00ed estaba, obligada para cumplir una\ntarea que no le correspond\u00eda, pero que respond\u00eda a la ambici\u00f3n de poder de\notras personas, de los Montero L\u00f3pez. Ambos buscaban consolidar el cacicazgo de\nsu padre, Porfirio Montero, un pol\u00edtico, un empresario y un pastor evang\u00e9lico,\nni un clavo suelto, la forma rapaz de pasar por encima de todo, incluso de la\nvida de otras personas\u201d, pone de manifiesto en el relato.<\/p>\n\n\n\n<p class=\"wp-block-paragraph\"><strong>Cubren impunidad oficial<\/strong><\/p>\n\n\n\n<p class=\"wp-block-paragraph\">Tres\ndelitos son los que tiene pendientes las autoridades estatales de sancionar: el\nfeminicidio de Mar\u00eda del Sol, el delito electoral cometido por Francisco\nMontero y el robo de sus pertenencias tras el ataque que le arrebato la vida.<\/p>\n\n\n\n<p class=\"wp-block-paragraph\">La\nfiscal Especializada en Delitos Electorales, Araceli Pinelo L\u00f3pez, declar\u00f3 que\nla carpeta de investigaci\u00f3n estaba concluida y lista para su judializaci\u00f3n desde\nagosto del 2018, lo que finalmente sucedi\u00f3 en diciembre de 2019, 16 meses\ndespu\u00e9s.<\/p>\n\n\n\n<p class=\"wp-block-paragraph\">Sin\nembargo, ha pesado m\u00e1s la relaci\u00f3n existente entre las autoridades que las\npruebas presentadas que han sustentado la responsabilidad de los hermanos\nMontero.<\/p>\n\n\n\n<p class=\"wp-block-paragraph\">Soledad\nJarqu\u00edn deja al descubierto la obstrucci\u00f3n de la justicia, que se hace m\u00e1s que\nevidente al no dar cumplimiento a las sentencias de los Tribunales Electorales\nque se\u00f1alan la responsabilidad de los hermanos Montero en la comisi\u00f3n de\ndelitos, por lo que ha solicitado el pago de una multa y la sanci\u00f3n de quien\nfuera funcionario de la administraci\u00f3n de Alejandro Murat.<\/p>\n\n\n\n<p class=\"wp-block-paragraph\">\u201cExisten\nelementos suficientes, pero no ha sucedido nada concreto, lo que revela una\nactuaci\u00f3n omisa por parte de la Fiscal\u00eda Especializada en Delito Electoral, que\ntendr\u00eda que ser considerada como obstrucci\u00f3n de la justicia en franca\nprotecci\u00f3n a los hermanos Montero L\u00f3pez, uno de los cuales es regidor en\nJuchit\u00e1n\u201d, expone.<\/p>\n\n\n\n<p class=\"wp-block-paragraph\">De\nacuerdo con la reconocida periodista, la obstrucci\u00f3n de la justicia por parte\nde las propias instituciones es una constante para las familias mexicanas que\nse enfrentan a un hecho similar, en el que la violencia de g\u00e9nero y feminicida\nles arrebata la vida a las mujeres, sin embargo, asegura como en muchas otras\nocasiones que no descansar\u00e1 hasta encontrar \u201cJusticia para Sol\u201d.&nbsp;<\/p>\n\n\n\n<p class=\"wp-block-paragraph\">SEM-ZonaRoja\/ea<\/p>\n","protected":false},"excerpt":{"rendered":"<p>La impunidad impera en las instituciones<\/p>\n","protected":false},"author":3,"featured_media":17550,"comment_status":"open","ping_status":"open","sticky":false,"template":"","format":"standard","meta":{"_monsterinsights_skip_tracking":false,"footnotes":""},"categories":[691,47,48],"tags":[],"class_list":["post-17549","post","type-post","status-publish","format-standard","has-post-thumbnail","category-691","category-no-mas-impunidad","category-no-mas-impunidad-no-mas-impunidad"],"_links":{"self":[{"href":"https:\/\/redsemlac.com\/semmexico\/wp-json\/wp\/v2\/posts\/17549","targetHints":{"allow":["GET"]}}],"collection":[{"href":"https:\/\/redsemlac.com\/semmexico\/wp-json\/wp\/v2\/posts"}],"about":[{"href":"https:\/\/redsemlac.com\/semmexico\/wp-json\/wp\/v2\/types\/post"}],"author":[{"embeddable":true,"href":"https:\/\/redsemlac.com\/semmexico\/wp-json\/wp\/v2\/users\/3"}],"replies":[{"embeddable":true,"href":"https:\/\/redsemlac.com\/semmexico\/wp-json\/wp\/v2\/comments?post=17549"}],"version-history":[{"count":0,"href":"https:\/\/redsemlac.com\/semmexico\/wp-json\/wp\/v2\/posts\/17549\/revisions"}],"wp:featuredmedia":[{"embeddable":true,"href":"https:\/\/redsemlac.com\/semmexico\/wp-json\/wp\/v2\/media\/17550"}],"wp:attachment":[{"href":"https:\/\/redsemlac.com\/semmexico\/wp-json\/wp\/v2\/media?parent=17549"}],"wp:term":[{"taxonomy":"category","embeddable":true,"href":"https:\/\/redsemlac.com\/semmexico\/wp-json\/wp\/v2\/categories?post=17549"},{"taxonomy":"post_tag","embeddable":true,"href":"https:\/\/redsemlac.com\/semmexico\/wp-json\/wp\/v2\/tags?post=17549"}],"curies":[{"name":"wp","href":"https:\/\/api.w.org\/{rel}","templated":true}]}}