{"id":17546,"date":"2020-03-02T21:15:54","date_gmt":"2020-03-02T21:15:54","guid":{"rendered":"https:\/\/redsemlac.com\/semmexico\/?p=17546"},"modified":"2023-07-21T15:21:10","modified_gmt":"2023-07-21T20:21:10","slug":"llegan-a-oaxaca-los-cuerpos-de-tres-mujeres-migrantes","status":"publish","type":"post","link":"https:\/\/redsemlac.com\/semmexico\/llegan-a-oaxaca-los-cuerpos-de-tres-mujeres-migrantes\/","title":{"rendered":"Llegan a Oaxaca los cuerpos de tres mujeres migrantes"},"content":{"rendered":"\n<p class=\"wp-block-paragraph\"><strong>* Murieron en su intento de cruzar la\nfrontera hacia EE.UU.<\/strong><\/p>\n\n\n\n<p class=\"wp-block-paragraph\"><strong>* En el a\u00f1o han ocurrido cinco casos\nsemejantes<\/strong><\/p>\n\n\n\n<p class=\"wp-block-paragraph\"><strong>Patricia Brise\u00f1o<\/strong><\/p>\n\n\n\n<p class=\"wp-block-paragraph\">SemM\u00e9xico,\nOaxaca, 2 de marzo 2020.- Los restos mortuorios de tres mujeres migrantes que\nperdieron la vida en su intento por cruzar la frontera de M\u00e9xico con Estados\nUnidos, llegaron ayer domingo al aeropuerto de la ciudad de Oaxaca; lo que\neleva a cinco oaxaque\u00f1os muertos en este a\u00f1o por circunstancias similares.<\/p>\n\n\n\n<p class=\"wp-block-paragraph\">Se trata de Paula, Margarita y Juana de 29, 33 y 35 a\u00f1os de edad, respectivamente, originarias de la comunidad El Jicaral, en el municipio de Coicoy\u00e1n de las Flores, quienes fallecieron el pasado 10 de febrero, en Mount Laguna, Condado de San Diego California.<\/p>\n\n\n\n<p class=\"wp-block-paragraph\">Aida\nRu\u00edz Garc\u00eda, directora general del Instituto Oaxaque\u00f1o de Atenci\u00f3n al Migrante\n(IOAM) precis\u00f3 que la dependencia a su cargo intervino a solicitud de la\nfamilia de las v\u00edctimas, realiz\u00f3 el apoyo y tr\u00e1mites correspondientes ante el\nConsulado Mexicano en San Diego, California, a fin de repatriar los restos de\nlas connacionales.<\/p>\n\n\n\n<p class=\"wp-block-paragraph\">Resalt\u00f3\nque la Secretar\u00eda de Relaciones Exteriores pag\u00f3 los gastos del traslado desde\nEstados Unidos a la ciudad de Oaxaca, mientras que el Gobierno estatal cubrir\u00e1\nel transporte de los cuerpos a su comunidad mixteca.<\/p>\n\n\n\n<p class=\"wp-block-paragraph\">Inform\u00f3\nque en el presente a\u00f1o ha gestionada el traslado de 39 migrantes oaxaque\u00f1os\nfallecidos, de los cuales, cinco murieron en su intento por cruzar la frontera\nde nuestro pa\u00eds con la Uni\u00f3n Americana.<\/p>\n\n\n\n<p class=\"wp-block-paragraph\">El\na\u00f1o pasado, dijo, la dependencia contabiliz\u00f3 10 muertes por esta causa, de un\ntotal de 174 migrantes oaxaque\u00f1os; casos en los que intervino por el traslado\nde cad\u00e1veres.<\/p>\n\n\n\n<p class=\"wp-block-paragraph\">Asegur\u00f3\nque el IOAM se coordina con autoridades municipales e instituciones educativas,\na fin de impartir pl\u00e1ticas a j\u00f3venes oaxaque\u00f1os sobre los principales riegos de\nla migraci\u00f3n.<\/p>\n\n\n\n<p class=\"wp-block-paragraph\">\u201cNosotros\nestamos reforzando en las comunidades los talleres de riesgos en la migraci\u00f3n,\nporque quienes m\u00e1s quieren irse de indocumentados son los j\u00f3venes, una vez que\nconcluyen el bachillerato\u201d, termin\u00f3.<\/p>\n\n\n\n<p class=\"wp-block-paragraph\">SEM\/pb\/sj<\/p>\n","protected":false},"excerpt":{"rendered":"<p>En el a\u00f1o han ocurrido cinco casos semejantes<\/p>\n","protected":false},"author":3,"featured_media":17547,"comment_status":"open","ping_status":"open","sticky":false,"template":"","format":"standard","meta":{"_monsterinsights_skip_tracking":false,"footnotes":""},"categories":[691,51],"tags":[],"class_list":["post-17546","post","type-post","status-publish","format-standard","has-post-thumbnail","category-691","category-ejecutivo"],"_links":{"self":[{"href":"https:\/\/redsemlac.com\/semmexico\/wp-json\/wp\/v2\/posts\/17546","targetHints":{"allow":["GET"]}}],"collection":[{"href":"https:\/\/redsemlac.com\/semmexico\/wp-json\/wp\/v2\/posts"}],"about":[{"href":"https:\/\/redsemlac.com\/semmexico\/wp-json\/wp\/v2\/types\/post"}],"author":[{"embeddable":true,"href":"https:\/\/redsemlac.com\/semmexico\/wp-json\/wp\/v2\/users\/3"}],"replies":[{"embeddable":true,"href":"https:\/\/redsemlac.com\/semmexico\/wp-json\/wp\/v2\/comments?post=17546"}],"version-history":[{"count":0,"href":"https:\/\/redsemlac.com\/semmexico\/wp-json\/wp\/v2\/posts\/17546\/revisions"}],"wp:featuredmedia":[{"embeddable":true,"href":"https:\/\/redsemlac.com\/semmexico\/wp-json\/wp\/v2\/media\/17547"}],"wp:attachment":[{"href":"https:\/\/redsemlac.com\/semmexico\/wp-json\/wp\/v2\/media?parent=17546"}],"wp:term":[{"taxonomy":"category","embeddable":true,"href":"https:\/\/redsemlac.com\/semmexico\/wp-json\/wp\/v2\/categories?post=17546"},{"taxonomy":"post_tag","embeddable":true,"href":"https:\/\/redsemlac.com\/semmexico\/wp-json\/wp\/v2\/tags?post=17546"}],"curies":[{"name":"wp","href":"https:\/\/api.w.org\/{rel}","templated":true}]}}