{"id":17543,"date":"2020-03-02T19:20:59","date_gmt":"2020-03-02T19:20:59","guid":{"rendered":"https:\/\/redsemlac.com\/semmexico\/?p=17543"},"modified":"2023-07-21T15:21:10","modified_gmt":"2023-07-21T20:21:10","slug":"gobiernos-deben-sumarse-a-la-atencion-de-victimas-de-trata","status":"publish","type":"post","link":"https:\/\/redsemlac.com\/semmexico\/gobiernos-deben-sumarse-a-la-atencion-de-victimas-de-trata\/","title":{"rendered":"Gobiernos deben sumarse a la atenci\u00f3n de v\u00edctimas de trata"},"content":{"rendered":"\n<p class=\"wp-block-paragraph\"><strong>* Los refugios enfrenta la ausencia e\ninacci\u00f3n de los tres niveles de gobierno<\/strong><\/p>\n\n\n\n<p class=\"wp-block-paragraph\"><strong>* Realizan en el Senado Foro y analizan\nla problem\u00e1tica de atenci\u00f3n y prevenci\u00f3n<\/strong><\/p>\n\n\n\n<p class=\"wp-block-paragraph\"><strong>Elda Montiel <\/strong><\/p>\n\n\n\n<p class=\"wp-block-paragraph\">SemM\u00e9xico, Cd. de M\u00e9xico, 2 de marzo 2020.- Los refugios para las\npersonas que han sido v\u00edctimas de trata se convierten en una oportunidad para\nlas v\u00edctimas donde pueden sanar sus heridas y reincorporarse a sus actividades\ncotidianas, se\u00f1al\u00f3 la senadora Nancy de la Sierra.<\/p>\n\n\n\n<p class=\"wp-block-paragraph\">Durante el Foro Refugios para v\u00edctimas de trata de personas: Modelo de\nAtenci\u00f3n Integral, realizado en el Senado de la Rep\u00fablica, en la que\nparticiparon legisladores y legisladoras, as\u00ed como representantes de la\nsociedad civil e integrantes del funcionariado de distintos estados del pa\u00eds.<\/p>\n\n\n\n<p class=\"wp-block-paragraph\">De la Sierra sostuvo que los centros de atenci\u00f3n integral para\nv\u00edctimas de trata son operados por organizaciones de la sociedad civil, ante la\nausencia e inacci\u00f3n de los Estados, y llam\u00f3 a la colaboraci\u00f3n de los tres\nniveles de gobierno en el adecuado seguimiento a la atenci\u00f3n de las v\u00edctimas de\neste delito.<\/p>\n\n\n\n<p class=\"wp-block-paragraph\">La senadora del Partido del Trabajo llam\u00f3 a fortalecer el trabajo\nentre autoridades de Puebla y Tlaxcala para prevenir el delito y atender a\nquienes han sido v\u00edctimas de la trata.<\/p>\n\n\n\n<p class=\"wp-block-paragraph\">Tambi\u00e9n demand\u00f3 que la sociedad en general est\u00e9 pendiente de las\nj\u00f3venes. Dijo que al menos una de cada cinco j\u00f3venes es captada por estas redes\ndelincuenciales a trav\u00e9s de las redes sociales.<\/p>\n\n\n\n<p class=\"wp-block-paragraph\">Asistieron al foro las y los senadores Kenia L\u00f3pez Rabad\u00e1n, Manuel\nA\u00f1orve Ba\u00f1os y Juan Manuel F\u00f3cil P\u00e9rez; asi como los Fiscales generales de\nMorelos, Oaxaca y Tlaxcala, Uriel Carmona G\u00e1ndara, Rub\u00e9n Vasconcelos M\u00e9ndez y\nJos\u00e9 Antonio Aquiahuat S\u00e1nchez, as\u00ed como Guillermina Cabrera Figueroa, Fiscal\nEspecial de Trata de Personas del Estado de M\u00e9xico.<\/p>\n\n\n\n<p class=\"wp-block-paragraph\">As\u00ed como Rosi Orozco, presidenta de la Comisi\u00f3n Unid@s Vs Trata\nAsociaci\u00f3n Civil; Antonio Gast\u00f3n Ram\u00edrez, de la Subprocuradur\u00eda Especializada\nen Investigaci\u00f3n de Delincuencia Organizada y Felipe De La Torre, Oficial de\nInformaci\u00f3n P\u00fablica de la Oficina de las Naciones Unidas contra la Droga y el\nDelito.<\/p>\n","protected":false},"excerpt":{"rendered":"<p>Realizan en el Senado Foro y analizan la problem\u00e1tica de atenci\u00f3n y prevenci\u00f3n<\/p>\n","protected":false},"author":3,"featured_media":17544,"comment_status":"open","ping_status":"open","sticky":false,"template":"","format":"standard","meta":{"_monsterinsights_skip_tracking":false,"footnotes":""},"categories":[691,50],"tags":[],"class_list":["post-17543","post","type-post","status-publish","format-standard","has-post-thumbnail","category-691","category-congreso"],"_links":{"self":[{"href":"https:\/\/redsemlac.com\/semmexico\/wp-json\/wp\/v2\/posts\/17543","targetHints":{"allow":["GET"]}}],"collection":[{"href":"https:\/\/redsemlac.com\/semmexico\/wp-json\/wp\/v2\/posts"}],"about":[{"href":"https:\/\/redsemlac.com\/semmexico\/wp-json\/wp\/v2\/types\/post"}],"author":[{"embeddable":true,"href":"https:\/\/redsemlac.com\/semmexico\/wp-json\/wp\/v2\/users\/3"}],"replies":[{"embeddable":true,"href":"https:\/\/redsemlac.com\/semmexico\/wp-json\/wp\/v2\/comments?post=17543"}],"version-history":[{"count":0,"href":"https:\/\/redsemlac.com\/semmexico\/wp-json\/wp\/v2\/posts\/17543\/revisions"}],"wp:featuredmedia":[{"embeddable":true,"href":"https:\/\/redsemlac.com\/semmexico\/wp-json\/wp\/v2\/media\/17544"}],"wp:attachment":[{"href":"https:\/\/redsemlac.com\/semmexico\/wp-json\/wp\/v2\/media?parent=17543"}],"wp:term":[{"taxonomy":"category","embeddable":true,"href":"https:\/\/redsemlac.com\/semmexico\/wp-json\/wp\/v2\/categories?post=17543"},{"taxonomy":"post_tag","embeddable":true,"href":"https:\/\/redsemlac.com\/semmexico\/wp-json\/wp\/v2\/tags?post=17543"}],"curies":[{"name":"wp","href":"https:\/\/api.w.org\/{rel}","templated":true}]}}