{"id":17539,"date":"2020-03-02T19:03:30","date_gmt":"2020-03-02T19:03:30","guid":{"rendered":"https:\/\/redsemlac.com\/semmexico\/?p=17539"},"modified":"2023-07-21T15:21:10","modified_gmt":"2023-07-21T20:21:10","slug":"veracruz-46","status":"publish","type":"post","link":"https:\/\/redsemlac.com\/semmexico\/veracruz-46\/","title":{"rendered":"Buscadoras desplazadas, obligadas a estar lejos de la verdad y de la justicia"},"content":{"rendered":"\n<p class=\"wp-block-paragraph\"><strong>* La impunidad sigue, la violencia es contra\nellas, nada funciona<\/strong><\/p>\n\n\n\n<p class=\"wp-block-paragraph\"><strong>* Elba v\u00edctimas de violencia sexual, deso\u00edda\npor la FGR<\/strong><\/p>\n\n\n\n<p class=\"wp-block-paragraph\"><strong>Ana Alicia Osorio<\/strong><\/p>\n\n\n\n<p class=\"wp-block-paragraph\">SemM\u00e9xico\/Testigo\nP\u00farpura, Veracruz, 2 de marzo 2020.- La impunidad provoc\u00f3 que Elba fuera\nagredida sexualmente por seis hombres. La falta de acci\u00f3n de los gobiernos para\nbuscar a su hijo, llevaron a que tuviera que irse de su casa, su tierra, su\nciudad. <\/p>\n\n\n\n<p class=\"wp-block-paragraph\">Desde\nque su hijo, Bryan de Jes\u00fas, desapareci\u00f3 en 2016 ha sido ella, como cientos de\nmadres y padres de personas desaparecidas, quien ha tenido que hacer el trabajo\nde b\u00fasqueda que le tocar\u00eda al Estado y ha sido ella quien ha tenido que\nenfrentar la violencia una y otra vez. <\/p>\n\n\n\n<p class=\"wp-block-paragraph\">\u201cEmpiezo\na buscar en donde deb\u00eda y donde no deb\u00eda (\u2026) fui, me vendaron los ojos, yo\nsent\u00ed que dieron muchas vueltas, pero yo escuchaba que dec\u00edan elotes y m\u00e1s\ntarde lo volv\u00eda a escuchar y yo sent\u00eda que hab\u00eda avanzado mucho (\u2026) ese grito\nlo traigo a\u00fan\u201d, cont\u00f3 sobre el d\u00eda en que se entrevist\u00f3 con integrantes de la\ndelincuencia organizada con la esperanza de que le dieran una pista para poder\nvolver a verlo. <\/p>\n\n\n\n<p class=\"wp-block-paragraph\">\u201cMe par\u00e9\nfrente a un hombre que ten\u00eda una gorra (\u2026) me golpe\u00f3 muy feo, me pate\u00f3 muy feo\n&#8211; silencio-&nbsp; me violaron seis hombres\n-llora, silencio- no me dijeron nada &#8211; llora y pronuncia palabras que no se le\npueden entender-.<\/p>\n\n\n\n<p class=\"wp-block-paragraph\">Ella\ndecidi\u00f3 ir sola a ese encuentro tras pedir y observar a las personas de la\ndelincuencia organizada que operaban en Poza Rica, pues se convenci\u00f3 de que si\nella no es quien busca a su hijo nadie lo har\u00e1 ya que tan solo para presentar\nla denuncia ante la entonces Procuradur\u00eda General de la Rep\u00fablica tuvo que\nacampar 15 d\u00edas en Ciudad de M\u00e9xico pues nadie se la quer\u00eda recibir. De buscarlo\nni hablar. <\/p>\n\n\n\n<p class=\"wp-block-paragraph\">Despu\u00e9s\nde la violencia sexual le pidieron 100 mil pesos para darle los datos sobre su\nhijo. Remat\u00f3 su casa, le quitaron el dinero. No obtuvo ninguna informaci\u00f3n\nsobre el paradero de Bryan de Jes\u00fas a quien seg\u00fan las pistas se lo llev\u00f3 una camioneta\nde la Fuerza Civil- instituci\u00f3n policial de \u00e9lite-. <\/p>\n\n\n\n<p class=\"wp-block-paragraph\">Elba,\na\u00fan con la violencia que vivi\u00f3 y las amenazas, se negaba a irse y ser parte de\nlas mujeres que viven un desplazamiento forzado, que seg\u00fan la Comisi\u00f3n Mexicana\nde Defensa y Promoci\u00f3n de los Derechos Humanos considera que se presenta cuando\nlas personas deben migrar debido a la violencia, violaciones a derechos humanos\ny algunos otros factores. <\/p>\n\n\n\n<p class=\"wp-block-paragraph\">De la\nviolencia sexual no present\u00f3 denuncia, solo una ampliaci\u00f3n a la carpeta de\ninvestigaci\u00f3n de desaparici\u00f3n de su hijo. Nada m\u00e1s.<\/p>\n\n\n\n<p class=\"wp-block-paragraph\">\u201cEn ese\nentonces estaba la guerra de los carteles y busqu\u00e9 por otro lado, fue lo mismo\ncon la diferencia que me dijeron que me iban a visitar a mi casa y lo hicieron\n(\u2026) fui a ampliar mi declaraci\u00f3n, me dijeron que si estaba segura, que como\neran los hombres, que qu\u00e9 arma ten\u00eda, que si yo andaba provocando\u201d, narr\u00f3. <\/p>\n\n\n\n<p class=\"wp-block-paragraph\">Las\nmedidas de protecci\u00f3n del Mecanismo de Protecci\u00f3n a Defensores de Derechos\nHumanos y Periodistas no sirvieron para protegerla, por lo que decidi\u00f3 irse unos\nmeses y regresar a la ciudad donde su hijo desapareci\u00f3 solo para volver a ser\nviolentada, de nuevo, por grupos armados que le advirtieron dejara de buscar y,\nde nuevo, por la propia polic\u00eda. <\/p>\n\n\n\n<p class=\"wp-block-paragraph\">\u201cSe par\u00f3\nuna patrulla \u2018nena donde vamos\u2019 y mi hijo le dice \u2018qu\u00e9 le pasa, no le falte al\nrespeto a mi mam\u00e1\u2019 \u2018te mandan saludos de all\u00e1 del cuarto oscuro\u2019 &#8211; llora- tengo\nel n\u00famero de patrulla, pero ese d\u00eda esa patrulla no estaba de guardia seg\u00fan el\nreporte, no hay nadie con las caracter\u00edsticas, entonces dije que aunque tengo\nmedidas emergentes no me sirven de nada\u201d.<\/p>\n\n\n\n<figure class=\"wp-block-image size-large\"><img decoding=\"async\" src=\"https:\/\/redsemlac.com\/semmexico\/wp-content\/uploads\/2020\/03\/BUSCADORAS-1-1024x683.jpg\" alt=\"\" class=\"wp-image-17540\"\/><\/figure>\n\n\n\n<p class=\"wp-block-paragraph\">Las\npistas, seg\u00fan lo que ella misma ha investigado, se\u00f1alan que fue justamente\nelementos de Seguridad P\u00fablica &#8211; Fuerza Civil- quienes desaparecieron a su\nhijo. Por eso cuando recibi\u00f3 esa amenaza decidi\u00f3 que para continuar la b\u00fasqueda\nten\u00eda que irse del estado y buscar a la distancia. <\/p>\n\n\n\n<p class=\"wp-block-paragraph\">Las\nmujeres tienen mayor riesgo de convertirse en desplazadas porque sufren\ndesproporcionadamente las violencias que existen en el pa\u00eds, seg\u00fan el informe\nde la Comisi\u00f3n Nacional de Derechos Humanos Desplazamiento interno por\nviolencia en M\u00e9xico. Eso es justamente lo que le pas\u00f3 a Elba, ha vivido la\nviolencia en carne propia una y otra vez. <\/p>\n\n\n\n<p class=\"wp-block-paragraph\">El\ninforme impacto del desplazamiento forzado sobre las mujeres en Colombia se\u00f1ala\nque lo viven las mujeres desplazadas, tanto las razones para irse como al estar\nen otros sitios, es distinto a los hombres y menos investigado; es decir, viven\notros tipos de violencia de g\u00e9nero, esa que ha desatado movilizaciones en los\n\u00faltimos meses. <\/p>\n\n\n\n<p class=\"wp-block-paragraph\"><strong>Las desventajas de la distancia <\/strong><\/p>\n\n\n\n<p class=\"wp-block-paragraph\">Para\nElba la distancia no ha sido f\u00e1cil. Le cost\u00f3 que la Fiscal que llevaba su caso\nen la Fiscal\u00eda General del Estado no hiciera un solo documento durante un a\u00f1o,\nni qu\u00e9 decir de las b\u00fasquedas. Por eso ya present\u00f3 una queja ante la Comisi\u00f3n\nEstatal de Derechos Humanos y cambiaron el expediente de persona.<\/p>\n\n\n\n<p class=\"wp-block-paragraph\">\u201cTengo\nuna queja contra de ella, por mal funcionaria porque en ese a\u00f1o que no hizo\nnada pudo haber localizado a mi hijo (\u2026) por no estar aqu\u00ed no hab\u00eda nada, no\nllevaba nada\u201d, cont\u00f3. <\/p>\n\n\n\n<p class=\"wp-block-paragraph\">Elba no\nes la \u00fanica que ha vivido una situaci\u00f3n similar, pues, aunque no existe una\ncifra oficial tan solo en los colectivos de b\u00fasqueda de personas desaparecidas\nson muchas las historias de mujeres &#8211; y algunos hombres- que han tenido que migrar\npor la violencia que se enfrentan al buscar.<\/p>\n\n\n\n<p class=\"wp-block-paragraph\">La\nComisi\u00f3n Mexicana de Defensa y Promoci\u00f3n de los Derechos Humanos document\u00f3 que\nen Veracruz hay una queja ante la CEDH por desplazamiento forzado, pero no da\nm\u00e1s detalles al respecto. <\/p>\n\n\n\n<p class=\"wp-block-paragraph\">Sin\nembargo, tambi\u00e9n se\u00f1ala que no existe una legislaci\u00f3n acorde a la situaci\u00f3n de\ndesplazamientos forzados que viven las personas en el pa\u00eds, aunque la Ley de\nV\u00edctimas s\u00ed incluye atenci\u00f3n como psicol\u00f3gica, m\u00e9dica y algunas otras acciones;\nseg\u00fan la Comisi\u00f3n resulta insuficiente. <\/p>\n\n\n\n<p class=\"wp-block-paragraph\"><strong>Regresar a buscar <\/strong><\/p>\n\n\n\n<p class=\"wp-block-paragraph\">Cuando a\nLidia le desaparecieron a su hija Marion, tambi\u00e9n le quitaron la oportunidad de\nvivir en la casa donde su hija creci\u00f3, la ciudad donde habitaba desde chica,\ntodo lo que conoc\u00eda. <\/p>\n\n\n\n<p class=\"wp-block-paragraph\">Para\npoder buscar a su hija, la m\u00e1s peque\u00f1a, desaparecida en Poza Rica el 14 de\nenero del 2011, ella y su familia tuvieron que tomar la decisi\u00f3n de irse del\nestado de Veracruz. <\/p>\n\n\n\n<p class=\"wp-block-paragraph\">El\nriesgo de seguir viviendo en su casa era muy alto, pues sus propias\ninvestigaciones encontraron que el caso estaba ligado a la delincuencia\norganizada.&nbsp; <\/p>\n\n\n\n<p class=\"wp-block-paragraph\">\u201cTomamos\nesa decisi\u00f3n en familia de que era mejor que si yo me iba a adentrar m\u00e1s a las\ninvestigaciones y a lo mejor iba a salir muchos nombres, entonces que era\nnecesario para poder hacerlo, sino muchas investigaciones no se iban a poder\nhacer por miedo (\u2026) si yo quer\u00eda hacer una investigaci\u00f3n exhaustiva nos tenemos\nque salir\u201d, cont\u00f3. <\/p>\n\n\n\n<p class=\"wp-block-paragraph\">En las\nidas y venidas, en las investigaciones a la distancia y las diligencias que no\nse pueden hacer desde lejos, Lidia se encontr\u00f3 con Elba, otra mujer que se\nencuentra en la misma situaci\u00f3n que ella pues tuvo que abandonar su casa, su\ntierra, para poder buscar a su hijo desaparecido. Juntas y con otras tantas\nmujeres conforman el Colectivo Unidas por Amor a Nuestros Desaparecidos. <\/p>\n\n\n\n<p class=\"wp-block-paragraph\">Elba y\nLidia regresaron a Poza Rica, de donde se llevaron su hijo e hija, acompa\u00f1adas\nde 300 personas de todo el pa\u00eds para buscar en vida y en fosas clandestinas a\nquienes han desaparecido en la regi\u00f3n. <\/p>\n\n\n\n<p class=\"wp-block-paragraph\">\u201cEstamos\na escasos pasos de donde fue nuestra casa muchos a\u00f1os, donde mi hija creci\u00f3,\ndonde tuvo su vida, muchos eventos para ella, ella lleg\u00f3 aqu\u00ed de seis meses\nentonces toda su vida la vivi\u00f3 aqu\u00ed, toda la gente la conoc\u00eda (\u2026) tal vez pueda\nestar tan cerca y yo sin saber\u201d, dijo Lidia mientras que las y los buscadores\nclavaban varillas en un terreno justo atr\u00e1s de la que era su casa, el \u00faltimo\nlugar donde vio a su hija. <\/p>\n\n\n\n<p class=\"wp-block-paragraph\">Pero las\ndos se tuvieron que ir. Regresar a los estados donde viven ahora, para intentar\nhuir de la violencia mientras siguen con el trabajo que tocar\u00eda a las\nautoridades: investigar y encontrar a sus seres queridos.<\/p>\n\n\n\n<p class=\"wp-block-paragraph\">SEM-TestigoP\u00farpura\/\n<\/p>\n","protected":false},"excerpt":{"rendered":"<p>Elba v\u00edctimas de violencia sexual, deso\u00edda por la FGR<\/p>\n","protected":false},"author":3,"featured_media":17541,"comment_status":"open","ping_status":"open","sticky":false,"template":"","format":"standard","meta":{"_monsterinsights_skip_tracking":false,"footnotes":""},"categories":[691,54],"tags":[],"class_list":["post-17539","post","type-post","status-publish","format-standard","has-post-thumbnail","category-691","category-mujeres"],"_links":{"self":[{"href":"https:\/\/redsemlac.com\/semmexico\/wp-json\/wp\/v2\/posts\/17539","targetHints":{"allow":["GET"]}}],"collection":[{"href":"https:\/\/redsemlac.com\/semmexico\/wp-json\/wp\/v2\/posts"}],"about":[{"href":"https:\/\/redsemlac.com\/semmexico\/wp-json\/wp\/v2\/types\/post"}],"author":[{"embeddable":true,"href":"https:\/\/redsemlac.com\/semmexico\/wp-json\/wp\/v2\/users\/3"}],"replies":[{"embeddable":true,"href":"https:\/\/redsemlac.com\/semmexico\/wp-json\/wp\/v2\/comments?post=17539"}],"version-history":[{"count":0,"href":"https:\/\/redsemlac.com\/semmexico\/wp-json\/wp\/v2\/posts\/17539\/revisions"}],"wp:featuredmedia":[{"embeddable":true,"href":"https:\/\/redsemlac.com\/semmexico\/wp-json\/wp\/v2\/media\/17541"}],"wp:attachment":[{"href":"https:\/\/redsemlac.com\/semmexico\/wp-json\/wp\/v2\/media?parent=17539"}],"wp:term":[{"taxonomy":"category","embeddable":true,"href":"https:\/\/redsemlac.com\/semmexico\/wp-json\/wp\/v2\/categories?post=17539"},{"taxonomy":"post_tag","embeddable":true,"href":"https:\/\/redsemlac.com\/semmexico\/wp-json\/wp\/v2\/tags?post=17539"}],"curies":[{"name":"wp","href":"https:\/\/api.w.org\/{rel}","templated":true}]}}