{"id":17519,"date":"2020-02-29T17:33:02","date_gmt":"2020-02-29T17:33:02","guid":{"rendered":"https:\/\/redsemlac.com\/semmexico\/?p=17519"},"modified":"2023-07-21T15:21:10","modified_gmt":"2023-07-21T20:21:10","slug":"opinion-363","status":"publish","type":"post","link":"https:\/\/redsemlac.com\/semmexico\/opinion-363\/","title":{"rendered":"Retrovisor: El INE a la 4T"},"content":{"rendered":"\n<ul class=\"wp-block-list\"><li><strong>Con la postulaci\u00f3n de John Ackerman la CNDH no respet\u00f3 el perfil apartidista y de aprecio al INE que deb\u00edan acreditar los dos evaluadores que, por ley, le toca proponer en cada renovaci\u00f3n de consejeros. <\/strong><\/li><\/ul>\n\n\n\n<p class=\"wp-block-paragraph\"><strong> Por: Ivonne Melgar<\/strong><\/p>\n\n\n\n<p class=\"wp-block-paragraph\">SemM\u00e9xico\/Exc\u00e9lsior. Ciudad de M\u00e9xico. 29 de febrero 2020.- Como sucede desde la creaci\u00f3n del Instituto Federal Electoral hace 30 a\u00f1os, cada sexenio es un tablero de ajustes para el \u00e1rbitro y las reglas electorales. En cada caso, el alcance del cambio, la reparaci\u00f3n o el ajuste fue resultado de lo que el gobierno y los partidos\u00a0 lograban negociar.<\/p>\n\n\n\n<p class=\"wp-block-paragraph\">Esta vez, los \u00e1nimos desde el poder son de demolici\u00f3n. Y para concretarlos, cuenta con opositores d\u00e9biles y muchos aliados. As\u00ed pudimos constatarlo ayer en la C\u00e1mara de Diputados, durante la toma de protesta de los siete integrantes de la Comisi\u00f3n T\u00e9cnica de Evaluaci\u00f3n, responsables de calificar las competencias y probidad de los 390 aspirantes a ocupar cuatro vacantes en el Instituto Nacional Electoral: 135 mujeres y 255 hombres.<\/p>\n\n\n\n<p class=\"wp-block-paragraph\">Y aunque de sobra conocemos las descalificaciones del presidente<strong>&nbsp;L\u00f3pez Obrador&nbsp;<\/strong>contra los actuales consejeros, no dej\u00f3 de ser relevante confirmar que el proyecto electoral de la Cuarta Transformaci\u00f3n contiene dinamita.<\/p>\n\n\n\n<p class=\"wp-block-paragraph\">De entrada, con la postulaci\u00f3n de<strong>&nbsp;John Ackerman<\/strong>&nbsp;la CNDH no respet\u00f3 el perfil apartidista y de aprecio al INE que deb\u00edan acreditar los dos evaluadores que, por ley, le toca proponer en cada renovaci\u00f3n de consejeros.&nbsp;<\/p>\n\n\n\n<p class=\"wp-block-paragraph\">El desaf\u00edo de&nbsp;&nbsp;<strong>Rosario Piedra<\/strong>&nbsp;de enviar como juez del proceso de selecci\u00f3n a un ide\u00f3logo y cuadro pol\u00edtico de Morena result\u00f3 comprensible por su militancia en ese partido.<\/p>\n\n\n\n<p class=\"wp-block-paragraph\">Lo sorprendente fue confirmar c\u00f3mo los diputados aceptaron la violaci\u00f3n de los criterios de imparcialidad que se fijaron para los evaluadores, gracias a que Morena cuenta con el apoyo del PT, PES y PVEM.<\/p>\n\n\n\n<p class=\"wp-block-paragraph\">Es cierto que las bancadas del PAN, PRD, PRI y Movimiento Ciudadano solicitaron una rectificaci\u00f3n. Y que anoche las dirigencias del PRD y MC presentaron un juicio electoral contra la CNDH por esa designaci\u00f3n.<\/p>\n\n\n\n<p class=\"wp-block-paragraph\">Sin embargo, con el visto bueno del \u00f3rgano jur\u00eddico de la C\u00e1mara y la presencia de todos los partidos, ayer, el controvertido evaluador morenista tom\u00f3 protesta, junto con&nbsp;<strong>Sara Lovera<\/strong>&nbsp;\u2013tambi\u00e9n propuesta por la CNDH\u2013; los designados por el INAI:&nbsp;<strong>Ana Laura Magaloni&nbsp;<\/strong>y<strong>&nbsp;Jos\u00e9 Rold\u00e1n<\/strong>, y los tres designados por los coordinadores parlamentarios:&nbsp;<strong>Blanca Heredia<\/strong>,<strong>&nbsp;Silvia Giorguli<\/strong>&nbsp;y&nbsp;<strong>Diego Valad\u00e9s<\/strong>.<\/p>\n\n\n\n<p class=\"wp-block-paragraph\">&nbsp;En el acto de instalaci\u00f3n, result\u00f3 significativa la vuelta a la p\u00e1gina que p\u00fablicamente le dio el jefe de la diputaci\u00f3n del PRI,&nbsp;<strong>Ren\u00e9 Ju\u00e1rez Cisneros<\/strong>, al debate de si&nbsp;<strong>Ackerman<\/strong>&nbsp;cumple o no con la legalidad de la convocatoria.<\/p>\n\n\n\n<p class=\"wp-block-paragraph\">Esta evidencia de c\u00f3mo el priismo, a la hora de las definiciones controvertidas, prefiere sumarse a la hegemon\u00eda de Morena, no s\u00f3lo debilita a la oposici\u00f3n, sino que, adem\u00e1s, marca una pauta que podr\u00eda volverse tendencia en los futuros temas electorales.<\/p>\n\n\n\n<p class=\"wp-block-paragraph\">Pero la toma de protesta de los jueces evaluadores que deber\u00e1n entregar a los diputados 20 finalistas, en cuatro quintetas de candidatos, tambi\u00e9n evidenci\u00f3 la fuerza del discurso presidencial, ah\u00ed representado por<strong>&nbsp;Ackerman<\/strong>, de que hay que recuperar la confianza y la legitimidad del \u00e1rbitro electoral.<\/p>\n\n\n\n<p class=\"wp-block-paragraph\">Porque si bien la oposici\u00f3n hizo se\u00f1alamientos sobre la imparcialidad y el profesionalismo del INE, los mensajes de Morena, PT, PES y PVEM respaldaron mayoritariamente la versi\u00f3n del juez morenista que culpa al instituto de haber sido c\u00f3mplice de acciones fraudulentas en 2006 y 2012 y de haberlo intentado en 2018.<\/p>\n\n\n\n<p class=\"wp-block-paragraph\">Llam\u00f3 la atenci\u00f3n, en este significativo acto, que tambi\u00e9n&nbsp;<strong>Magaloni<\/strong>&nbsp;y<strong>&nbsp;Valad\u00e9s<\/strong>&nbsp;se adhirieran al diagn\u00f3stico de que se necesita un \u00e1rbitro cre\u00edble y que la falta de confianza en \u00e9ste impide la resoluci\u00f3n pac\u00edfica, legal y razonada de los conflictos.&nbsp;<strong>Ackerman<\/strong>&nbsp;pidi\u00f3 calma a los grupos parlamentarios que lo cuestionaron y les habl\u00f3 de recuperar el esp\u00edritu originario de consenso y de pluralidad del Instituto Federal Electoral de 1994 y 1996, el cual se habr\u00eda roto, seg\u00fan su an\u00e1lisis, con el reparto del Consejo General en 2003, cuando se excluy\u00f3 a la izquierda.<\/p>\n\n\n\n<p class=\"wp-block-paragraph\">Se trata de una ret\u00f3rica peligrosa porque al&nbsp; descalificar a los partidos y a los actores que le dieron sustento al \u00e1rbitro electoral en los \u00faltimos 17 a\u00f1os, el evaluador de la Cuarta Trasformaci\u00f3n cae en un sectarismo contrario a la pluralidad prometida.<\/p>\n\n\n\n<p class=\"wp-block-paragraph\">En abril pr\u00f3ximo, con los consejeros electorales definidos, sabremos hasta d\u00f3nde ser\u00e1 conciliable la demolici\u00f3n institucional de tres sexenios \u2013que el discurso oficial impulsa\u2013 con la expectativa de reparar el consenso roto.<\/p>\n\n\n\n<p class=\"wp-block-paragraph\">Porque al final de cuentas,&nbsp;<strong>John<\/strong>&nbsp;<strong>Ackerman<\/strong>&nbsp;es uno entre siete votos.<\/p>\n\n\n\n<p class=\"wp-block-paragraph\">Y como dijo ayer la siempre audaz y valiente&nbsp;<strong>Sara Lovera<\/strong>, el Comit\u00e9 est\u00e1 integrado por representantes de la sociedad civil que, con sus aportaciones, le abrieron camino al saldo electoral del 2018.<\/p>\n\n\n\n<p class=\"wp-block-paragraph\">As\u00ed que me qued\u00f3 con su poderosa reflexi\u00f3n: \u201cFuimos los periodistas, a&nbsp;<em>contrario sensu<\/em>, quienes documentamos la corrupci\u00f3n (\u2026) Hemos dado todos los elementos para que el pueblo de M\u00e9xico eligiera lo que tuvo que elegir. No lo olvidemos\u201d.<\/p>\n","protected":false},"excerpt":{"rendered":"<p>Con la postulaci\u00f3n de John Ackerman la CNDH no respet\u00f3 el perfil apartidista y de aprecio al INE que deb\u00edan acreditar los dos evaluadores que, por ley, le toca proponer en cada renovaci\u00f3n de consejeros. <\/p>\n","protected":false},"author":3,"featured_media":17520,"comment_status":"open","ping_status":"open","sticky":false,"template":"","format":"standard","meta":{"_monsterinsights_skip_tracking":false,"footnotes":""},"categories":[691,82,110],"tags":[],"class_list":["post-17519","post","type-post","status-publish","format-standard","has-post-thumbnail","category-691","category-la-opinion","category-la-opinion-columnas"],"_links":{"self":[{"href":"https:\/\/redsemlac.com\/semmexico\/wp-json\/wp\/v2\/posts\/17519","targetHints":{"allow":["GET"]}}],"collection":[{"href":"https:\/\/redsemlac.com\/semmexico\/wp-json\/wp\/v2\/posts"}],"about":[{"href":"https:\/\/redsemlac.com\/semmexico\/wp-json\/wp\/v2\/types\/post"}],"author":[{"embeddable":true,"href":"https:\/\/redsemlac.com\/semmexico\/wp-json\/wp\/v2\/users\/3"}],"replies":[{"embeddable":true,"href":"https:\/\/redsemlac.com\/semmexico\/wp-json\/wp\/v2\/comments?post=17519"}],"version-history":[{"count":0,"href":"https:\/\/redsemlac.com\/semmexico\/wp-json\/wp\/v2\/posts\/17519\/revisions"}],"wp:featuredmedia":[{"embeddable":true,"href":"https:\/\/redsemlac.com\/semmexico\/wp-json\/wp\/v2\/media\/17520"}],"wp:attachment":[{"href":"https:\/\/redsemlac.com\/semmexico\/wp-json\/wp\/v2\/media?parent=17519"}],"wp:term":[{"taxonomy":"category","embeddable":true,"href":"https:\/\/redsemlac.com\/semmexico\/wp-json\/wp\/v2\/categories?post=17519"},{"taxonomy":"post_tag","embeddable":true,"href":"https:\/\/redsemlac.com\/semmexico\/wp-json\/wp\/v2\/tags?post=17519"}],"curies":[{"name":"wp","href":"https:\/\/api.w.org\/{rel}","templated":true}]}}