{"id":17513,"date":"2020-02-29T02:16:20","date_gmt":"2020-02-29T02:16:20","guid":{"rendered":"https:\/\/redsemlac.com\/semmexico\/?p=17513"},"modified":"2023-07-21T15:21:10","modified_gmt":"2023-07-21T20:21:10","slug":"oaxaca-139","status":"publish","type":"post","link":"https:\/\/redsemlac.com\/semmexico\/oaxaca-139\/","title":{"rendered":"Exhiben estudiantes de COBAO nombres de sus violentadores sexuales"},"content":{"rendered":"\n<p class=\"wp-block-paragraph\"><strong>* En protesta se\u00f1alan que han sido\nacosadas y hostigadas, y hasta abusadas sexualmente<\/strong><\/p>\n\n\n\n<p class=\"wp-block-paragraph\"><strong>* Es la segunda instituci\u00f3n que\ndenuncia a maestros, directivos y estudiantes, en menos de una semana<\/strong><\/p>\n\n\n\n<p class=\"wp-block-paragraph\"><strong>Patricia Brise\u00f1o<\/strong><\/p>\n\n\n\n<p class=\"wp-block-paragraph\">SemM\u00e9xico,\nOaxaca, 28 de febrero 2020.- Alumnas del Colegio de Bachilleres&nbsp; de Oaxaca (COBAO), del plantel 01, ubicado en\nla colonia Pueblo Nuevo, al poniente de la ciudad de Oaxaca, exhibieron hoy los\nnombres de directivos, docentes y alumnos&nbsp;\npresuntos responsables de cometer actos de acoso, hostigamiento&nbsp; y violaci\u00f3n sexual.<\/p>\n\n\n\n<p class=\"wp-block-paragraph\">La\nprotesta juvenil ocurri\u00f3 alrededor del mediod\u00eda dentro y fuera del plantel con\nla instalaci\u00f3n de cartulinas, en las que anotaron los nombres de aquellos que\npresuntamente han abusado de poder en contra de las estudiantes. <\/p>\n\n\n\n<p class=\"wp-block-paragraph\">En\ncartulinas expusieron testimonios de supuestos actos de acoso ocurridos en el\npresente ciclo escolar 2019-2020, pero tambi\u00e9n incluyeron algunos sucedidos en\notras generaciones.<\/p>\n\n\n\n<figure class=\"wp-block-gallery columns-2 is-cropped wp-block-gallery-1 is-layout-flex wp-block-gallery-is-layout-flex\"><ul class=\"blocks-gallery-grid\"><li class=\"blocks-gallery-item\"><figure><img decoding=\"async\" src=\"https:\/\/redsemlac.com\/semmexico\/wp-content\/uploads\/2020\/02\/WhatsApp-Image-2020-02-28-at-8.02.25-PM-1024x768.jpeg\" alt=\"\" data-id=\"17515\" data-full-url=\"https:\/\/redsemlac.com\/semmexico\/wp-content\/uploads\/2020\/02\/WhatsApp-Image-2020-02-28-at-8.02.25-PM.jpeg\" data-link=\"https:\/\/redsemlac.com\/semmexico\/?attachment_id=17515\" class=\"wp-image-17515\"\/><\/figure><\/li><li class=\"blocks-gallery-item\"><figure><img loading=\"lazy\" decoding=\"async\" width=\"750\" height=\"864\" src=\"https:\/\/redsemlac.com\/semmexico\/wp-content\/uploads\/2020\/02\/WhatsApp-Image-2020-02-28-at-8.02.11-PM.jpeg\" alt=\"\" data-id=\"17514\" data-full-url=\"https:\/\/redsemlac.com\/semmexico\/wp-content\/uploads\/2020\/02\/WhatsApp-Image-2020-02-28-at-8.02.11-PM.jpeg\" data-link=\"https:\/\/redsemlac.com\/semmexico\/?attachment_id=17514\" class=\"wp-image-17514\"\/><\/figure><\/li><li class=\"blocks-gallery-item\"><figure><img decoding=\"async\" src=\"https:\/\/redsemlac.com\/semmexico\/wp-content\/uploads\/2020\/02\/WhatsApp-Image-2020-02-28-at-8.03.29-PM-1024x768.jpeg\" alt=\"\" data-id=\"17517\" data-full-url=\"https:\/\/redsemlac.com\/semmexico\/wp-content\/uploads\/2020\/02\/WhatsApp-Image-2020-02-28-at-8.03.29-PM.jpeg\" data-link=\"https:\/\/redsemlac.com\/semmexico\/?attachment_id=17517\" class=\"wp-image-17517\"\/><\/figure><\/li><\/ul><\/figure>\n\n\n\n<p class=\"wp-block-paragraph\">Las\nalumnas colgaron los letreros en lazos que desplegados en la explanada central\nde la escuela, y tambi\u00e9n en el puente peatonal que cruza sobre la Carretera\nFederal 190, Crist\u00f3bal Col\u00f3n, localizado a un costado de su escuela.<\/p>\n\n\n\n<p class=\"wp-block-paragraph\">Personal\nde la Direcci\u00f3n General del COBAO se present\u00f3 en el plantel de Pueblo Nuevo,\nluego que trascendi\u00f3 la manifestaci\u00f3n de las j\u00f3venes, quienes fueron convocadas\na sostener una reuni\u00f3n en el auditorio escolar.<\/p>\n\n\n\n<p class=\"wp-block-paragraph\">Al\nconcluir su encuentro con los directivos y profesores \u00e9stas se mostraron\ninsatisfechas, pues no les garantizaron la separaci\u00f3n del cargo de ninguno de\nlos profesores se\u00f1alados, esto porque \u201clas quejas no est\u00e1n sustentadas en\npruebas\u201d.<\/p>\n\n\n\n<p class=\"wp-block-paragraph\">El\npasado lunes, las alumnas del Colegio de Bachilleres de Oaxaca, en Tlaxiaco, en\nla regi\u00f3n Mixteca, tambi\u00e9n se manifestaron de manera colectiva dentro de su\nescuela.<\/p>\n\n\n\n<p class=\"wp-block-paragraph\">La\nprotesta se present\u00f3 en el acto del D\u00eda de la Bandera, el 24 de febrero,\nalumnas y alumnos del COBAO, plantel 38, denunciaron al profesor V\u00edctor Manuel,\npor presuntos actos de acoso sexual.<\/p>\n\n\n\n<p class=\"wp-block-paragraph\">Las\nestudiantes se manifestaron en la explanada del plantel, luego de cantar el\nHimno Nacional, exhibieron las cartulinas donde escribieron&nbsp; sus quejas y reclamaron la expulsi\u00f3n del\ndocente.<\/p>\n\n\n\n<p class=\"wp-block-paragraph\">Por\nactos de acoso y abuso sexual en escuelas p\u00fablica de la entidad en este a\u00f1o, la\nDefensor\u00eda de los Derechos del Pueblo de Oaxaca (DDHPO) inici\u00f3 tres expedientes\nde queja, por eventos registrados el COBAO, Centro de Bachillerato Tecnol\u00f3gico\ne Instituto Estatal de Educaci\u00f3n P\u00fablica. Un a\u00f1o antes, en 2019, abri\u00f314\ncarpetas por actos similares.<\/p>\n\n\n\n<p class=\"wp-block-paragraph\">SEM\/pb\/sj<\/p>\n","protected":false},"excerpt":{"rendered":"<p>Es la segunda instituci\u00f3n que denuncia a maestros, directivos y estudiantes, en menos de una semana<\/p>\n","protected":false},"author":3,"featured_media":17516,"comment_status":"open","ping_status":"open","sticky":false,"template":"","format":"standard","meta":{"_monsterinsights_skip_tracking":false,"footnotes":""},"categories":[691,54],"tags":[],"class_list":["post-17513","post","type-post","status-publish","format-standard","has-post-thumbnail","category-691","category-mujeres"],"_links":{"self":[{"href":"https:\/\/redsemlac.com\/semmexico\/wp-json\/wp\/v2\/posts\/17513","targetHints":{"allow":["GET"]}}],"collection":[{"href":"https:\/\/redsemlac.com\/semmexico\/wp-json\/wp\/v2\/posts"}],"about":[{"href":"https:\/\/redsemlac.com\/semmexico\/wp-json\/wp\/v2\/types\/post"}],"author":[{"embeddable":true,"href":"https:\/\/redsemlac.com\/semmexico\/wp-json\/wp\/v2\/users\/3"}],"replies":[{"embeddable":true,"href":"https:\/\/redsemlac.com\/semmexico\/wp-json\/wp\/v2\/comments?post=17513"}],"version-history":[{"count":0,"href":"https:\/\/redsemlac.com\/semmexico\/wp-json\/wp\/v2\/posts\/17513\/revisions"}],"wp:featuredmedia":[{"embeddable":true,"href":"https:\/\/redsemlac.com\/semmexico\/wp-json\/wp\/v2\/media\/17516"}],"wp:attachment":[{"href":"https:\/\/redsemlac.com\/semmexico\/wp-json\/wp\/v2\/media?parent=17513"}],"wp:term":[{"taxonomy":"category","embeddable":true,"href":"https:\/\/redsemlac.com\/semmexico\/wp-json\/wp\/v2\/categories?post=17513"},{"taxonomy":"post_tag","embeddable":true,"href":"https:\/\/redsemlac.com\/semmexico\/wp-json\/wp\/v2\/tags?post=17513"}],"curies":[{"name":"wp","href":"https:\/\/api.w.org\/{rel}","templated":true}]}}