{"id":17510,"date":"2020-02-29T00:47:59","date_gmt":"2020-02-29T00:47:59","guid":{"rendered":"https:\/\/redsemlac.com\/semmexico\/?p=17510"},"modified":"2023-07-21T15:21:10","modified_gmt":"2023-07-21T20:21:10","slug":"conmemorara-senado-el-dia-internacional-de-la-mujer-con-dos-sesiones-para-promover-su-proteccion-y-derechos","status":"publish","type":"post","link":"https:\/\/redsemlac.com\/semmexico\/conmemorara-senado-el-dia-internacional-de-la-mujer-con-dos-sesiones-para-promover-su-proteccion-y-derechos\/","title":{"rendered":"Conmemorar\u00e1 Senado el D\u00eda Internacional de la Mujer con dos sesiones para promover su protecci\u00f3n y derechos"},"content":{"rendered":"\n<p class=\"wp-block-paragraph\"><strong>Redacci\u00f3n\u00a0<\/strong><\/p>\n\n\n\n<p class=\"wp-block-paragraph\">SemM\u00e9xico. Cd. de M\u00e9xico. 28 de ferbero de 2020.- El Senado de la Rep\u00fablica conmemorar\u00e1 el D\u00eda Internacional de la Mujer con dos sesiones, una solemne y otra ordinaria, el pr\u00f3ximo martes, 10 de marzo, donde promover\u00e1 medidas legislativas tendientes a la protecci\u00f3n, ampliaci\u00f3n y salvaguarda de mujeres y ni\u00f1as.&nbsp;<\/p>\n\n\n\n<p class=\"wp-block-paragraph\">Para la sesi\u00f3n solamente, se acord\u00f3 que la presidenta de la Mesa Directiva, M\u00f3nica Fern\u00e1ndez Balboa, dirija un mensaje de bienvenida y que los representantes de los grupos parlamentarios, as\u00ed como el senador sin partido, intervengan desde la tribuna, en orden creciente, hasta por cinco minutos. La intervenci\u00f3n final estar\u00e1 a cargo de Fern\u00e1ndez Balboa.<\/p>\n\n\n\n<p class=\"wp-block-paragraph\">Una vez culminada la sesi\u00f3n solamente, se dar\u00e1 paso a la sesi\u00f3n ordinaria que estar\u00e1 dedica exclusivamente al an\u00e1lisis y discusi\u00f3n de dict\u00e1menes que tengan como objetivo la protecci\u00f3n, ampliaci\u00f3n y salvaguarda de los derechos de las mujeres y ni\u00f1as, as\u00ed como la presentaci\u00f3n de puntos de acuerdo e iniciativas en el mismo sentido.<\/p>\n\n\n\n<p class=\"wp-block-paragraph\">Para ello, la Mesa Directiva conminar\u00e1 a las juntas directivas de las comisiones ordinarias para que remitan aquellos dict\u00e1menes relacionados con el tema.<\/p>\n\n\n\n<p class=\"wp-block-paragraph\"><strong><em>Comisi\u00f3n Especial para Implementaci\u00f3n de la Agenda 2030 en M\u00e9xico<\/em><\/strong><\/p>\n\n\n\n<p class=\"wp-block-paragraph\">El Pleno del Senado tambi\u00e9n aprob\u00f3 constituir la Comisi\u00f3n Especial para el Seguimiento a la Implementaci\u00f3n de la Agenda 2030 en M\u00e9xico, la cual ser\u00e1 presidida por la senadora del PT, Nancy De la Sierra Ar\u00e1mburo.<\/p>\n\n\n\n<p class=\"wp-block-paragraph\">Se integrar\u00e1 por 19 legisladores, con forme a la proporcionalidad de cada Grupo Parlamentario y con base en los principios de idoneidad, pluralidad e igualdad de g\u00e9nero. &nbsp;<\/p>\n\n\n\n<p class=\"wp-block-paragraph\">Su objetivo es dar seguimiento a la implementaci\u00f3n de la Agenda 2030 en M\u00e9xico, impulsando reformas y proyectos de ley, que faciliten y agilicen el cumplimiento de las metas establecidas en la misma.<br><\/p>\n","protected":false},"excerpt":{"rendered":"<p>ara la sesi\u00f3n solamente, se acord\u00f3 que la presidenta de la Mesa Directiva, M\u00f3nica Fern\u00e1ndez Balboa, dirija un mensaje de bienvenida y que los representantes de los grupos parlamentarios, as\u00ed como el senador sin partido, intervengan desde la tribuna<\/p>\n","protected":false},"author":3,"featured_media":17511,"comment_status":"open","ping_status":"open","sticky":false,"template":"","format":"standard","meta":{"_monsterinsights_skip_tracking":false,"footnotes":""},"categories":[691,50],"tags":[],"class_list":["post-17510","post","type-post","status-publish","format-standard","has-post-thumbnail","category-691","category-congreso"],"_links":{"self":[{"href":"https:\/\/redsemlac.com\/semmexico\/wp-json\/wp\/v2\/posts\/17510","targetHints":{"allow":["GET"]}}],"collection":[{"href":"https:\/\/redsemlac.com\/semmexico\/wp-json\/wp\/v2\/posts"}],"about":[{"href":"https:\/\/redsemlac.com\/semmexico\/wp-json\/wp\/v2\/types\/post"}],"author":[{"embeddable":true,"href":"https:\/\/redsemlac.com\/semmexico\/wp-json\/wp\/v2\/users\/3"}],"replies":[{"embeddable":true,"href":"https:\/\/redsemlac.com\/semmexico\/wp-json\/wp\/v2\/comments?post=17510"}],"version-history":[{"count":0,"href":"https:\/\/redsemlac.com\/semmexico\/wp-json\/wp\/v2\/posts\/17510\/revisions"}],"wp:featuredmedia":[{"embeddable":true,"href":"https:\/\/redsemlac.com\/semmexico\/wp-json\/wp\/v2\/media\/17511"}],"wp:attachment":[{"href":"https:\/\/redsemlac.com\/semmexico\/wp-json\/wp\/v2\/media?parent=17510"}],"wp:term":[{"taxonomy":"category","embeddable":true,"href":"https:\/\/redsemlac.com\/semmexico\/wp-json\/wp\/v2\/categories?post=17510"},{"taxonomy":"post_tag","embeddable":true,"href":"https:\/\/redsemlac.com\/semmexico\/wp-json\/wp\/v2\/tags?post=17510"}],"curies":[{"name":"wp","href":"https:\/\/api.w.org\/{rel}","templated":true}]}}