{"id":17505,"date":"2020-02-29T00:44:29","date_gmt":"2020-02-29T00:44:29","guid":{"rendered":"https:\/\/redsemlac.com\/semmexico\/?p=17505"},"modified":"2023-07-21T15:21:10","modified_gmt":"2023-07-21T20:21:10","slug":"incluir-educacion-con-perspectiva-de-genero-en-programas-de-estudio-propone-nuvia-mayorga","status":"publish","type":"post","link":"https:\/\/redsemlac.com\/semmexico\/incluir-educacion-con-perspectiva-de-genero-en-programas-de-estudio-propone-nuvia-mayorga\/","title":{"rendered":"Incluir educaci\u00f3n con perspectiva de g\u00e9nero en programas de estudio, propone Nuvia Mayorga"},"content":{"rendered":"\n<ul class=\"wp-block-list\"><li><strong>Con ese motivo proponen adiciones a la Ley General de Acceso de las Mujeres a una Vida Libre de Violencia.<\/strong><\/li><\/ul>\n\n\n\n<p class=\"wp-block-paragraph\">Redacci\u00f3n&nbsp;<\/p>\n\n\n\n<p class=\"wp-block-paragraph\">SemM\u00e9xico. Cd. de M\u00e9xico. 28 de febrero de 2020.- La senadora Nuvia Magdalena Mayorga Delgado, del PRI, propuso adicionar la legislaci\u00f3n reglamentaria para que el Instituto Nacional de las Mujeres se coordine con la Secretar\u00eda de Educaci\u00f3n P\u00fablica, y promuevan, fomenten e incluyan a la Educaci\u00f3n con Perspectiva de G\u00e9nero en los Planes y Programas de Estudio, para que sea considerada como mecanismo de prevenci\u00f3n, integraci\u00f3n y desarrollo social, con el objetivo de erradicar la violencia y los feminicidios contra las mujeres.<\/p>\n\n\n\n<p class=\"wp-block-paragraph\">Tambi\u00e9n deber\u00e1n impulsar los principios y modalidades que garanticen el acceso del sector femenino a una vida libre de violencia que favorezca su desarrollo y bienestar, conforme a los principios de igualdad y no discriminaci\u00f3n<\/p>\n\n\n\n<p class=\"wp-block-paragraph\">La legisladora hidalguense present\u00f3 con ese motivo una iniciativa para adicionar el art\u00edculo 45 Bis de la Ley General de Acceso de las Mujeres a una Vida Libre de Violencia.<\/p>\n\n\n\n<p class=\"wp-block-paragraph\">Mayorga Delgado, secretaria de las comisiones de Administraci\u00f3n y de Hacienda y Cr\u00e9dito P\u00fablico, argument\u00f2 que la violencia feminicida es la expresi\u00f3n de la violencia extrema contra las mujeres y ni\u00f1as, que implica una descomposici\u00f3n social que se nutre del da\u00f1o psicoemocional, del desgaste f\u00edsico e impotencia que sufren las v\u00edctimas indirectas de los feminicidios, as\u00ed como del abandono y orfandad en la que quedan ni\u00f1as y ni\u00f1os que son victimas colaterales de esos asesinatos.<\/p>\n\n\n\n<figure class=\"wp-block-embed-youtube wp-block-embed is-type-video is-provider-youtube wp-embed-aspect-16-9 wp-has-aspect-ratio\"><div class=\"wp-block-embed__wrapper\">\n<iframe loading=\"lazy\" title=\"Sen. Nuvia Mayorga (PRI) propone incluir materia de perspectiva de g\u00e9nero en planes de estudio\" width=\"696\" height=\"392\" src=\"https:\/\/www.youtube.com\/embed\/BhZz0kga2a4?feature=oembed&#038;enablejsapi=1\" frameborder=\"0\" allow=\"accelerometer; autoplay; clipboard-write; encrypted-media; gyroscope; picture-in-picture; web-share\" referrerpolicy=\"strict-origin-when-cross-origin\" allowfullscreen><\/iframe>\n<\/div><\/figure>\n\n\n\n<p class=\"wp-block-paragraph\">Dijo que de acuerdo con datos estad\u00edsticos del Secretariado Ejecutivo del Sistema Nacional de Seguridad P\u00fablica (SNSP), desde 2015, los delitos por feminicidio han estado al alza, al pasar de 411 en 2015 a 976 en 2019, un incremento del 137 por ciento, cifras que muestran c\u00f3mo la violencia de g\u00e9nero ha venido en aumento.<\/p>\n\n\n\n<p class=\"wp-block-paragraph\">A nivel estatal, continu\u00f3, se registraron 1.51 feminicidios por cada 100 mil mujeres. El estado con mayor n\u00famero de ese delito es Morelos. En la zona centro del pa\u00eds, se producen 3.74 asesinatos de mujeres por cada 100 mil de ellas.<\/p>\n\n\n\n<p class=\"wp-block-paragraph\">Pero se\u00f1al\u00f3 que, en valores absolutos, Veracruz es donde se produjeron m\u00e1s asesinatos de mujeres (157), seguido del Estado de M\u00e9xico (122) y en la Ciudad de M\u00e9xico (68), mientras que Baja California (2), Yucat\u00e1n y Tlaxcala, ambos con tres casos, fueron los menos afectados, seg\u00fan los mismos datos estad\u00edsticos.<\/p>\n\n\n\n<p class=\"wp-block-paragraph\">Abund\u00f3 que M\u00e9xico es uno de los pa\u00edses con mayor n\u00famero de feminicidios del mundo. El caso de Ciudad Ju\u00e1rez, Chihuahua, es tristemente conocido por los asesinatos y las desapariciones de mujeres, entre ellas, menores. En lo que va de 2020, en esa ciudad han sido asesinadas 8 mujeres, entre ellas hay varias activistas de Derechos Humanos y una beb\u00e9 que recibi\u00f3 una paliza de parte de su padre.<\/p>\n\n\n\n<p class=\"wp-block-paragraph\">Ante la desigualdad de g\u00e9nero que impera en el pa\u00eds, la senadora Mayorga Delgado record\u00f3 que la Convenci\u00f3n para la Eliminaci\u00f3n de Todas las Formas de Discriminaci\u00f3n contra la Mujer (CEDAW por sus siglas en ingl\u00e9s), a trav\u00e9s de la ONU-Derechos Humanos-M\u00e9xico, emiti\u00f3 una serie de recomendaciones al Estado mexicano por la falta de acceso a la justicia de mujeres y ni\u00f1as y los altos niveles de violencia que atraviesa nuestro pa\u00eds.<\/p>\n\n\n\n<p class=\"wp-block-paragraph\">La propuesta fue turnada para estudio y dictamen a las comisiones unidas\u00a0 Para la Igualdad de G\u00e9nero, y de Estudios Legislativos, Segunda.<\/p>\n\n\n","protected":false},"excerpt":{"rendered":"<p>Con ese motivo proponen adiciones a la Ley General de Acceso de las Mujeres a una Vida Libre de Violencia.<\/p>\n","protected":false},"author":3,"featured_media":17508,"comment_status":"open","ping_status":"open","sticky":false,"template":"","format":"standard","meta":{"_monsterinsights_skip_tracking":false,"footnotes":""},"categories":[691,50],"tags":[],"class_list":["post-17505","post","type-post","status-publish","format-standard","has-post-thumbnail","category-691","category-congreso"],"_links":{"self":[{"href":"https:\/\/redsemlac.com\/semmexico\/wp-json\/wp\/v2\/posts\/17505","targetHints":{"allow":["GET"]}}],"collection":[{"href":"https:\/\/redsemlac.com\/semmexico\/wp-json\/wp\/v2\/posts"}],"about":[{"href":"https:\/\/redsemlac.com\/semmexico\/wp-json\/wp\/v2\/types\/post"}],"author":[{"embeddable":true,"href":"https:\/\/redsemlac.com\/semmexico\/wp-json\/wp\/v2\/users\/3"}],"replies":[{"embeddable":true,"href":"https:\/\/redsemlac.com\/semmexico\/wp-json\/wp\/v2\/comments?post=17505"}],"version-history":[{"count":0,"href":"https:\/\/redsemlac.com\/semmexico\/wp-json\/wp\/v2\/posts\/17505\/revisions"}],"wp:featuredmedia":[{"embeddable":true,"href":"https:\/\/redsemlac.com\/semmexico\/wp-json\/wp\/v2\/media\/17508"}],"wp:attachment":[{"href":"https:\/\/redsemlac.com\/semmexico\/wp-json\/wp\/v2\/media?parent=17505"}],"wp:term":[{"taxonomy":"category","embeddable":true,"href":"https:\/\/redsemlac.com\/semmexico\/wp-json\/wp\/v2\/categories?post=17505"},{"taxonomy":"post_tag","embeddable":true,"href":"https:\/\/redsemlac.com\/semmexico\/wp-json\/wp\/v2\/tags?post=17505"}],"curies":[{"name":"wp","href":"https:\/\/api.w.org\/{rel}","templated":true}]}}