{"id":17497,"date":"2020-02-28T23:58:27","date_gmt":"2020-02-28T23:58:27","guid":{"rendered":"https:\/\/redsemlac.com\/semmexico\/?p=17497"},"modified":"2023-07-21T15:21:10","modified_gmt":"2023-07-21T20:21:10","slug":"contribuire-para-que-el-ine-sea-un-organo-creible-y-para-que-siga-su-camino-en-pro-de-la-igualdad-sara-lovera","status":"publish","type":"post","link":"https:\/\/redsemlac.com\/semmexico\/contribuire-para-que-el-ine-sea-un-organo-creible-y-para-que-siga-su-camino-en-pro-de-la-igualdad-sara-lovera\/","title":{"rendered":"Contribuir\u00e9 para que el INE sea un \u00f3rgano cre\u00edble y para que siga su camino en pro de la igualdad:  Sara Lovera"},"content":{"rendered":"\n<ul class=\"wp-block-list\"><li><strong>Instalan Comit\u00e9 T\u00e9cnico que evaluar\u00e1 a aspirantes a consejeros del INE<\/strong><\/li><\/ul>\n\n\n\n<p class=\"wp-block-paragraph\"><strong>Redacci\u00f3n<\/strong><\/p>\n\n\n\n<p class=\"wp-block-paragraph\">SemM\u00e9xico. Cd. de M\u00e9xico. En la C\u00e1mara de Diputados qued\u00f3 instalado el Comit\u00e9 T\u00e9cnico de Evaluaci\u00f3n para la Elecci\u00f3n de Consejeras y Consejeros del Instituto Nacional Electoral, el cual est\u00e1 integrado por Sara Lovera L\u00f3pez, Blanca Heredia Rubio, Diego Valad\u00e9s R\u00edos, Silvia Elena Giorguli Saucedo, Ana Laura Magaloni Kerpel, Ros\u00e9 Rold\u00e1n Xopa y John Mill Ackerman Rose.<\/p>\n\n\n\n<p class=\"wp-block-paragraph\">Al emitir su mensaje, el presidente de la Junta de Coordinaci\u00f3n Pol\u00edtica (Jucopo), diputado Mario Delgado Carrillo (Morena), expres\u00f3 que el principal objetivo de la instalaci\u00f3n de este Comit\u00e9 es lograr una aut\u00e9ntica democracia para el pueblo mexicano y reconoci\u00f3 la trayectoria de las y los integrantes y asever\u00f3 que cuentan con las credenciales suficientes que acreditan su capacidad y generan la confianza de que la democracia est\u00e1 en buenas manos.<\/p>\n\n\n\n<p class=\"wp-block-paragraph\">Delgado Carrillo dijo que, entre algunos de los elementos que destacan en este proceso es que se garantiza la paridad de g\u00e9nero al construir un Comit\u00e9 con la mitad de integrantes del g\u00e9nero femenino. Asimismo, enfatiz\u00f3 que, con esta designaci\u00f3n, se deja atr\u00e1s la pr\u00e1ctica en la que los dirigentes partidistas impon\u00edan los nombres para la integraci\u00f3n de este grupo de trabajo y destac\u00f3 que la democracia es un asunto de todos, por lo que todas las etapas del proceso de selecci\u00f3n ser\u00e1n trasmitidas por diversos medios de comunicaci\u00f3n y redes sociales.<\/p>\n\n\n\n<figure class=\"wp-block-gallery columns-2 is-cropped wp-block-gallery-1 is-layout-flex wp-block-gallery-is-layout-flex\"><ul class=\"blocks-gallery-grid\"><li class=\"blocks-gallery-item\"><figure><img decoding=\"async\" src=\"https:\/\/redsemlac.com\/semmexico\/wp-content\/uploads\/2020\/02\/WhatsApp-Image-2020-02-28-at-1.24.46-PM-1-1024x683.jpeg\" alt=\"\" data-id=\"17501\" data-full-url=\"https:\/\/redsemlac.com\/semmexico\/wp-content\/uploads\/2020\/02\/WhatsApp-Image-2020-02-28-at-1.24.46-PM-1.jpeg\" data-link=\"https:\/\/redsemlac.com\/semmexico\/?attachment_id=17501\" class=\"wp-image-17501\"\/><\/figure><\/li><li class=\"blocks-gallery-item\"><figure><img decoding=\"async\" src=\"https:\/\/redsemlac.com\/semmexico\/wp-content\/uploads\/2020\/02\/WhatsApp-Image-2020-02-28-at-1.24.46-PM-1024x682.jpeg\" alt=\"\" data-id=\"17502\" data-full-url=\"https:\/\/redsemlac.com\/semmexico\/wp-content\/uploads\/2020\/02\/WhatsApp-Image-2020-02-28-at-1.24.46-PM.jpeg\" data-link=\"https:\/\/redsemlac.com\/semmexico\/?attachment_id=17502\" class=\"wp-image-17502\"\/><\/figure><\/li><\/ul><\/figure>\n\n\n\n<p class=\"wp-block-paragraph\">Por otra parte, el tambi\u00e9n coordinador de Morena en la C\u00e1mara Baja, enfatiz\u00f3 que, entre los requisitos que los integrantes del Comit\u00e9 deben cumplir, se encuentran la pasi\u00f3n por el servicio p\u00fablico y una profunda convicci\u00f3n, as\u00ed como un cumulo de valores democr\u00e1ticos. Finalmente, recalc\u00f3 que los consejeros elegidos no ser\u00e1n empleados ni c\u00f3mplices de ning\u00fan partido.<\/p>\n\n\n\n<p class=\"wp-block-paragraph\">Durante la intervenci\u00f3n de los miembros del Comit\u00e9 T\u00e9cnico de Evaluaci\u00f3n, Sara Lovera L\u00f3pez, se\u00f1al\u00f3 que es la primera vez que una mujer periodista, \u201cuna mujer de base\u201d llega a un espacio como este, en donde se tienen que tomar decisiones en la democracia de un pa\u00eds.&nbsp;<\/p>\n\n\n\n<p class=\"wp-block-paragraph\">Se comprometi\u00f3 a contribuir para que sea un \u00f3rgano cre\u00edble, y agradeci\u00f3 la posibilidad de pertenecer al Comit\u00e9.&nbsp;<\/p>\n\n\n\n<p class=\"wp-block-paragraph\">Lovera L\u00f3pez destac\u00f3&nbsp;&nbsp;que desde su trabajo period\u00edstico ha documentado la violencia pol\u00edtica que han vivido las mujeres en su camino para ocupar puestos de decisi\u00f3n, como en el proceso electoral de 2018.&nbsp;<\/p>\n\n\n\n<p class=\"wp-block-paragraph\">\u201cPor eso agradezco esta oportunidad para poder debatir este asunto porque est\u00e1 la ley pero todo el andamiaje que tienen que recorrer las compa\u00f1eras en los municipios, en los congresos, en sus partidos pol\u00edticos es tortuoso. Creo que el INE ha creado un camino hacia la igualdad y hay que evaluar los perfiles para que siga su labor en este sentido porque nos esperan las elecciones m\u00e1s grandes, las de 2021\u201d.<\/p>\n\n\n\n<p class=\"wp-block-paragraph\">Adem\u00e1s, agradeci\u00f3 el reconocimiento que a trav\u00e9s de su persona hacen al gremio period\u00edstico que dijo \u201csomos los que vemos la realidad todos los d\u00edas y sabemos qu\u00e9 pasa.\u201d&nbsp;<\/p>\n\n\n\n<p class=\"wp-block-paragraph\">Por su parte Ros\u00e9 Rold\u00e1n Xopa, se pronunci\u00f3 por fortalecer la confianza en las instituciones durante el marco de los pr\u00f3ximos procesos pol\u00edticos, en los que debe prevalecer la objetividad y la imparcialidad. Agreg\u00f3, que el objetivo a conseguir es consolidar una democracia, por lo que asumi\u00f3 el compromiso de poner toda su capacidad y esfuerzo para lograr este precepto.<\/p>\n\n\n\n<p class=\"wp-block-paragraph\">En tanto, Silvia Elena Giorguli Saucedo, agradeci\u00f3 a la Jucopo por la invitaci\u00f3n y el nombramiento para participar en el Comit\u00e9 T\u00e9cnico de Evaluaci\u00f3n y reconoci\u00f3 que se trata de una encomienda que requiere de todo el esfuerzo y la confianza, misma que debe ser reflejada en la libertad y autonom\u00eda en el trabajo que se est\u00e1 por realizar.<\/p>\n\n\n\n<p class=\"wp-block-paragraph\">Por su parte, John Mill Ackerman Rose extern\u00f3 que este nombramiento representa una satisfacci\u00f3n profesional y en este sentido, refiri\u00f3 su experiencia lo largo de 30 a\u00f1os en temas de derecho electoral de los organismos aut\u00f3nomos. Adem\u00e1s, el investigador agradeci\u00f3 la confianza al brindarle este encargo, no obstante, recalc\u00f3 que, pese a la impugnaci\u00f3n de su nombramiento, \u00e9ste se encuentra dentro de la legalidad al cumplirse los principios de pluralidad.<\/p>\n\n\n\n<p class=\"wp-block-paragraph\">Despu\u00e9s, Ana Laura Magaloni Kerpel destac\u00f3 que la selecci\u00f3n de cuatro integrantes mujeres del Comit\u00e9 en el momento pol\u00edtico que M\u00e9xico atraviesa para la consolidaci\u00f3n de la democracia y para el proceso electoral que se avecina. Manifest\u00f3 que, en estos procesos, los \u00e1rbitros deben ser personas cre\u00edbles por su calidad y por la claridad de las razones que ofrecen frente al conflicto, las cuales son las leyes y las razones. Sin embargo, subray\u00f3 que su actuaci\u00f3n debe apegarse a los principios de independencia del \u00f3rgano electoral para garantizar un proceso razonable, transparente y objetivo.<\/p>\n\n\n\n<p class=\"wp-block-paragraph\">Blanca Heredia Rubio coincidi\u00f3 en reconocer la forma en que integr\u00f3 el Comit\u00e9 de Evaluaci\u00f3n y en garantizar un \u00e1rbitro cre\u00edble que de sustento a los procesos electorales. Asimismo, hizo un llamado por reconocer que los seres humanos tienen intereses diferentes que se pueden organizar de manera que permitan convivir entre estas constelaciones de valores y la mejor manera es a trav\u00e9s de este arbitro que permita hacerlo de manera razonada y pac\u00edfica. Puntualiz\u00f3 que antes que la consolidaci\u00f3n, la continuidad debe ser el piso base para la democracia.<\/p>\n\n\n\n<p class=\"wp-block-paragraph\">Finalmente, Diego Valad\u00e9s R\u00edos, se congratul\u00f3 porque el Comit\u00e9 est\u00e9 integrado por expertos en cinco diferentes disciplinas de las ciencias sociales. Agreg\u00f3 que el pa\u00eds ofrece opciones para representar a los ciudadanos en diferentes actividades y formas de ver y pensar el proceso pol\u00edtico, democr\u00e1tico y electoral, con un objetivo en com\u00fan: la democracia. Subray\u00f3 que en M\u00e9xico hay un serio problema de confianza en las instituciones, por lo que \u00e9sta se ha trasladado a las personas, por lo que exhort\u00f3 a contribuir para fortalecer la confianza en las instituciones.<\/p>\n","protected":false},"excerpt":{"rendered":"<p>Instalan Comit\u00e9 T\u00e9cnico que evaluar\u00e1 a aspirantes a consejeros del INE<\/p>\n","protected":false},"author":3,"featured_media":17498,"comment_status":"open","ping_status":"open","sticky":false,"template":"","format":"standard","meta":{"_monsterinsights_skip_tracking":false,"footnotes":""},"categories":[691,50],"tags":[],"class_list":["post-17497","post","type-post","status-publish","format-standard","has-post-thumbnail","category-691","category-congreso"],"_links":{"self":[{"href":"https:\/\/redsemlac.com\/semmexico\/wp-json\/wp\/v2\/posts\/17497","targetHints":{"allow":["GET"]}}],"collection":[{"href":"https:\/\/redsemlac.com\/semmexico\/wp-json\/wp\/v2\/posts"}],"about":[{"href":"https:\/\/redsemlac.com\/semmexico\/wp-json\/wp\/v2\/types\/post"}],"author":[{"embeddable":true,"href":"https:\/\/redsemlac.com\/semmexico\/wp-json\/wp\/v2\/users\/3"}],"replies":[{"embeddable":true,"href":"https:\/\/redsemlac.com\/semmexico\/wp-json\/wp\/v2\/comments?post=17497"}],"version-history":[{"count":0,"href":"https:\/\/redsemlac.com\/semmexico\/wp-json\/wp\/v2\/posts\/17497\/revisions"}],"wp:featuredmedia":[{"embeddable":true,"href":"https:\/\/redsemlac.com\/semmexico\/wp-json\/wp\/v2\/media\/17498"}],"wp:attachment":[{"href":"https:\/\/redsemlac.com\/semmexico\/wp-json\/wp\/v2\/media?parent=17497"}],"wp:term":[{"taxonomy":"category","embeddable":true,"href":"https:\/\/redsemlac.com\/semmexico\/wp-json\/wp\/v2\/categories?post=17497"},{"taxonomy":"post_tag","embeddable":true,"href":"https:\/\/redsemlac.com\/semmexico\/wp-json\/wp\/v2\/tags?post=17497"}],"curies":[{"name":"wp","href":"https:\/\/api.w.org\/{rel}","templated":true}]}}