{"id":17494,"date":"2020-02-28T23:46:12","date_gmt":"2020-02-28T23:46:12","guid":{"rendered":"https:\/\/redsemlac.com\/semmexico\/?p=17494"},"modified":"2023-07-21T15:21:10","modified_gmt":"2023-07-21T20:21:10","slug":"veracruz-45","status":"publish","type":"post","link":"https:\/\/redsemlac.com\/semmexico\/veracruz-45\/","title":{"rendered":"Contin\u00faan las cifras negras, asesinan a una mujer en Isla, Veracruz"},"content":{"rendered":"\n<p class=\"wp-block-paragraph\"><strong>Redacci\u00f3n<\/strong><\/p>\n\n\n\n<p class=\"wp-block-paragraph\">SemM\u00e9xico\/Billie Parker Noticias. Isla, Veracruz. 28 febrero\n2020.- Alrededor de las 13:00 horas de este viernes, asesinaron a una mujer con\narma de fuego, los hechos ocurrieron en la calle Cuauht\u00e9moc, entre Vallarta y 2\nde Abril en la colonia Centro de la ciudad isle\u00f1a.<\/p>\n\n\n\n<p class=\"wp-block-paragraph\">Este lamentable hecho fue en un negocio conocido como \u201cGALU\u201d\nd\u00f3nde un individuo en una motocicleta no identificada, el cual portaba un casco\nprotector \u2013 se desconoce su identidad-, le dispar\u00f3 a quemarropa a la mujer,\nidentificada como &nbsp;Ana V. C. quien era\nempleada del establecimiento. <\/p>\n\n\n\n<p class=\"wp-block-paragraph\">Reportes polic\u00edacos comentan que \u00e9ste sujeto lleg\u00f3 al lugar\nantes mencionado sin decir palabra alguna, sac\u00f3 una pistola y le dispar\u00f3 en la cara.\nD\u00e1ndose a la fuga en la motocicleta con rumbo desconocido.<\/p>\n\n\n\n<p class=\"wp-block-paragraph\">La v\u00edctima en un principio fue trasladada en ambulancia al Hospital Regional para recibir atenci\u00f3n m\u00e9dica, sin embargo al llegar al hospital perdi\u00f3 la vida.<\/p>\n\n\n\n<p class=\"wp-block-paragraph\">Tambi\u00e9n se dio a conocer que la v\u00edctima ten\u00eda su lugar de\nresidencia en el municipio de Juan Rodr\u00edguez Clara; posteriormente desde el\nhospital dieron aviso a la Unidad de Procuraci\u00f3n de Justicia de esta Ciudad de\nIsla, para que los elementos de la Fiscal\u00eda y la polic\u00eda ministerial realizaran\nlas indagatorias correspondientes. <\/p>\n\n\n\n<p class=\"wp-block-paragraph\">SEM\/Billie Parker Noticias<\/p>\n","protected":false},"excerpt":{"rendered":"<p>La v\u00edctima en un principio fue trasladada en ambulancia al Hospital Regional para recibir atenci\u00f3n m\u00e9dica, sin embargo al llegar al hospital perdi\u00f3 la vida.<\/p>\n","protected":false},"author":3,"featured_media":17495,"comment_status":"open","ping_status":"open","sticky":false,"template":"","format":"standard","meta":{"_monsterinsights_skip_tracking":false,"footnotes":""},"categories":[691,54],"tags":[],"class_list":["post-17494","post","type-post","status-publish","format-standard","has-post-thumbnail","category-691","category-mujeres"],"_links":{"self":[{"href":"https:\/\/redsemlac.com\/semmexico\/wp-json\/wp\/v2\/posts\/17494","targetHints":{"allow":["GET"]}}],"collection":[{"href":"https:\/\/redsemlac.com\/semmexico\/wp-json\/wp\/v2\/posts"}],"about":[{"href":"https:\/\/redsemlac.com\/semmexico\/wp-json\/wp\/v2\/types\/post"}],"author":[{"embeddable":true,"href":"https:\/\/redsemlac.com\/semmexico\/wp-json\/wp\/v2\/users\/3"}],"replies":[{"embeddable":true,"href":"https:\/\/redsemlac.com\/semmexico\/wp-json\/wp\/v2\/comments?post=17494"}],"version-history":[{"count":0,"href":"https:\/\/redsemlac.com\/semmexico\/wp-json\/wp\/v2\/posts\/17494\/revisions"}],"wp:featuredmedia":[{"embeddable":true,"href":"https:\/\/redsemlac.com\/semmexico\/wp-json\/wp\/v2\/media\/17495"}],"wp:attachment":[{"href":"https:\/\/redsemlac.com\/semmexico\/wp-json\/wp\/v2\/media?parent=17494"}],"wp:term":[{"taxonomy":"category","embeddable":true,"href":"https:\/\/redsemlac.com\/semmexico\/wp-json\/wp\/v2\/categories?post=17494"},{"taxonomy":"post_tag","embeddable":true,"href":"https:\/\/redsemlac.com\/semmexico\/wp-json\/wp\/v2\/tags?post=17494"}],"curies":[{"name":"wp","href":"https:\/\/api.w.org\/{rel}","templated":true}]}}