{"id":17491,"date":"2020-02-28T23:11:32","date_gmt":"2020-02-28T23:11:32","guid":{"rendered":"https:\/\/redsemlac.com\/semmexico\/?p=17491"},"modified":"2023-07-21T15:21:11","modified_gmt":"2023-07-21T20:21:11","slug":"guerrero-117","status":"publish","type":"post","link":"https:\/\/redsemlac.com\/semmexico\/guerrero-117\/","title":{"rendered":"Libran orden de aprehensi\u00f3n contra presunto feminicida en Guerrero"},"content":{"rendered":"\n<p class=\"wp-block-paragraph\"><strong>Josefina Aguilar Pastor<\/strong><\/p>\n\n\n\n<p class=\"wp-block-paragraph\">SemM\u00e9xico. Chilpancingo, Guerrero, 28&nbsp;de&nbsp;febrero&nbsp;de 2020.-&nbsp;La&nbsp;Fiscal\u00eda General del Estado (FGE), ejecut\u00f3 la orden de aprehensi\u00f3n en contra de Humbertino \u00abN\u00bb, quien fue vinculado a proceso como probable responsable de feminicidio en agravio de Rosa \u00abN\u00bb, hechos&nbsp;ocurridos&nbsp;en el poblado Bajos del Ejido, municipio de Coyuca de Ben\u00edtez, en la regi\u00f3n de Costa Grande de Guerrero.<\/p>\n\n\n\n<p class=\"wp-block-paragraph\">De acuerdo con las investigaciones de la instancia investigadora, Rosa \u201cN\u201d, fue vista con su&nbsp;pareja sentimental -hoy imputado-, el 23 de febrero de 2020 a las 10:00 horas;&nbsp;a las 17:00 de ese d\u00eda, \u00e9ste mismo&nbsp;llam\u00f3 a la madre de la v\u00edctima para decirle que fuera a buscar a su hija a la ciudad de Coyuca de Ben\u00edtez,porque la&nbsp;\u201chab\u00edan\u201d&nbsp;privado de la vida con arma blanca.<\/p>\n\n\n\n<p class=\"wp-block-paragraph\">Por este hecho, la FGE abri\u00f3&nbsp;la carpeta judicial&nbsp;C-109\/2020;&nbsp;el Ministerio P\u00fablico solicit\u00f3 la orden de aprehensi\u00f3n y Agentes Ministeriales detuvieron a Humbertino \u00abN\u00bb, quien qued\u00f3 a disposici\u00f3n del Juez de Control que en audiencia inicial lo vincul\u00f3 a proceso, decret\u00f3 la medida cautelar de prisi\u00f3n preventiva y fij\u00f3 un plazo de investigaci\u00f3n complementaria de cuatro meses.<\/p>\n\n\n\n<p class=\"wp-block-paragraph\">El cuerpo de Rosa \u00abN\u00bb, fue localizado el pasado 23 de los corrientes, en un camino de terracer\u00eda en la comunidad de Bajos del Ejido, del municipio de Coyuca de Ben\u00edtez, presentaba heridas por arma blanca.<\/p>\n\n\n\n<p class=\"wp-block-paragraph\">Rosa, fue la segunda mujer asesinada en menos de una semana en el municipio de Coyuca de&nbsp;Ben\u00edtez&nbsp;en esta segunda quincena de febrero;&nbsp;Jaqueline&nbsp;Ram\u00edrez Ramos,&nbsp;de 16 a\u00f1os,&nbsp;fue encontrada sin vida con un tiro en la cabeza,&nbsp;el 18 de este mes,&nbsp;en la comunidad de Los Cimientos, muy cerca de la cabecera municipal, horas antes, a trav\u00e9s de sus redes sociales hab\u00eda denunciado el acoso por parte de polic\u00edas municipales.<\/p>\n","protected":false},"excerpt":{"rendered":"<p> La Fiscal\u00eda General del Estado (FGE), ejecut\u00f3 la orden de aprehensi\u00f3n en contra de Humbertino \u00abN\u00bb, quien fue vinculado a proceso como probable responsable de feminicidio<\/p>\n","protected":false},"author":3,"featured_media":17492,"comment_status":"open","ping_status":"open","sticky":false,"template":"","format":"standard","meta":{"_monsterinsights_skip_tracking":false,"footnotes":""},"categories":[691,51],"tags":[],"class_list":["post-17491","post","type-post","status-publish","format-standard","has-post-thumbnail","category-691","category-ejecutivo"],"_links":{"self":[{"href":"https:\/\/redsemlac.com\/semmexico\/wp-json\/wp\/v2\/posts\/17491","targetHints":{"allow":["GET"]}}],"collection":[{"href":"https:\/\/redsemlac.com\/semmexico\/wp-json\/wp\/v2\/posts"}],"about":[{"href":"https:\/\/redsemlac.com\/semmexico\/wp-json\/wp\/v2\/types\/post"}],"author":[{"embeddable":true,"href":"https:\/\/redsemlac.com\/semmexico\/wp-json\/wp\/v2\/users\/3"}],"replies":[{"embeddable":true,"href":"https:\/\/redsemlac.com\/semmexico\/wp-json\/wp\/v2\/comments?post=17491"}],"version-history":[{"count":0,"href":"https:\/\/redsemlac.com\/semmexico\/wp-json\/wp\/v2\/posts\/17491\/revisions"}],"wp:featuredmedia":[{"embeddable":true,"href":"https:\/\/redsemlac.com\/semmexico\/wp-json\/wp\/v2\/media\/17492"}],"wp:attachment":[{"href":"https:\/\/redsemlac.com\/semmexico\/wp-json\/wp\/v2\/media?parent=17491"}],"wp:term":[{"taxonomy":"category","embeddable":true,"href":"https:\/\/redsemlac.com\/semmexico\/wp-json\/wp\/v2\/categories?post=17491"},{"taxonomy":"post_tag","embeddable":true,"href":"https:\/\/redsemlac.com\/semmexico\/wp-json\/wp\/v2\/tags?post=17491"}],"curies":[{"name":"wp","href":"https:\/\/api.w.org\/{rel}","templated":true}]}}