{"id":17488,"date":"2020-02-28T22:55:42","date_gmt":"2020-02-28T22:55:42","guid":{"rendered":"https:\/\/redsemlac.com\/semmexico\/?p=17488"},"modified":"2023-07-21T15:20:32","modified_gmt":"2023-07-21T20:20:32","slug":"crea-la-unam-coordinacion-de-igualdad-de-genero","status":"publish","type":"post","link":"https:\/\/redsemlac.com\/semmexico\/crea-la-unam-coordinacion-de-igualdad-de-genero\/","title":{"rendered":"Crea la UNAM Coordinaci\u00f3n de Igualdad de G\u00e9nero"},"content":{"rendered":"\n<ul class=\"wp-block-list\"><li><strong> La primera acci\u00f3n de la nueva Coordinaci\u00f3n ser\u00e1 convocar a foros por escuelas y facultades, y en los subsistemas de investigaci\u00f3n<\/strong><\/li><\/ul>\n\n\n\n<ul class=\"wp-block-list\"><li><strong> La doctora Tamara Mart\u00ednez Ruiz ser\u00e1 la titular de esta Coordinaci\u00f3n, que depender\u00e1 directamente de la Rector\u00eda.<\/strong><\/li><\/ul>\n\n\n\n<p class=\"wp-block-paragraph\"><strong>Redacci\u00f3n<\/strong><\/p>\n\n\n\n<p class=\"wp-block-paragraph\">SemM\u00e9xico. Cd. De M\u00e9xico. 28 de febrero de 2020.- Ante unas 400 mujeres universitarias, el rector Enrique Graue Wiechers anunci\u00f3 la creaci\u00f3n de la Coordinaci\u00f3n de Igualdad de G\u00e9nero de la UNAM, como parte integral de la estructura universitaria, dependiente de la Rector\u00eda. Su objetivo ser\u00e1 implementar e instrumentar las pol\u00edticas institucionales sobre la materia.<\/p>\n\n\n\n<p class=\"wp-block-paragraph\">Tendr\u00e1 ejes de acci\u00f3n transversal hacia las dem\u00e1s secretar\u00edas y coordinaciones de la instituci\u00f3n, y su primera acci\u00f3n ser\u00e1 convocar a foros por escuelas y facultades, y en los subsistemas de investigaci\u00f3n, con miras a un Congreso Universitario sobre G\u00e9nero.<\/p>\n\n\n\n<p class=\"wp-block-paragraph\">Asimismo, colaborar\u00e1 en la organizaci\u00f3n y difusi\u00f3n del foro Beijing+25, de ONU Mujeres, a efectuarse en el Centro Cultural Universitario Tlatelolco, los pr\u00f3ximos 7 y 8 de mayo.<\/p>\n\n\n\n<p class=\"wp-block-paragraph\">La titular de esta coordinaci\u00f3n, inform\u00f3 Graue, ser\u00e1 Tamara Mart\u00ednez Ruiz, exdirectora de la Escuela Nacional de Estudios Superiores unidad Morelia, y secretaria actual de la Comisi\u00f3n Especial de Equidad de G\u00e9nero del Consejo Universitario.<\/p>\n\n\n\n<p class=\"wp-block-paragraph\">En un mensaje en la Sala Miguel Covarrubias, acompa\u00f1ado de mujeres integrantes de la Junta de Gobierno; de decenas de alumnas y profesoras consejeras universitarias y t\u00e9cnicas de la Universidad; de la coordinadora de Humanidades; la abogada General; directoras de escuelas, facultades, centros e institutos, as\u00ed como de la defensora de los Derechos Universitarios, el rector afirm\u00f3 que las mujeres ya han esperado hasta l\u00edmites inaceptables, con un costo irreparable para miles de ellas, por lo que propuso ocho acciones concretas a desarrollar en los pr\u00f3ximos d\u00edas.<\/p>\n\n\n\n<ol class=\"wp-block-list\"><li> Se integrar\u00e1n unidades de atenci\u00f3n de denuncias en los diferentes planteles de la UNAM para la atenci\u00f3n expedita y eficaz a las quejas sobre violencia de g\u00e9nero.<\/li><li> Se establecer\u00e1 una pol\u00edtica institucional de debida diligencia en la atenci\u00f3n de estos casos, dirigida a los titulares de dependencias y entidades acad\u00e9micas.<\/li><li> Se enviar\u00e1 una iniciativa a la Comisi\u00f3n de Honor y Justicia del Consejo Universitario y a la Comisi\u00f3n Especial de Equidad de G\u00e9nero para la elaboraci\u00f3n de un C\u00f3digo de Conducta para prevenir la violencia de g\u00e9nero dentro de las relaciones universitarias.<\/li><li> Se pondr\u00e1 a disposici\u00f3n de todas y todos una encuesta sobre violencia de g\u00e9nero para conocer nuestra realidad y ayudar a prevenir estos actos.<\/li><li> Se sistematizar\u00e1n todas las solicitudes enviadas por los colectivos feministas de la UNAM para generar una s\u00edntesis de los principales problemas para ser incluidos en el Plan de Desarrollo Institucional.<\/li><li> Se llevar\u00e1 a cabo un programa de identificaci\u00f3n de espacios problem\u00e1ticos en torno a la violencia de g\u00e9nero y se renovar\u00e1n o har\u00e1n las adecuaciones necesarias.<\/li><li> Se reforzar\u00e1n con el Programa Camino Seguro los principales puntos de transporte p\u00fablico a los distintos campos de la UNAM, en concordancia con los proyectos de ciudades seguras de ONU Mujeres.<\/li><li> A trav\u00e9s de la Comisi\u00f3n de Seguridad del Consejo Universitario, con la asistencia de la abogada General y el soporte del Programa Universitario de Derechos Humanos, se adecuar\u00e1 el protocolo de actuaci\u00f3n en los casos de las universitarias asesinadas o desaparecidas para su fiel seguimiento.<\/li><\/ol>\n\n\n\n<p class=\"wp-block-paragraph\">El rector Graue precis\u00f3 que el objetivo de estas acciones es desmantelar las estructuras que permiten la violencia de g\u00e9nero y aquella que se ejerce hacia los grupos hist\u00f3ricamente discriminados; combatir la impunidad y el encubrimiento.<\/p>\n\n\n\n<p class=\"wp-block-paragraph\">Igualmente, contar con un sistema de justicia interna ejemplar que est\u00e9 siempre presente y sea expedito; que apoye, acompa\u00f1e y no revictimice; que sea emp\u00e1tico y brinde atenci\u00f3n psicol\u00f3gica a quien lo demande; y encontrar las mejores formas para la reparaci\u00f3n del da\u00f1o a las v\u00edctimas y las medidas para impedir la reincidencia de los agresores.<\/p>\n\n\n\n<p class=\"wp-block-paragraph\">La lucha de las mujeres, dijo el rector, est\u00e1 llena de verdades y dignidad. \u201cDignidad y respeto que nos debemos todos, y por eso tajantemente reprobamos y deploramos los actos de violencia y vandalismo que grupos ajenos a los leg\u00edtimos intereses del movimiento han perpetrado en contra de la Universidad\u201d.<\/p>\n\n\n\n<p class=\"wp-block-paragraph\">Lo cierto, lo verdaderamente importante es que ellas est\u00e1n apresurando transformaciones imperiosas y necesarias para vivir con igualdad, paz, tranquilidad y justicia. \u201cEs un llamado de urgencia que debe ser escuchado y entendido en toda su dimensi\u00f3n. La sociedad no debe esperar y la comunidad universitaria tampoco\u201d, remarc\u00f3.<\/p>\n\n\n\n<p class=\"wp-block-paragraph\">Al abundar sobre las funciones y atribuciones de la Coordinaci\u00f3n, Graue expuso que en conjunto con la secretar\u00eda General, instrumentar\u00e1 en los programas de bienvenida cursos sobre igualdad de g\u00e9nero; establecer\u00e1 una estrategia permanente de educaci\u00f3n continua en materia de g\u00e9nero y un cat\u00e1logo de oferta de cursos en l\u00ednea y presenciales en todos los campi de la UNAM, para toda la comunidad.<\/p>\n\n\n\n<p class=\"wp-block-paragraph\">Tambi\u00e9n propondr\u00e1 la revisi\u00f3n de planes y programas de estudio para incluir la perspectiva de g\u00e9nero, as\u00ed como de los programas de superaci\u00f3n y actualizaci\u00f3n docente, de tutor\u00edas y renovaci\u00f3n de est\u00edmulos.<\/p>\n\n\n\n<p class=\"wp-block-paragraph\">De igual forma, con la secretar\u00eda General y la de Desarrollo Institucional, instrumentar\u00e1 la creaci\u00f3n de especialidades y diplomados a distancia en torno a la problem\u00e1tica de g\u00e9nero.<\/p>\n\n\n\n<p class=\"wp-block-paragraph\">En conjunto con las secretar\u00edas y coordinaciones dependientes de la Rector\u00eda, crear\u00e1 y divulgar\u00e1 materiales did\u00e1cticos con perspectiva de g\u00e9nero; impulsar\u00e1 la creaci\u00f3n de comit\u00e9s de equidad en todas las entidades acad\u00e9micas y dependencias de la UNAM y mantendr\u00e1 un contacto estrecho con ellos, con el CIEG y con la Comisi\u00f3n Especial de Equidad de G\u00e9nero del Consejo Universitario.<\/p>\n\n\n\n<p class=\"wp-block-paragraph\">Adem\u00e1s, pondr\u00e1 en marcha programas permanentes \u2013en l\u00ednea o presenciales\u2013 en materia de g\u00e9nero y derechos humanos dirigidos a funcionarios y personal administrativo; organizar\u00e1 un curso obligatorio de g\u00e9nero, presencial, para los altos funcionarios de la UNAM \u2013rector, staff, directores de escuelas, facultades, programas e institutos\u2013. \u201cSer\u00e9 el primero en tomarlo y espero que todos los funcionarios y directores me acompa\u00f1en\u201d, afirm\u00f3 el rector.<\/p>\n\n\n\n<p class=\"wp-block-paragraph\">En conjunto con la Coordinaci\u00f3n de Difusi\u00f3n Cultural y la Direcci\u00f3n de Comunicaci\u00f3n Social, la nueva Coordinaci\u00f3n establecer\u00e1 un programa de radio universitario sobre violencia e igualdad de g\u00e9nero; colaborar\u00e1 en las convocatorias para difundir y crear premios y estimular\u00e1 hashtags sobre estos temas.<\/p>\n\n\n\n<p class=\"wp-block-paragraph\">Tambi\u00e9n incidir\u00e1 en la creaci\u00f3n de programas permanentes de difusi\u00f3n cultural en materia de g\u00e9nero, derechos humanos e inclusi\u00f3n; realizar\u00e1 campa\u00f1as permanentes en medios escritos, portales oficiales y en redes sociales para prevenir la violencia de g\u00e9nero, crear nuevas masculinidades y fortalecer la igualdad.<\/p>\n\n\n\n<p class=\"wp-block-paragraph\">\u201cHemos de seguir modificando nuestra legislaci\u00f3n hasta conseguir la paridad igualitaria en todos nuestros \u00f3rganos de representaci\u00f3n directa. Ya lo hicimos hacia los \u00f3rganos internos de la Escuela Nacional Preparatoria y el Colegio de Ciencias y Humanidades, y debemos proseguir con Consejos T\u00e9cnicos y el Consejo Universitario e insistir hasta que seamos una universidad en igualdad\u201d, a\u00f1adi\u00f3.<\/p>\n\n\n\n<p class=\"wp-block-paragraph\">Este trayecto no va a ser sencillo, pero es posible lograrlo. Habr\u00e1 acciones inmediatas y otras a mediano y largo plazos, algunas ser\u00e1n bien aceptadas y otras encontrar\u00e1n las resistencias que todo cambio provoca.<\/p>\n\n\n\n<p class=\"wp-block-paragraph\">\u201cSiempre estar\u00e9 atento y abierto a comentarios y propuestas de la comunidad. Seamos la Universidad que queremos ser: nacional, aut\u00f3noma, igualitaria y profundamente mexicana. Por una UNAM con todas las mujeres\u201d.\n\n<\/p>\n","protected":false},"excerpt":{"rendered":"<p>La doctora Tamara Mart\u00ednez Ruiz ser\u00e1 la titular de esta Coordinaci\u00f3n, que depender\u00e1 directamente de la Rector\u00eda.<\/p>\n","protected":false},"author":3,"featured_media":17489,"comment_status":"open","ping_status":"open","sticky":false,"template":"","format":"standard","meta":{"_monsterinsights_skip_tracking":false,"footnotes":""},"categories":[691,51],"tags":[],"class_list":["post-17488","post","type-post","status-publish","format-standard","has-post-thumbnail","category-691","category-ejecutivo"],"_links":{"self":[{"href":"https:\/\/redsemlac.com\/semmexico\/wp-json\/wp\/v2\/posts\/17488","targetHints":{"allow":["GET"]}}],"collection":[{"href":"https:\/\/redsemlac.com\/semmexico\/wp-json\/wp\/v2\/posts"}],"about":[{"href":"https:\/\/redsemlac.com\/semmexico\/wp-json\/wp\/v2\/types\/post"}],"author":[{"embeddable":true,"href":"https:\/\/redsemlac.com\/semmexico\/wp-json\/wp\/v2\/users\/3"}],"replies":[{"embeddable":true,"href":"https:\/\/redsemlac.com\/semmexico\/wp-json\/wp\/v2\/comments?post=17488"}],"version-history":[{"count":0,"href":"https:\/\/redsemlac.com\/semmexico\/wp-json\/wp\/v2\/posts\/17488\/revisions"}],"wp:featuredmedia":[{"embeddable":true,"href":"https:\/\/redsemlac.com\/semmexico\/wp-json\/wp\/v2\/media\/17489"}],"wp:attachment":[{"href":"https:\/\/redsemlac.com\/semmexico\/wp-json\/wp\/v2\/media?parent=17488"}],"wp:term":[{"taxonomy":"category","embeddable":true,"href":"https:\/\/redsemlac.com\/semmexico\/wp-json\/wp\/v2\/categories?post=17488"},{"taxonomy":"post_tag","embeddable":true,"href":"https:\/\/redsemlac.com\/semmexico\/wp-json\/wp\/v2\/tags?post=17488"}],"curies":[{"name":"wp","href":"https:\/\/api.w.org\/{rel}","templated":true}]}}