{"id":17485,"date":"2020-02-28T22:48:37","date_gmt":"2020-02-28T22:48:37","guid":{"rendered":"https:\/\/redsemlac.com\/semmexico\/?p=17485"},"modified":"2023-07-21T15:20:33","modified_gmt":"2023-07-21T20:20:33","slug":"discriminacion-por-discapacidad-la-otra-forma-de-violencia","status":"publish","type":"post","link":"https:\/\/redsemlac.com\/semmexico\/discriminacion-por-discapacidad-la-otra-forma-de-violencia\/","title":{"rendered":"Discriminaci\u00f3n por discapacidad, la otra forma de violencia"},"content":{"rendered":"\n<ul class=\"wp-block-list\"><li><strong>Escuelas privadas niegan el ingreso a\u00a0adolescente por \u201cno contar con las instalaciones adecuadas\u201d<\/strong><\/li><\/ul>\n\n\n\n<ul class=\"wp-block-list\"><li><strong>Llevan casi dos a\u00f1os en espera de una respuesta<\/strong><\/li><\/ul>\n\n\n\n<p class=\"wp-block-paragraph\"><strong>Soledad Jarqu\u00edn Edgar<\/strong><\/p>\n\n\n\n<p class=\"wp-block-paragraph\">SemM\u00e9xico, Cd. de M\u00e9xico, 28 de febrero 2020.- Vale tiene 17 a\u00f1os, hace casi dos a\u00f1os termin\u00f3 la secundaria, pero la discriminaci\u00f3n impide poder seguir con sus estudios de preparatoria.<\/p>\n\n\n\n<p class=\"wp-block-paragraph\">Una discapacidad motriz&nbsp;es la raz\u00f3n por la que no ha sido aceptada en instituciones privadas donde su familia ha tratado de inscribirla, aunque su primera opci\u00f3n fue un bachillerato de la UNAM, donde lamentablemente no pas\u00f3 el examen de admisi\u00f3n.<\/p>\n\n\n\n<p class=\"wp-block-paragraph\">La no asistencia a la escuela ha provocado depresi\u00f3n en la adolescente, refiere su madre Blanca Fuentes quien ha hecho todo un periplo en las instituciones educativas sin tener resultado, adem\u00e1s, de un camino igual de largo en el Consejo para Prevenir y Eliminar la Discriminaci\u00f3n en la Ciudad de M\u00e9xico.<\/p>\n\n\n\n<p class=\"wp-block-paragraph\">A finales de septiembre de 2018, optaron por la escuela privada,&nbsp;por lo que acudieron al Centro Universitario M\u00e9xico&nbsp;(CUM)&nbsp;de Benito Ju\u00e1rez, donde la instituci\u00f3n decidi\u00f3 que estar\u00eda a prueba en Casa Shalom del CUM, donde asisten ni\u00f1os y ni\u00f1as con discapacidad.<\/p>\n\n\n\n<p class=\"wp-block-paragraph\">Un mes despu\u00e9s les informaron, una maestra porque el director no pod\u00eda atenderla, que no pod\u00edan aceptar a su hija porque no ten\u00eda discapacidad mental y tampoco pod\u00edan recibirla en la escuela regular porque no contaban con la infraestructura adecuada, por tanto dijeron no har\u00edan las adecuaciones solo por una persona.<\/p>\n\n\n\n<p class=\"wp-block-paragraph\">En enero de 2019 volvieron a insistir, esta vez en el CUM Tl\u00e1huac, primero telef\u00f3nicamente y de manera presencial en febrero del mismo a\u00f1o, pero la respuesta fue la misma: no ten\u00edan instalaciones adecuadas por lo que Vale no ser\u00eda aceptada nuevamente, sin ni siquiera aplicarle el examen de admisi\u00f3n.<\/p>\n\n\n\n<p class=\"wp-block-paragraph\">Solicit\u00f3 la intervenci\u00f3n del Consejo para Prevenir y Eliminar la Discriminaci\u00f3n en la Ciudad de M\u00e9xico, luego de que su hija estaba siendo discriminada por la instituci\u00f3n de educaci\u00f3n.<\/p>\n\n\n\n<p class=\"wp-block-paragraph\">Tambi\u00e9n en septiembre de 2018 hizo la solicitud de ingreso a la escuela preparatoria de la Universidad del Valle de M\u00e9xico&nbsp;(UVM), plantel Coyoac\u00e1n, y al plantel Roma. En la primera dijeron que no ten\u00edan infraestructura adecuada para recibir a la adolescente que entonces ten\u00eda 15 a\u00f1os.&nbsp;El pretexto fue que se hab\u00eda&nbsp;pasado el tiempo de las inscripciones, la realidad es que nunca hicieron el ba\u00f1o para personas con discacidad.&nbsp;<\/p>\n\n\n\n<p class=\"wp-block-paragraph\">\u00bfY la inclusi\u00f3n? Pregunta la mam\u00e1 de Vale.<\/p>\n\n\n\n<p class=\"wp-block-paragraph\">En el plantel Roma le advirtieron que en caso de sismo Vale deb\u00eda aprender a replegarse y a permanecer sola, adem\u00e1s de que los laboratorios se encontraban en el segundo y tercer piso.&nbsp;<\/p>\n\n\n\n<p class=\"wp-block-paragraph\">Frente a esa respuesta Blanca Fuentes su madre opt\u00f3 por no inscribir a su hija en dicha instituci\u00f3n.<\/p>\n\n\n\n<p class=\"wp-block-paragraph\">En agosto de 2019, la UVM, plantel Tl\u00e1huac Sur, la directora del plantel, Mar\u00eda Eugenia Mier Ortega, le indic\u00f3 que evaluar\u00edan su caso. Despu\u00e9s le asegur\u00f3 que el personal docente estaba de acuerdo y aceptar\u00edan \u201cel reto\u201d, incluso ver\u00edan qu\u00e9 modificaciones tendr\u00edan que hacer a las instalaciones&nbsp;y que la madre de Vale fungiera como sombra, lo que deb\u00eda aprobar la Rector\u00eda.<\/p>\n\n\n\n<p class=\"wp-block-paragraph\">Sin embargo, en septiembre de 2019 le informaron que la Rector\u00eda de la UVM no hab\u00eda autorizado el ingreso de la ni\u00f1a porque no hab\u00edan realizado el tr\u00e1mite legal para la asistencia de sombra y que volviera el pr\u00f3ximo a\u00f1o.<\/p>\n\n\n\n<p class=\"wp-block-paragraph\">Blanca Fuentes est\u00e1 a la espera de la respuesta del Consejo para Prevenir y Eliminar la Discriminaci\u00f3n en la Ciudad de M\u00e9xico, situaci\u00f3n que ha provocado una depresi\u00f3n en su hija y desesperaci\u00f3n ante la posible violaci\u00f3n a su derecho a la educaci\u00f3n.<\/p>\n\n\n\n<p class=\"wp-block-paragraph\">Cabe se\u00f1alar que en M\u00e9xico, de acuerdo&nbsp;al Censo de Poblaci\u00f3n y Vivienda 2010, hab\u00eda en el Distrito Federal&nbsp;483 mil&nbsp;45 personas con discapacidad, representando el 5.46 por ciento&nbsp;del total de loshabitantes, de las cuales 56.9 por ciento son mujeres y 43.1por ciento, hombres.&nbsp;<\/p>\n\n\n\n<p class=\"wp-block-paragraph\">Por condici\u00f3n de limitaci\u00f3n en la actividad, la de movilidad es la m\u00e1s frecuente en el Distrito Federal representando un 60.2&nbsp;por ciento,&nbsp;la m\u00e1s alta de todas las discapacidades.<\/p>\n\n\n\n<p class=\"wp-block-paragraph\">SEM\/sj<br><\/p>\n","protected":false},"excerpt":{"rendered":"<p>Llevan casi dos a\u00f1os en espera de una respuesta<\/p>\n","protected":false},"author":3,"featured_media":17486,"comment_status":"open","ping_status":"open","sticky":false,"template":"","format":"standard","meta":{"_monsterinsights_skip_tracking":false,"footnotes":""},"categories":[691,51],"tags":[],"class_list":["post-17485","post","type-post","status-publish","format-standard","has-post-thumbnail","category-691","category-ejecutivo"],"_links":{"self":[{"href":"https:\/\/redsemlac.com\/semmexico\/wp-json\/wp\/v2\/posts\/17485","targetHints":{"allow":["GET"]}}],"collection":[{"href":"https:\/\/redsemlac.com\/semmexico\/wp-json\/wp\/v2\/posts"}],"about":[{"href":"https:\/\/redsemlac.com\/semmexico\/wp-json\/wp\/v2\/types\/post"}],"author":[{"embeddable":true,"href":"https:\/\/redsemlac.com\/semmexico\/wp-json\/wp\/v2\/users\/3"}],"replies":[{"embeddable":true,"href":"https:\/\/redsemlac.com\/semmexico\/wp-json\/wp\/v2\/comments?post=17485"}],"version-history":[{"count":0,"href":"https:\/\/redsemlac.com\/semmexico\/wp-json\/wp\/v2\/posts\/17485\/revisions"}],"wp:featuredmedia":[{"embeddable":true,"href":"https:\/\/redsemlac.com\/semmexico\/wp-json\/wp\/v2\/media\/17486"}],"wp:attachment":[{"href":"https:\/\/redsemlac.com\/semmexico\/wp-json\/wp\/v2\/media?parent=17485"}],"wp:term":[{"taxonomy":"category","embeddable":true,"href":"https:\/\/redsemlac.com\/semmexico\/wp-json\/wp\/v2\/categories?post=17485"},{"taxonomy":"post_tag","embeddable":true,"href":"https:\/\/redsemlac.com\/semmexico\/wp-json\/wp\/v2\/tags?post=17485"}],"curies":[{"name":"wp","href":"https:\/\/api.w.org\/{rel}","templated":true}]}}