{"id":17482,"date":"2020-02-28T22:31:39","date_gmt":"2020-02-28T22:31:39","guid":{"rendered":"https:\/\/redsemlac.com\/semmexico\/?p=17482"},"modified":"2023-07-21T15:20:33","modified_gmt":"2023-07-21T20:20:33","slug":"la-apuesta-por-un-feminismo-popular-el-libro-leonas-y-zorras-estrategias-politicas-feministas-de-clara-serra","status":"publish","type":"post","link":"https:\/\/redsemlac.com\/semmexico\/la-apuesta-por-un-feminismo-popular-el-libro-leonas-y-zorras-estrategias-politicas-feministas-de-clara-serra\/","title":{"rendered":"La apuesta por un feminismo popular, el libro \u201cLeonas y zorras: Estrategias pol\u00edticas feministas\u201d de Clara Serra"},"content":{"rendered":"\n<p class=\"wp-block-paragraph\"><strong>Elda Montiel\u00a0<\/strong><\/p>\n\n\n\n<p class=\"wp-block-paragraph\">SemM\u00e9xixo. Cd. De M\u00e9xico. 28 de febrero de 2020.- La presentaci\u00f3n del libro de\u00a0Clara Serra, feminista, fil\u00f3sofa, pol\u00edtica, y acad\u00e9mica,\u00a0\u00abLeonas y zorras: Estrategias pol\u00edticas feministas\u00bb, presentado en la librer\u00eda y galer\u00eda de Mujeres U-t\u00f3picas,\u00a0es\u00a0una apuesta por un feminismo popular en el que no importa c\u00f3mo se\u00a0exprese,\u00a0pero\u00a0tiene como objetivo ganar el poder; se da en el contexto de un\u00a0paro nacional de mujeres en M\u00e9xico,\u00a0el pr\u00f3ximo 9 de marzo,\u00a0el cual consiste en no asistir a laborar, a clases, no consumir, no salir, no hacer trabajo dom\u00e9stico.<\/p>\n\n\n\n<p class=\"wp-block-paragraph\">\u201cEl nueve ninguna se mueve\u201d es una iniciativa que&nbsp;surgi\u00f3 ante la falta de respuesta de las autoridades para frenar la&nbsp;violencia contra las mujeres, en nuestro pa\u00eds, y en voz de&nbsp;la senadora&nbsp;Patricia Mercado va a constituir \u201cun antes y un despu\u00e9s\u201d, ya que es un movimiento social muy fuerte de&nbsp;ganar legitimidad:\u00bfC\u00f3mo&nbsp;podemos&nbsp;construir la visi\u00f3n en contextos? \u00bfse vale decir&nbsp;feminismo&nbsp;de derecha o feminismo de&nbsp;izquierda?<\/p>\n\n\n\n<p class=\"wp-block-paragraph\">Al presentar a la autora espa\u00f1ola, integrante del partido pol\u00edtico de izquierda \u201cPodemos\u201d en Espa\u00f1a, Patricia Mercado destac\u00f3 que este libro nos ayuda a entender la idea de feminismo laico, de hacer alianzas para&nbsp;poner en el centro&nbsp;de la agenda, la visi\u00f3n feminista m\u00e1s que posiciones, y que&nbsp;es muy bien acogida por parte de la sociedad de mujeres j\u00f3venes.&nbsp;&nbsp;<\/p>\n\n\n\n<p class=\"wp-block-paragraph\">La autora apuesta por&nbsp;construir un feminismo popular y de mayor\u00edas, inclusivo,&nbsp;y&nbsp;reflexiona sobre los dilemas que aparecen cuando va ganando la partida<strong>.<\/strong><strong>&nbsp;<\/strong>Como resultado de la experiencia como militante y&nbsp;responsable, entre 2014 y 2016, del&nbsp;\u00c1rea de Igualdad, Feminismos y Sexualidades del partido pol\u00edtico&nbsp;de izquierda&nbsp;Podemos. Desde 2015 es diputada en la Asamblea de Madrid<strong>.<\/strong><\/p>\n\n\n\n<p class=\"wp-block-paragraph\">Clara Serra expuso que es&nbsp;complicado ser feminista en un partido que naci\u00f3 con una fort\u00edsima conciencia estrat\u00e9gica, y c\u00f3mo cuando la&nbsp;pol\u00edtica se concibe en clave estrat\u00e9gica las mujeres y las feministas quedamos especialmente fuera de juego.<\/p>\n\n\n\n<p class=\"wp-block-paragraph\">El t\u00edtulo&nbsp;del libro&nbsp;parte de un c\u00e9lebre pasaje de Maquiavelo,&nbsp;el consejero pol\u00edtico m\u00e1s famoso de todos los tiempos, en el que afirma que los pr\u00edncipes o los gobernantes deben saber imitar, de entre todos los animales, al le\u00f3n y a la zorra, porque sus respectivas virtudes son imprescindibles para la pol\u00edtica.&nbsp;<\/p>\n\n\n\n<p class=\"wp-block-paragraph\">\u00bfQu\u00e9 pasa, sin embargo, cuando las mujeres \u2014olvidadas por Maquiavelo, la pol\u00edtica y la historia\u2014 reclaman&nbsp;tambi\u00e9n poder ser leonas y zorras?&nbsp;Es la principal reflexi\u00f3n&nbsp;de Clara Serra,&nbsp;ya que tiene&nbsp;que ver con la exclusi\u00f3n de las mujeres de la esfera p\u00fablica y del ejercicio de la pol\u00edtica.&nbsp;<\/p>\n\n\n\n<p class=\"wp-block-paragraph\">Se maneja la&nbsp;naturalizaci\u00f3n de la fuerza como una virtud masculina y la estigmatizaci\u00f3n de la seducci\u00f3n como un peligroso vicio femenino;&nbsp;son dos v\u00edas de negar el acceso de las mujeres al poder pol\u00edtico. El&nbsp;libro quiere visibilizar esa exclusi\u00f3n y contribuir a combatirla.<\/p>\n\n\n\n<p class=\"wp-block-paragraph\">La autora le apuesta a que&nbsp;el feminismo sea popular y no quede restringido a una minor\u00eda intelectual, cultural y econ\u00f3mica,&nbsp;considera que&nbsp;es fundamental hacerlo accesible para todas las mujeres, no solamente para las que ya son feministas sino ser capaces de seguir ampliando el n\u00famero, sobre todo para aquellas mujeres que a\u00fan no se consideran feministas.<\/p>\n\n\n\n<p class=\"wp-block-paragraph\">Tambi\u00e9n&nbsp;apuesta&nbsp;por&nbsp;un feminismo estrat\u00e9gico&nbsp;que&nbsp;saque a la luz las exclusiones que m\u00e1s han servido para bloquear&nbsp;su&nbsp;acceso a la pol\u00edtica. Un feminismo que demuestre que el feminismo no solamente sabe ganar, sino que puede convertirse en una fuerza popular y transversal que suponga la mayor oportunidad de cambio pol\u00edtico y transformaci\u00f3n social para los tiempos que vienen.&nbsp;<\/p>\n\n\n\n<p class=\"wp-block-paragraph\">Un feminismo no pensado al servicio de nosotras mismas y nuestra identidad feminista, sino que se entienda a s\u00ed mismo como una herramienta al servicio de otra cosa y que se dirija justamente a todas las que faltan y con las que queremos construir un pa\u00eds y un mundo mejor. Creo firmemente que ese es el feminismo m\u00e1s valiente, m\u00e1s radical y m\u00e1s transformador que hoy d\u00eda podemos hacer.<\/p>\n\n\n\n<p class=\"wp-block-paragraph\">Tambi\u00e9n se cuestiona el por qu\u00e9 no aprovechar que el feminismo est\u00e1 de moda, que goza de buena&nbsp;presencia en los medios y en la publicidad<strong>,<\/strong>&nbsp;muchas famosas se declaran con orgullo feministas,&nbsp;y&nbsp;las marcas de ropa utilizan sus lemas en sus prendas.&nbsp;Y cuestiona&nbsp;\u00bfEs esto una mala noticia para el feminismo?<strong>&nbsp;<\/strong>\u00bfPueden tener dichas manifestaciones, pese su origen \u00abenemigo\u00bb, efectos positivos y transformadores? \u00bfSon suficientes las razones y los principios morales para persuadir de la justicia de las causas feministas?&nbsp;\u00bfQu\u00e9 papel juegan el deseo, el humor y la alegr\u00eda en sus luchas? \u00bfCu\u00e1l es el objetivo del feminismo?<\/p>\n\n\n\n<p class=\"wp-block-paragraph\"><strong>En M\u00e9xico, las mujeres quieren respuestas: Patricia Mercado&nbsp;<\/strong><\/p>\n\n\n\n<p class=\"wp-block-paragraph\">La senadora Patricia Mercado se\u00f1al\u00f3 que en M\u00e9xico estamos viviendo un momento muy importante, un movimiento muy fuerte de j\u00f3venes feministas, que son retadoras y que quieren respuestas.&nbsp;<\/p>\n\n\n\n<p class=\"wp-block-paragraph\">Refiri\u00f3 que en el Senado se present\u00f3&nbsp;una colectiva de feministas&nbsp;ante las senadoras demandando acciones, cansadas ya de respuestas tan tibias,&nbsp;en particular sobre la violencia que se padece a nivel nacional. C\u00f3mo diciendo si se suman tienen que dar cuentas de lo que han hecho.&nbsp;<\/p>\n\n\n\n<p class=\"wp-block-paragraph\">Mientras que la periodista Nayeli Roldan, coautora del reportaje \u201cLa estafa maestra\u201d, recomend\u00f3&nbsp;ampliamente la lectura del libro, ya que refleja que las mujeres no solo quieren la igualdad, sino que tambi\u00e9n se reconozcan las diferencias, la pluralidad, que se escuchen todas las voces, todas las formas de protesta.&nbsp;<\/p>\n\n\n\n<p class=\"wp-block-paragraph\">Que no solo se trata de feministas como grupos apartados, que el feminismo tiene que estar en todos los \u00e1mbitos, en los barrios pobres, y que no forzosamente tienen que saber qui\u00e9n es Simone de Beauvior, y&nbsp;manifest\u00f3 su aprobaci\u00f3n de&nbsp;que est\u00e9nprotestando en&nbsp;escuelas p\u00fablicas, por ejemplo, en el Estado de M\u00e9xico, porque es donde est\u00e1n m\u00e1s en peligro las&nbsp;mujeres por&nbsp;los feminicidios. &nbsp;<\/p>\n\n\n\n<p class=\"wp-block-paragraph\">Nayeli&nbsp;puso en&nbsp;evidencia c\u00f3mo&nbsp;reaccionan&nbsp;ante el paro del 9 de marzo,&nbsp;la sociedad, los hombres, las empresas, medios de comunicaci\u00f3n, el mismo gobierno,&nbsp;con su \u201cles damos el permiso de faltar\u201d. No entienden nada, estamos protestando por todo lo que no nos dan, estamos evidenciado con la ausencia este espacio que hemos ganado en las escuelas, no han sido concesiones de los hombres, ha sido una ganancia de las mujeres.&nbsp;<\/p>\n\n\n\n<p class=\"wp-block-paragraph\">Guadalupe Salmor\u00e1n del Instituto de Investigaciones Jur\u00eddicas de la UNAM, tambi\u00e9n recomend\u00f3 el libro sobre todo por el contexto que vivimos en nuestro pa\u00eds. Dijo que&nbsp;ella&nbsp;se asume como feminista tard\u00eda, y que vive el feminismo d\u00eda a d\u00eda, ya que forma parte de las Comisiones de Igualdad de G\u00e9nero en la Universidad. &nbsp;&nbsp;<\/p>\n\n\n\n<p class=\"wp-block-paragraph\">U-T\u00f3picas, Librer\u00eda y galer\u00eda de mujeres, en donde se&nbsp;encuentran las propuestas de autoras de narrativa, poes\u00eda, teatro, filosof\u00eda, pol\u00edtica y estudios de g\u00e9nero, entre otras categor\u00edas literarias. Se ofrece tambi\u00e9n una variedad de artes manuales y textiles creadas por mujeres de colectivos ind\u00edgenas, obtenidas a trav\u00e9s de comercio justo.&nbsp;<br><\/p>\n","protected":false},"excerpt":{"rendered":"<p>Patricia Mercado destac\u00f3 que este libro nos ayuda a entender la idea de feminismo laico, de hacer alianzas para poner en el centro de la agenda, la visi\u00f3n feminista <\/p>\n","protected":false},"author":3,"featured_media":17483,"comment_status":"open","ping_status":"open","sticky":false,"template":"","format":"standard","meta":{"_monsterinsights_skip_tracking":false,"footnotes":""},"categories":[691,54],"tags":[],"class_list":["post-17482","post","type-post","status-publish","format-standard","has-post-thumbnail","category-691","category-mujeres"],"_links":{"self":[{"href":"https:\/\/redsemlac.com\/semmexico\/wp-json\/wp\/v2\/posts\/17482","targetHints":{"allow":["GET"]}}],"collection":[{"href":"https:\/\/redsemlac.com\/semmexico\/wp-json\/wp\/v2\/posts"}],"about":[{"href":"https:\/\/redsemlac.com\/semmexico\/wp-json\/wp\/v2\/types\/post"}],"author":[{"embeddable":true,"href":"https:\/\/redsemlac.com\/semmexico\/wp-json\/wp\/v2\/users\/3"}],"replies":[{"embeddable":true,"href":"https:\/\/redsemlac.com\/semmexico\/wp-json\/wp\/v2\/comments?post=17482"}],"version-history":[{"count":0,"href":"https:\/\/redsemlac.com\/semmexico\/wp-json\/wp\/v2\/posts\/17482\/revisions"}],"wp:featuredmedia":[{"embeddable":true,"href":"https:\/\/redsemlac.com\/semmexico\/wp-json\/wp\/v2\/media\/17483"}],"wp:attachment":[{"href":"https:\/\/redsemlac.com\/semmexico\/wp-json\/wp\/v2\/media?parent=17482"}],"wp:term":[{"taxonomy":"category","embeddable":true,"href":"https:\/\/redsemlac.com\/semmexico\/wp-json\/wp\/v2\/categories?post=17482"},{"taxonomy":"post_tag","embeddable":true,"href":"https:\/\/redsemlac.com\/semmexico\/wp-json\/wp\/v2\/tags?post=17482"}],"curies":[{"name":"wp","href":"https:\/\/api.w.org\/{rel}","templated":true}]}}