{"id":17450,"date":"2020-02-28T00:47:53","date_gmt":"2020-02-28T00:47:53","guid":{"rendered":"https:\/\/redsemlac.com\/semmexico\/?p=17450"},"modified":"2023-07-21T15:20:33","modified_gmt":"2023-07-21T20:20:33","slug":"feministas-demandan-a-senadoras-despenalizar-el-aborto-en-todo-el-pais","status":"publish","type":"post","link":"https:\/\/redsemlac.com\/semmexico\/feministas-demandan-a-senadoras-despenalizar-el-aborto-en-todo-el-pais\/","title":{"rendered":"Feministas demandan a Senadoras despenalizar el aborto en todo el pa\u00eds"},"content":{"rendered":"\n<p class=\"wp-block-paragraph\"><strong>* Colectivo Las Luci\u00e9rnagas tambi\u00e9n\nsolicitaron una Fiscal\u00eda especial para feminicidios<\/strong><\/p>\n\n\n\n<p class=\"wp-block-paragraph\"><strong>* Reconocen legisladoras resistencias\nconservadoras al interior de los partidos<\/strong><\/p>\n\n\n\n<p class=\"wp-block-paragraph\"><strong>Elda Montiel<\/strong><\/p>\n\n\n\n<p class=\"wp-block-paragraph\">SemM\u00e9xico, Cd. de M\u00e9xico, 27 de febrero 2020.- El Colectivo feminista Las\nLuci\u00e9rnagas pidieron al Senado que\nse legisle el aborto en todo el pa\u00eds, crear\nuna fiscal\u00eda especializada para la investigaci\u00f3n de feminicidios, un sistema de\njusticia penal acusatorio sin contrarreformas y prohibir la represi\u00f3n y\ncriminalizaci\u00f3n de las protestas feministas.<\/p>\n\n\n\n<p class=\"wp-block-paragraph\">Las representantes del colectivo feminista \u201cLuci\u00e9rnagas\u201d, encabezadas\npor Anah\u00ed Priscila Rivera e Itzel Maya, solicitaron el apoyo del Senado de la\nRep\u00fablica para que sus demandas se implementen en cada una de las entidades\nfederativas del pa\u00eds, ya que como en el caso de la despenalizaci\u00f3n del aborto\ns\u00f3lo algunos estados han avanzado en su aprobaci\u00f3n, lo que vulnera el derecho\nde las mujeres.<\/p>\n\n\n\n<p class=\"wp-block-paragraph\">A nombre de las senadoras, la morenista Citlalli Hern\u00e1ndez Mora,\nconsider\u00f3 que al recibir a Las Luci\u00e9rnagas con sus peticiones se da un\nreconocimiento y respaldo a la lucha feminista y expres\u00f3 que algunas de las peticiones\nhechas no son ajenas, ya que se han planteado y en algunos casos se est\u00e1\ntrabajando en ellas. <\/p>\n\n\n\n<p class=\"wp-block-paragraph\">Citlalli Hern\u00e1ndez Mora agreg\u00f3 que el compromiso de las legisladoras\nes crear una agenda y la tenemos que articular con ustedes, dijo, y que pueden\nser puente para articular las acciones concretas en acciones legislativas y en\npol\u00edticas p\u00fablicas, sin embargo, reconoci\u00f3 que hay resistencias conservadoras\nal interior de los partidos. <\/p>\n\n\n\n<figure class=\"wp-block-gallery columns-2 is-cropped wp-block-gallery-1 is-layout-flex wp-block-gallery-is-layout-flex\"><ul class=\"blocks-gallery-grid\"><li class=\"blocks-gallery-item\"><figure><img decoding=\"async\" src=\"https:\/\/redsemlac.com\/semmexico\/wp-content\/uploads\/2020\/02\/EN-EL-SENADO-5-1024x683.jpg\" alt=\"\" data-id=\"17454\" data-full-url=\"https:\/\/redsemlac.com\/semmexico\/wp-content\/uploads\/2020\/02\/EN-EL-SENADO-5.jpg\" data-link=\"https:\/\/redsemlac.com\/semmexico\/?attachment_id=17454\" class=\"wp-image-17454\"\/><\/figure><\/li><li class=\"blocks-gallery-item\"><figure><img decoding=\"async\" src=\"https:\/\/redsemlac.com\/semmexico\/wp-content\/uploads\/2020\/02\/EN-EL-SENADO-4-1024x488.jpg\" alt=\"\" data-id=\"17453\" data-full-url=\"https:\/\/redsemlac.com\/semmexico\/wp-content\/uploads\/2020\/02\/EN-EL-SENADO-4.jpg\" data-link=\"https:\/\/redsemlac.com\/semmexico\/?attachment_id=17453\" class=\"wp-image-17453\"\/><\/figure><\/li><li class=\"blocks-gallery-item\"><figure><img loading=\"lazy\" decoding=\"async\" width=\"947\" height=\"610\" src=\"https:\/\/redsemlac.com\/semmexico\/wp-content\/uploads\/2020\/02\/EN-EL-SENADO-3.jpg\" alt=\"\" data-id=\"17452\" data-full-url=\"https:\/\/redsemlac.com\/semmexico\/wp-content\/uploads\/2020\/02\/EN-EL-SENADO-3.jpg\" data-link=\"https:\/\/redsemlac.com\/semmexico\/?attachment_id=17452\" class=\"wp-image-17452\"\/><\/figure><\/li><li class=\"blocks-gallery-item\"><figure><img decoding=\"async\" src=\"https:\/\/redsemlac.com\/semmexico\/wp-content\/uploads\/2020\/02\/EN-EL-SENADO-2-1024x768.jpg\" alt=\"\" data-id=\"17451\" data-full-url=\"https:\/\/redsemlac.com\/semmexico\/wp-content\/uploads\/2020\/02\/EN-EL-SENADO-2.jpg\" data-link=\"https:\/\/redsemlac.com\/semmexico\/?attachment_id=17451\" class=\"wp-image-17451\"\/><\/figure><\/li><\/ul><\/figure>\n\n\n\n<p class=\"wp-block-paragraph\">Las Luci\u00e9rnagas entregaron por escrito sus peticiones e hicieron un\nllamado a todos los Grupos Parlamentarios para que, adem\u00e1s de coincidir con los\npuntos planteados, hagan trabajo legislativo necesario al interior de sus\nbancadas para crear consensos que permitan que los derechos humanos de las\nmujeres sean garantizados.<\/p>\n\n\n\n<p class=\"wp-block-paragraph\">Asistieron a la reuni\u00f3n, las senadoras de Morena: Martha Lucia Micher\nCamarena, Citlalli Hern\u00e1ndez Mora, Martha Guerrero S\u00e1nchez, Jesusa Rodr\u00edguez\nRam\u00edrez, as\u00ed como el senador Mart\u00ed Batres Guadarrama.<\/p>\n\n\n\n<p class=\"wp-block-paragraph\">Por parte del PAN, la senadora X\u00f3chitl G\u00e1lvez Ru\u00edz; Eunice Romo\nMolina, del PES; Nancy de la Sierra Ar\u00e1mburo del PT; Indira Kempis Mart\u00ednez, de\nMC, y Beatriz Paredes Rangel, del PRI.&nbsp;<\/p>\n\n\n\n<p class=\"wp-block-paragraph\">SEM\/em\/sj<\/p>\n","protected":false},"excerpt":{"rendered":"<p>Colectivo Las Luci\u00e9rnagas tambi\u00e9n solicitaron una Fiscal\u00eda especial para feminicidios<\/p>\n","protected":false},"author":3,"featured_media":17455,"comment_status":"open","ping_status":"open","sticky":false,"template":"","format":"standard","meta":{"_monsterinsights_skip_tracking":false,"footnotes":""},"categories":[691,50],"tags":[],"class_list":["post-17450","post","type-post","status-publish","format-standard","has-post-thumbnail","category-691","category-congreso"],"_links":{"self":[{"href":"https:\/\/redsemlac.com\/semmexico\/wp-json\/wp\/v2\/posts\/17450","targetHints":{"allow":["GET"]}}],"collection":[{"href":"https:\/\/redsemlac.com\/semmexico\/wp-json\/wp\/v2\/posts"}],"about":[{"href":"https:\/\/redsemlac.com\/semmexico\/wp-json\/wp\/v2\/types\/post"}],"author":[{"embeddable":true,"href":"https:\/\/redsemlac.com\/semmexico\/wp-json\/wp\/v2\/users\/3"}],"replies":[{"embeddable":true,"href":"https:\/\/redsemlac.com\/semmexico\/wp-json\/wp\/v2\/comments?post=17450"}],"version-history":[{"count":0,"href":"https:\/\/redsemlac.com\/semmexico\/wp-json\/wp\/v2\/posts\/17450\/revisions"}],"wp:featuredmedia":[{"embeddable":true,"href":"https:\/\/redsemlac.com\/semmexico\/wp-json\/wp\/v2\/media\/17455"}],"wp:attachment":[{"href":"https:\/\/redsemlac.com\/semmexico\/wp-json\/wp\/v2\/media?parent=17450"}],"wp:term":[{"taxonomy":"category","embeddable":true,"href":"https:\/\/redsemlac.com\/semmexico\/wp-json\/wp\/v2\/categories?post=17450"},{"taxonomy":"post_tag","embeddable":true,"href":"https:\/\/redsemlac.com\/semmexico\/wp-json\/wp\/v2\/tags?post=17450"}],"curies":[{"name":"wp","href":"https:\/\/api.w.org\/{rel}","templated":true}]}}