{"id":17447,"date":"2020-02-28T00:34:20","date_gmt":"2020-02-28T00:34:20","guid":{"rendered":"https:\/\/redsemlac.com\/semmexico\/?p=17447"},"modified":"2023-07-21T15:20:33","modified_gmt":"2023-07-21T20:20:33","slug":"declaran-el-5-de-septiembre-dia-nacional-de-la-mujer-indigena","status":"publish","type":"post","link":"https:\/\/redsemlac.com\/semmexico\/declaran-el-5-de-septiembre-dia-nacional-de-la-mujer-indigena\/","title":{"rendered":"Declaran el 5 de septiembre, D\u00eda Nacional de la Mujer Ind\u00edgena"},"content":{"rendered":"\n<p class=\"wp-block-paragraph\"><strong>* Senado acord\u00f3 tambi\u00e9n que el 12 de\noctubre sea el D\u00eda de la Naci\u00f3n Pluricultural<\/strong><\/p>\n\n\n\n<p class=\"wp-block-paragraph\"><strong>* Exhorto al INPI para garantizar la\nconsulta respecto a la construcci\u00f3n del Nuevo Aeropuerto Felipe \u00c1ngeles<\/strong><\/p>\n\n\n\n<p class=\"wp-block-paragraph\"><strong>Elda Montiel <\/strong><\/p>\n\n\n\n<p class=\"wp-block-paragraph\">SemM\u00e9xico, Cd. de M\u00e9xico, 27 de febrero 2020.- Con el objetivo de\nhacer conciencia, garantizar los derechos de las mujeres ind\u00edgenas, la no\ndiscriminaci\u00f3n y asegurarles la igualdad plena y efectiva en la toma de\ndecisiones del pa\u00eds, el Senado aprob\u00f3 declarar el 5 de septiembre de cada a\u00f1o\ncomo el \u201cD\u00eda Nacional de la Mujer Ind\u00edgena\u201d.<\/p>\n\n\n\n<p class=\"wp-block-paragraph\">Las y los Integrantes de la Comisi\u00f3n de Asuntos Ind\u00edgenas, que preside\nla senadora Mar\u00eda Leonor Noyola Cervantes, tambi\u00e9n aprobaron que el 12 de\noctubre de cada a\u00f1o se declare como \u201cD\u00eda de la Naci\u00f3n Pluricultural\u201d.<\/p>\n\n\n\n<p class=\"wp-block-paragraph\">El Art\u00edculo Primero Transitorio precisa que las Secretar\u00edas de Gobernaci\u00f3n,\nde Educaci\u00f3n P\u00fablica y los Institutos Nacional de los Pueblos Ind\u00edgenas (INPI)\ny Nacional de Lenguas Ind\u00edgenas, ser\u00e1n los responsables de organizar, convocar\ny coordinar la participaci\u00f3n ciudadana e institucional para la conmemoraci\u00f3n de\nesta efem\u00e9ride nacional.<\/p>\n\n\n\n<p class=\"wp-block-paragraph\">Asimismo, esta Comisi\u00f3n aprob\u00f3 un exhorto para el INPI garantice y\npromueva que a las comunidades y pueblos ind\u00edgenas del Estado de M\u00e9xico se les\nrespete y garantice los derechos de consulta previa, libre e informada respecto\na la construcci\u00f3n del Nuevo Aeropuerto Felipe \u00c1ngeles, en Santa Luc\u00eda.<\/p>\n\n\n\n<p class=\"wp-block-paragraph\">Adem\u00e1s, que se tome en consideraci\u00f3n los est\u00e1ndares en materia de\nconsulta en el \u00e1mbito internacional y nacional, y para que se les informe de\nbeneficios, da\u00f1os e impactos a sus tierras y medio ambiente, en su caso.<\/p>\n\n\n\n<p class=\"wp-block-paragraph\">Entre otros acuerdos, se hace un llamado a las secretar\u00edas de la\nDefensa Nacional, de Comunicaciones y Transportes y de Medio Ambiente y de\nRecursos Naturales, para que respeten, protejan, garanticen y promuevan, el\nderecho fundamental de preservar la integridad de las tierras y de compensar en\ncaso de sufrir una afectaci\u00f3n total o parcial, en los pueblos de los municipios\ncorrespondientes.<\/p>\n\n\n\n<p class=\"wp-block-paragraph\">Asimismo, aprobaron el punto de acuerdo por el que el Senado de la\nRep\u00fablica se pronuncia a favor de la Conmemoraci\u00f3n de los 500 a\u00f1os de\nresistencia de los pueblos originarios, y se inform\u00f3 que se dio de baja al\nsenador Joel Molina Ram\u00edrez, del Grupo Parlamentario de Morena<\/p>\n\n\n\n<p class=\"wp-block-paragraph\">Se aprob\u00f3 un dictamen por el que se reforma el art\u00edculo 16, inciso 6),\nde la Ley General de Derechos Ling\u00fc\u00edsticos de los Pueblos Ind\u00edgenas, para que\nun representante del Instituto Nacional de los Pueblos Ind\u00edgenas forme parte\ndel Consejo Nacional del Instituto Nacional de Lenguas Ind\u00edgenas.<\/p>\n\n\n\n<p class=\"wp-block-paragraph\">Cabe se\u00f1alar que en el \u00e1mbito internacional existe un D\u00eda\nInternacional de la Mujer Ind\u00edgena, el cual se conmemora cada 5 de septiembre.\nEstablecido as\u00ed desde el Segundo Encuentro de Organizaciones y Movimientos de\nAm\u00e9rica en Tiahuanaco, Bolivia, en honor a la lucha de Bartolina Siga, guerrera\naymara que se opuso a la dominaci\u00f3n colonial que muri\u00f3 brutalmente asesinada en\n1782, en la Paz, Bolivia.<\/p>\n","protected":false},"excerpt":{"rendered":"<p>Senado acord\u00f3 tambi\u00e9n que el 12 de octubre sea el D\u00eda de la Naci\u00f3n Pluricultural<\/p>\n","protected":false},"author":3,"featured_media":17448,"comment_status":"open","ping_status":"open","sticky":false,"template":"","format":"standard","meta":{"_monsterinsights_skip_tracking":false,"footnotes":""},"categories":[691,50],"tags":[],"class_list":["post-17447","post","type-post","status-publish","format-standard","has-post-thumbnail","category-691","category-congreso"],"_links":{"self":[{"href":"https:\/\/redsemlac.com\/semmexico\/wp-json\/wp\/v2\/posts\/17447","targetHints":{"allow":["GET"]}}],"collection":[{"href":"https:\/\/redsemlac.com\/semmexico\/wp-json\/wp\/v2\/posts"}],"about":[{"href":"https:\/\/redsemlac.com\/semmexico\/wp-json\/wp\/v2\/types\/post"}],"author":[{"embeddable":true,"href":"https:\/\/redsemlac.com\/semmexico\/wp-json\/wp\/v2\/users\/3"}],"replies":[{"embeddable":true,"href":"https:\/\/redsemlac.com\/semmexico\/wp-json\/wp\/v2\/comments?post=17447"}],"version-history":[{"count":0,"href":"https:\/\/redsemlac.com\/semmexico\/wp-json\/wp\/v2\/posts\/17447\/revisions"}],"wp:featuredmedia":[{"embeddable":true,"href":"https:\/\/redsemlac.com\/semmexico\/wp-json\/wp\/v2\/media\/17448"}],"wp:attachment":[{"href":"https:\/\/redsemlac.com\/semmexico\/wp-json\/wp\/v2\/media?parent=17447"}],"wp:term":[{"taxonomy":"category","embeddable":true,"href":"https:\/\/redsemlac.com\/semmexico\/wp-json\/wp\/v2\/categories?post=17447"},{"taxonomy":"post_tag","embeddable":true,"href":"https:\/\/redsemlac.com\/semmexico\/wp-json\/wp\/v2\/tags?post=17447"}],"curies":[{"name":"wp","href":"https:\/\/api.w.org\/{rel}","templated":true}]}}