{"id":17442,"date":"2020-02-27T23:34:30","date_gmt":"2020-02-27T23:34:30","guid":{"rendered":"https:\/\/redsemlac.com\/semmexico\/?p=17442"},"modified":"2023-07-21T15:20:33","modified_gmt":"2023-07-21T20:20:33","slug":"unam-aliada-indiscutible-en-la-construccion-de-mexico-balboa","status":"publish","type":"post","link":"https:\/\/redsemlac.com\/semmexico\/unam-aliada-indiscutible-en-la-construccion-de-mexico-balboa\/","title":{"rendered":"UNAM aliada indiscutible en la construcci\u00f3n de M\u00e9xico: Balboa"},"content":{"rendered":"\n<ul class=\"wp-block-list\"><li><strong>Convenio entre Senado y UNAM para fortalecer la transparencia en el Senado<\/strong>.<\/li><\/ul>\n\n\n\n<ul class=\"wp-block-list\"><li><strong>Contempla que legisladores que no han concluido sus estudios puedan hacerlo dentro de la normatividad<\/strong>.<\/li><\/ul>\n\n\n\n<p class=\"wp-block-paragraph\"><strong>Redacci\u00f3n<\/strong><\/p>\n\n\n\n<p class=\"wp-block-paragraph\">SemM\u00e9xico,\nCd. de M\u00e9xico, 27 de febrero 2020.- La presidenta de la Mesa Directiva, M\u00f3nica\nFern\u00e1ndez Balboa, reconoci\u00f3 en la Universidad a una aliada indiscutible en la\nconstrucci\u00f3n de M\u00e9xico.<\/p>\n\n\n\n<p class=\"wp-block-paragraph\">\u201cQueremos\na la Universidad Nacional en el Senado compartiendo retos y proyectos. Que\njuntos celebremos congresos, conferencias magistrales y mesas de an\u00e1lisis en\nlas que participen las comisiones, los grupos parlamentarios, las y los\nsenadores y la comunidad acad\u00e9mica pertinente\u201d, manifest\u00f3.<\/p>\n\n\n\n<p class=\"wp-block-paragraph\">Explic\u00f3\nque los convenios signados este jueves, \u00fanicos en Am\u00e9rica Latina, tienen como\nprop\u00f3sito fortalecer las actividades del Senado de la Rep\u00fablica, para hacer a\neste \u00f3rgano legislativo m\u00e1s transparente, profesional y cercano a la sociedad.\nSe trata, dijo, de nuevos instrumentos para institucionalizar el modelo de\nParlamento Abierto que ha adoptado la LXIV Legislatura.<\/p>\n\n\n\n<p class=\"wp-block-paragraph\">Refiri\u00f3\nque con el Convenio General, la UNAM compartir\u00e1 al Senado estudios y an\u00e1lisis\nsobre la realidad mexicana. \u201cDe igual forma nos acercaremos a los conocimientos\nde cient\u00edficos y expertos en proyectos y trabajos en materia de docencia,\ninvestigaci\u00f3n, difusi\u00f3n de la cultura y compartiremos las acciones, estudios,\nan\u00e1lisis y opiniones del propio Senado\u201d, expres\u00f3.<\/p>\n\n\n\n<figure class=\"wp-block-gallery columns-2 is-cropped wp-block-gallery-1 is-layout-flex wp-block-gallery-is-layout-flex\"><ul class=\"blocks-gallery-grid\"><li class=\"blocks-gallery-item\"><figure><img loading=\"lazy\" decoding=\"async\" width=\"1024\" height=\"683\" src=\"https:\/\/redsemlac.com\/semmexico\/wp-content\/uploads\/2020\/02\/WhatsApp-Image-2020-02-27-at-4.58.39-PM-1.jpeg\" alt=\"\" data-id=\"17444\" data-full-url=\"https:\/\/redsemlac.com\/semmexico\/wp-content\/uploads\/2020\/02\/WhatsApp-Image-2020-02-27-at-4.58.39-PM-1.jpeg\" data-link=\"https:\/\/redsemlac.com\/semmexico\/?attachment_id=17444\" class=\"wp-image-17444\"\/><\/figure><\/li><li class=\"blocks-gallery-item\"><figure><img loading=\"lazy\" decoding=\"async\" width=\"1024\" height=\"512\" src=\"https:\/\/redsemlac.com\/semmexico\/wp-content\/uploads\/2020\/02\/WhatsApp-Image-2020-02-27-at-4.58.39-PM.jpeg\" alt=\"\" data-id=\"17445\" data-full-url=\"https:\/\/redsemlac.com\/semmexico\/wp-content\/uploads\/2020\/02\/WhatsApp-Image-2020-02-27-at-4.58.39-PM.jpeg\" data-link=\"https:\/\/redsemlac.com\/semmexico\/?attachment_id=17445\" class=\"wp-image-17445\"\/><\/figure><\/li><\/ul><\/figure>\n\n\n\n<p class=\"wp-block-paragraph\">De\nesta manera, afirm\u00f3, el Senado pondr\u00e1 en marcha los principios del Parlamento\nAbierto en la elaboraci\u00f3n y discusi\u00f3n de leyes, en las comparecencias,\ndesignaci\u00f3n de servidores p\u00fablicos, fiscalizaci\u00f3n de recursos, con el\nacompa\u00f1amiento acad\u00e9mico y profesional de investigadores.<\/p>\n\n\n\n<p class=\"wp-block-paragraph\">Enrique\nGraue Wiechers, rector de la Universidad Nacional Aut\u00f3noma de M\u00e9xico, dijo que\nel convenio marco \u201cnos permitir\u00e1 colaborar estrechamente con el Senado, en\naquellos estudios que nos soliciten\u201d. Adem\u00e1s, contempla que los funcionarios\np\u00fablicos y senadores que no hayan concluido sus estudios de grado puedan\nhacerlo dentro de la normatividad y planes de estudio de la UNAM, as\u00ed como la\nposibilidad de que en la C\u00e1mara de Senadores se hagan estudios de especialidad,\nmaestr\u00eda y, eventualmente, doctorado.<\/p>\n\n\n\n<p class=\"wp-block-paragraph\">Expres\u00f3\nque es un instrumento jur\u00eddico que tiene como objeto promover la\nprofesionalizaci\u00f3n de legisladores y servidores p\u00fablicos, realizar\ninvestigaciones en diversas materias, brindar asesor\u00edas en \u00e1reas que as\u00ed se\nrequieran, impulsar programas de servicio social para estudiantes, celebrar\ncongresos, conferencias, mesas redondas, coloquios, simposios, talleres y\nactividades.<\/p>\n\n\n\n<p class=\"wp-block-paragraph\">Al\nexpresar su benepl\u00e1cito con la firma de este convenio, el senador Ricardo\nMonreal \u00c1vila destac\u00f3 que si bien es correcto aceptar reclamos de causas\nleg\u00edtimas, como las del movimiento en contra del acoso sexual hacia mujeres, no\nse puede admitir, so pretexto, que la violencia se vuelva una pr\u00e1ctica\ncotidiana en la Universidad.&nbsp; <\/p>\n\n\n\n<p class=\"wp-block-paragraph\">\u201cLa\nrespetamos y agradecemos el gran legado que ha dejado en millones de hombres y\nmujeres que han formado en sus aulas\u201d. <\/p>\n\n\n\n<p class=\"wp-block-paragraph\">Por\neso, asent\u00f3, hace unos d\u00edas, el Senado refrend\u00f3 de forma contundente su\ncompromiso con el respeto a la autonom\u00eda universitaria, as\u00ed como nuestro\nrechazo a cualquier intento pol\u00edtico o legislativo que pretenda vulnerarla.<\/p>\n\n\n\n<p class=\"wp-block-paragraph\">SEM\/sj<\/p>\n","protected":false},"excerpt":{"rendered":"<p>Convenio entre Senado y UNAM para fortalecer la transparencia en el Senado.<\/p>\n","protected":false},"author":3,"featured_media":17443,"comment_status":"open","ping_status":"open","sticky":false,"template":"","format":"standard","meta":{"_monsterinsights_skip_tracking":false,"footnotes":""},"categories":[691,50],"tags":[],"class_list":["post-17442","post","type-post","status-publish","format-standard","has-post-thumbnail","category-691","category-congreso"],"_links":{"self":[{"href":"https:\/\/redsemlac.com\/semmexico\/wp-json\/wp\/v2\/posts\/17442","targetHints":{"allow":["GET"]}}],"collection":[{"href":"https:\/\/redsemlac.com\/semmexico\/wp-json\/wp\/v2\/posts"}],"about":[{"href":"https:\/\/redsemlac.com\/semmexico\/wp-json\/wp\/v2\/types\/post"}],"author":[{"embeddable":true,"href":"https:\/\/redsemlac.com\/semmexico\/wp-json\/wp\/v2\/users\/3"}],"replies":[{"embeddable":true,"href":"https:\/\/redsemlac.com\/semmexico\/wp-json\/wp\/v2\/comments?post=17442"}],"version-history":[{"count":0,"href":"https:\/\/redsemlac.com\/semmexico\/wp-json\/wp\/v2\/posts\/17442\/revisions"}],"wp:featuredmedia":[{"embeddable":true,"href":"https:\/\/redsemlac.com\/semmexico\/wp-json\/wp\/v2\/media\/17443"}],"wp:attachment":[{"href":"https:\/\/redsemlac.com\/semmexico\/wp-json\/wp\/v2\/media?parent=17442"}],"wp:term":[{"taxonomy":"category","embeddable":true,"href":"https:\/\/redsemlac.com\/semmexico\/wp-json\/wp\/v2\/categories?post=17442"},{"taxonomy":"post_tag","embeddable":true,"href":"https:\/\/redsemlac.com\/semmexico\/wp-json\/wp\/v2\/tags?post=17442"}],"curies":[{"name":"wp","href":"https:\/\/api.w.org\/{rel}","templated":true}]}}