{"id":17439,"date":"2020-02-27T23:31:25","date_gmt":"2020-02-27T23:31:25","guid":{"rendered":"https:\/\/redsemlac.com\/semmexico\/?p=17439"},"modified":"2023-07-21T15:20:33","modified_gmt":"2023-07-21T20:20:33","slug":"respetuosos-de-la-decision-de-las-trabajadoras-inegi","status":"publish","type":"post","link":"https:\/\/redsemlac.com\/semmexico\/respetuosos-de-la-decision-de-las-trabajadoras-inegi\/","title":{"rendered":"Respetuosos de la decisi\u00f3n de las trabajadoras: INEGI"},"content":{"rendered":"\n<p class=\"wp-block-paragraph\"><strong>* Ante la convocatoria del #UnDiaSinNosotras<\/strong><\/p>\n\n\n\n<p class=\"wp-block-paragraph\"><strong>* 1 de cada 3 mujeres han sufrido violencia,\n40 % de la fuerza laboral y 75 % del trabajo no pagado<\/strong><\/p>\n\n\n\n<p class=\"wp-block-paragraph\"><strong>Redacci\u00f3n<\/strong><\/p>\n\n\n\n<p class=\"wp-block-paragraph\">SemM\u00e9xico, Aguascalientes,\n27 de febrero 2020.- El Instituto Nacional de Estad\u00edstica y Geograf\u00eda respeta y\nreconoce a las mujeres de nuestra instituci\u00f3n y de nuestro pa\u00eds, cuya\nparticipaci\u00f3n en todos los sectores de la sociedad y su aportaci\u00f3n al\ndesarrollo nacional se ve reflejada en la informaci\u00f3n que produce y difunde el\nInstituto.<\/p>\n\n\n\n<p class=\"wp-block-paragraph\">En un comunicado, la\ninstituci\u00f3n se\u00f1ala que ante la convocatoria del movimiento social denominado\n#UnDiaSinNosotras, el INEGI ser\u00e1 respetuoso de la decisi\u00f3n personal que cada\ncolaboradora determine para participar en esta iniciativa.<\/p>\n\n\n\n<p class=\"wp-block-paragraph\">Estamos convencidos que la\nmayor aportaci\u00f3n del INEGI para la construcci\u00f3n de un pa\u00eds igualitario es proporcionando\na la sociedad y al Estado mexicano la informaci\u00f3n estad\u00edstica y geogr\u00e1fica que\nrefleja la situaci\u00f3n que enfrenta nuestra naci\u00f3n en la materia. <\/p>\n\n\n\n<p class=\"wp-block-paragraph\">Por ejemplo, sabemos que 2\nde cada 3 mujeres en M\u00e9xico han sufrido al menos un acto de violencia de g\u00e9nero\n(ENDIREH, 2016); que las mujeres representan el 40 % de la fuerza laboral\n(ENOE, febrero 2020); asimismo, sabemos que aportan el 75 % del trabajo no\nremunerado (Cuenta Sat\u00e9lite del Trabajo No Remunerado, 2019); entre otros.<\/p>\n\n\n\n<p class=\"wp-block-paragraph\">Durante marzo se llevar\u00e1 a\ncabo el Censo de Poblaci\u00f3n y Vivienda 2020, el cual tambi\u00e9n ser\u00e1 un insumo\nfundamental para visibilizar cu\u00e1ntas son, d\u00f3nde est\u00e1n, c\u00f3mo viven y cu\u00e1l es el\nentorno en el que se desenvuelven todas y cada una de las mujeres en el\nterritorio nacional. <\/p>\n\n\n\n<p class=\"wp-block-paragraph\">El INEGI\nrefrenda su compromiso de seguir produciendo estad\u00edsticas que contribuyan a\ndisminuir la desigualdad y la violencia de g\u00e9nero, y continuar\u00e1 trabajando para\nsuministrar informaci\u00f3n de calidad, pertinente, veraz y oportuna que\ncoadyuve al desarrollo de un M\u00e9xico m\u00e1s justo y equitativo.<\/p>\n\n\n\n<p class=\"wp-block-paragraph\">SEM\/sj<\/p>\n","protected":false},"excerpt":{"rendered":"<p>Ante la convocatoria del #UnDiaSinNosotras<\/p>\n","protected":false},"author":3,"featured_media":17440,"comment_status":"open","ping_status":"open","sticky":false,"template":"","format":"standard","meta":{"_monsterinsights_skip_tracking":false,"footnotes":""},"categories":[691,51],"tags":[],"class_list":["post-17439","post","type-post","status-publish","format-standard","has-post-thumbnail","category-691","category-ejecutivo"],"_links":{"self":[{"href":"https:\/\/redsemlac.com\/semmexico\/wp-json\/wp\/v2\/posts\/17439","targetHints":{"allow":["GET"]}}],"collection":[{"href":"https:\/\/redsemlac.com\/semmexico\/wp-json\/wp\/v2\/posts"}],"about":[{"href":"https:\/\/redsemlac.com\/semmexico\/wp-json\/wp\/v2\/types\/post"}],"author":[{"embeddable":true,"href":"https:\/\/redsemlac.com\/semmexico\/wp-json\/wp\/v2\/users\/3"}],"replies":[{"embeddable":true,"href":"https:\/\/redsemlac.com\/semmexico\/wp-json\/wp\/v2\/comments?post=17439"}],"version-history":[{"count":0,"href":"https:\/\/redsemlac.com\/semmexico\/wp-json\/wp\/v2\/posts\/17439\/revisions"}],"wp:featuredmedia":[{"embeddable":true,"href":"https:\/\/redsemlac.com\/semmexico\/wp-json\/wp\/v2\/media\/17440"}],"wp:attachment":[{"href":"https:\/\/redsemlac.com\/semmexico\/wp-json\/wp\/v2\/media?parent=17439"}],"wp:term":[{"taxonomy":"category","embeddable":true,"href":"https:\/\/redsemlac.com\/semmexico\/wp-json\/wp\/v2\/categories?post=17439"},{"taxonomy":"post_tag","embeddable":true,"href":"https:\/\/redsemlac.com\/semmexico\/wp-json\/wp\/v2\/tags?post=17439"}],"curies":[{"name":"wp","href":"https:\/\/api.w.org\/{rel}","templated":true}]}}