{"id":17414,"date":"2020-02-27T21:06:24","date_gmt":"2020-02-27T21:06:24","guid":{"rendered":"https:\/\/redsemlac.com\/semmexico\/?p=17414"},"modified":"2023-07-21T15:20:34","modified_gmt":"2023-07-21T20:20:34","slug":"enero-de-2020-el-mes-con-mas-feminicidios-infantiles-en-mexico","status":"publish","type":"post","link":"https:\/\/redsemlac.com\/semmexico\/enero-de-2020-el-mes-con-mas-feminicidios-infantiles-en-mexico\/","title":{"rendered":"Enero de 2020, el mes con m\u00e1s feminicidios infantiles en M\u00e9xico"},"content":{"rendered":"\n<ul class=\"wp-block-list\"><li> <strong>En ese periodo ocurrieron 14, el mayor n\u00famero desde que se tiene registro; cada 53 horas una menor fue asesinada por razones de g\u00e9nero; Mar\u00eda de la Luz Estrada, coordinadora del observatorio de este delito, dijo a La Raz\u00f3n que \u201cson hombres los que matan y violan porque pueden y no habr\u00e1 castigo\u201d <\/strong><\/li><\/ul>\n\n\n\n<p class=\"wp-block-paragraph\"><strong>Por Sergio Rinc\u00f3n\/La Raz\u00f3n<\/strong><\/p>\n\n\n\n<p class=\"wp-block-paragraph\">SemM\u00e9xico\/La Raz\u00f3n. Ciudad de M\u00e9xico. 27 de febrero 2020.- Magdalena\napenas ten\u00eda 14 a\u00f1os cuando fue asesinada en Aguascalientes; Jarid, de seis\na\u00f1os, desapareci\u00f3 y horas m\u00e1s tarde su cuerpo sin vida fue hallado en Chiapas.\nEn Puebla, el cuerpo de Mayra, de 10 a\u00f1os, fue hallado junto al de su madre.\n\u00c9stos son algunos de los 14 feminicidios de ni\u00f1as que ocurrieron en el pa\u00eds en\nenero pasado.<\/p>\n\n\n\n<p class=\"wp-block-paragraph\">De acuerdo con el \u00faltimo reporte del Secretariado Ejecutivo\ndel Sistema Nacional de Seguridad P\u00fablica (SESNSP), cada 53 horas alguien asesin\u00f3\na una menor de edad por razones de g\u00e9nero.<\/p>\n\n\n\n<p class=\"wp-block-paragraph\">Se trata del mes con m\u00e1s feminicidios de ni\u00f1as y\nadolescentes del que se tenga registro en M\u00e9xico<\/p>\n\n\n\n<p class=\"wp-block-paragraph\">Mar\u00eda de la Luz Estrada, coordinadora de Cat\u00f3licas por el\nDerecho a Decidir y titular ejecutiva del Observatorio Ciudadano Nacional del\nFeminicidio (OCNF), dijo a La Raz\u00f3n que en el pa\u00eds se est\u00e1n presentando m\u00e1s\ncr\u00edmenes de feminicidio y desapariciones en contra de&nbsp; menores de edad, incluso por debajo de los 10\na\u00f1os.<\/p>\n\n\n\n<p class=\"wp-block-paragraph\">Consider\u00f3 que el Estado debe implementar, de manera urgente,\npol\u00edticas p\u00fablicas diferenciadas, pues no es lo mismo proteger a una\nadolescente de 17 a\u00f1os que a una ni\u00f1a de cinco, pues ambas tienen situaciones y\ncontextos distintos de riesgo. <\/p>\n\n\n\n<p class=\"wp-block-paragraph\">&nbsp;\u201cSobre todo con las\nni\u00f1as menores de 10 a\u00f1os, o de 12 para abajo, el agresor es normalmente un\nconocido. Es importante saber las situaciones de vulneraci\u00f3n que pudieron haber\nllevado a que se realizara un feminicidio\u201d, dijo la activista, cuyo trabajo ha\nservido para la implementaci\u00f3n de la Alerta de Violencia de G\u00e9nero contra las\nMujeres en 19 de los 32 estados del pa\u00eds. <\/p>\n\n\n\n<p class=\"wp-block-paragraph\">En una revisi\u00f3n hemerogr\u00e1fica realizada por este diario, se\ndetect\u00f3 que en al menos seis de estos 14 casos los agresores eran familiares o\nconocidos de la v\u00edctima.<\/p>\n\n\n\n<p class=\"wp-block-paragraph\">De acuerdo con el SESNSP, los feminicidios contra ni\u00f1as y\nadolescentes han ido en aumento desde 2015, cuando se presentaron 50 casos; en\n2016 fueron 54; en 2017, 66; en 2018, 88, y en 2019, 98. <\/p>\n\n\n\n<p class=\"wp-block-paragraph\">Seg\u00fan los \u00faltimos datos del Instituto Nacional de\nEstad\u00edstica y Geograf\u00eda (Inegi), en 2018 fueron asesinadas 367 menores de edad,\nde las cuales 20 por ciento perdi\u00f3 la vida dentro de su hogar y 34 por ciento\nen la v\u00eda p\u00fablica.<\/p>\n\n\n\n<p class=\"wp-block-paragraph\">El pasado 17 de febrero, La Raz\u00f3n public\u00f3 que las cifras de\nfeminicidio podr\u00edan ser apenas la punta del iceberg, pues muchos cr\u00edmenes son\nmal clasificados, por lo que muchos casos pudieron haberse registrado como\nhomicidios dolosos. <\/p>\n\n\n\n<figure class=\"wp-block-image size-large\"><img loading=\"lazy\" decoding=\"async\" width=\"766\" height=\"302\" src=\"https:\/\/redsemlac.com\/semmexico\/wp-content\/uploads\/2020\/02\/estadistica-feminicidios-2.jpeg\" alt=\"\" class=\"wp-image-17415\"\/><\/figure>\n\n\n\n<p class=\"wp-block-paragraph\">La coordinadora del OCNF explic\u00f3 que la ola feminicida que\nse extiende por todo M\u00e9xico es producto de una violencia generalizada, por lo\nque no existe un perfil del feminicida, ya que puede ser cualquier hombre,\ninclusive un familiar o persona cercana, lo que pone en una situaci\u00f3n m\u00e1s\nvulnerable a las ni\u00f1as y adolescentes. <\/p>\n\n\n\n<p class=\"wp-block-paragraph\">&nbsp;\u201cCasi no hay mujeres\nfeminicidas; son hombres los que matan y violan en un contexto machista, donde\nno habr\u00e1 investigaci\u00f3n, donde nadie va a preguntar, en un sistema que permite\nla impunidad. En pocas palabras, matan y violan porque pueden y no habr\u00e1\ncastigo\u201d, declar\u00f3 Estrada.<\/p>\n\n\n\n<p class=\"wp-block-paragraph\">SEM-La Raz\u00f3n<\/p>\n","protected":false},"excerpt":{"rendered":"<p>En ese periodo ocurrieron 14, el mayor n\u00famero desde que se tiene registro; cada 53 horas una menor fue asesinada por razones de g\u00e9nero; Mar\u00eda de la Luz Estrada, coordinadora del observatorio de este delito, dijo a La Raz\u00f3n que \u201cson hombres los que matan y violan porque pueden y no habr\u00e1 castigo\u201d <\/p>\n","protected":false},"author":3,"featured_media":17416,"comment_status":"open","ping_status":"open","sticky":false,"template":"","format":"standard","meta":{"_monsterinsights_skip_tracking":false,"footnotes":""},"categories":[691,56],"tags":[],"class_list":["post-17414","post","type-post","status-publish","format-standard","has-post-thumbnail","category-691","category-redes"],"_links":{"self":[{"href":"https:\/\/redsemlac.com\/semmexico\/wp-json\/wp\/v2\/posts\/17414","targetHints":{"allow":["GET"]}}],"collection":[{"href":"https:\/\/redsemlac.com\/semmexico\/wp-json\/wp\/v2\/posts"}],"about":[{"href":"https:\/\/redsemlac.com\/semmexico\/wp-json\/wp\/v2\/types\/post"}],"author":[{"embeddable":true,"href":"https:\/\/redsemlac.com\/semmexico\/wp-json\/wp\/v2\/users\/3"}],"replies":[{"embeddable":true,"href":"https:\/\/redsemlac.com\/semmexico\/wp-json\/wp\/v2\/comments?post=17414"}],"version-history":[{"count":0,"href":"https:\/\/redsemlac.com\/semmexico\/wp-json\/wp\/v2\/posts\/17414\/revisions"}],"wp:featuredmedia":[{"embeddable":true,"href":"https:\/\/redsemlac.com\/semmexico\/wp-json\/wp\/v2\/media\/17416"}],"wp:attachment":[{"href":"https:\/\/redsemlac.com\/semmexico\/wp-json\/wp\/v2\/media?parent=17414"}],"wp:term":[{"taxonomy":"category","embeddable":true,"href":"https:\/\/redsemlac.com\/semmexico\/wp-json\/wp\/v2\/categories?post=17414"},{"taxonomy":"post_tag","embeddable":true,"href":"https:\/\/redsemlac.com\/semmexico\/wp-json\/wp\/v2\/tags?post=17414"}],"curies":[{"name":"wp","href":"https:\/\/api.w.org\/{rel}","templated":true}]}}