{"id":17409,"date":"2020-02-27T19:22:35","date_gmt":"2020-02-27T19:22:35","guid":{"rendered":"https:\/\/redsemlac.com\/semmexico\/?p=17409"},"modified":"2023-07-21T15:20:34","modified_gmt":"2023-07-21T20:20:34","slug":"opinion-358","status":"publish","type":"post","link":"https:\/\/redsemlac.com\/semmexico\/opinion-358\/","title":{"rendered":"R\u00e1faga"},"content":{"rendered":"\n<h2 class=\"wp-block-heading\">Feminismo, \u00a1S\u00ed!&#8230; Machismo, \u00a1No!<\/h2>\n\n\n\n<p class=\"wp-block-paragraph\"><strong>Jorge Herrera Valenzuela<\/strong><\/p>\n\n\n\n<p class=\"wp-block-paragraph\">SemM\u00e9xico, 27 de febrero 2020.- Desde finales del\nSiglo XIX las mujeres mexicanas emprendieron una lucha para no ser relegadas,\nrecordando a las que participaron en el movimiento de 1810. Despu\u00e9s una joven\nduranguense tom\u00f3 por asalto la tribuna del Congreso Constituyente de Quer\u00e9taro\npara demandar igualdad en derechos pol\u00edticos; en 1923 conquistaron ser\ndiputadas locales en Yucat\u00e1n y en San Luis Potos\u00ed. En 1953 les fue otorgado,\npor decreto presidencial, el voto y la oportunidad a ser postuladas a cargos de\nelecci\u00f3n popular. Nada f\u00e1cil ganarse ese derecho, pues trabajaron m\u00e1s de\nsesenta a\u00f1os. <\/p>\n\n\n\n<p class=\"wp-block-paragraph\">Hoy, en el cibern\u00e9tico y desquiciado Siglo XXI, a\nnivel internacional, se est\u00e1 desarrollando un movimiento femenil, cuya bandera\nno es por la igualdad de g\u00e9nero sino en defensa de la ola de violencia desatada\ny M\u00e9xico no podr\u00eda ser la excepci\u00f3n. Secuestros, asesinatos, violaciones y\nacoso sexual en oficinas p\u00fablicas y privadas, en los transportes colectivos,\nson la nota period\u00edstica que se ha vuelto cotidiana.<\/p>\n\n\n\n<p class=\"wp-block-paragraph\">En la \u00faltima d\u00e9cada creci\u00f3 el ataque a las mujeres,\nni\u00f1as, j\u00f3venes y adultas. Se habla de bandas internacionales que operan\nimpunemente. Se dice que en nuestro pa\u00eds la delincuencia organizada es la\nraptora de jovencitas que son llevadas a otras naciones para prostituirlas.\nMuchas de las v\u00edctimas han sido cruelmente asesinadas, despu\u00e9s de ser violadas\ne inclusive mutilados los cuerpos.&nbsp; <\/p>\n\n\n\n<p class=\"wp-block-paragraph\">Est\u00e1 convocado El Paro Nacional de Mujeres. Se\nllevar\u00e1 a cabo #UnDiaSinMujeres. Antes habr\u00e1 otras marchas, como la que\nencabezar\u00e1 la polit\u00f3loga y columnista pol\u00edtica Denise Dresser, quien la anuncia\npara celebrarla el 8 de marzo o sea un d\u00eda de la manifestaci\u00f3n nacional.\n\u201c\u2026vestida de morado y con una pa\u00f1oleta verde al cuello, marchar\u00e9 con mis\nalumnas, con mis amigas, con mis colegas, con miles de mujeres\u201d y a\u00f1ade Denise:\n\u201cOjal\u00e1 que el 9 de marzo, M\u00e9xico amanezca con hospitales sin doctoras,\nuniversidades sin profesoras, aviones sin pilotas, laboratorios sin\ncient\u00edficas, maquiladoras sin trabajadoras y hogares sin amas de casa, trastes\nsin quien los lave\u201d.<\/p>\n\n\n\n<p class=\"wp-block-paragraph\">Como queda asentado en p\u00e1rrafos anteriores, este\nmovimiento no es por la igualdad de g\u00e9nero, como lo interpretan en Palacio\nNacional donde afirman que se dio equidad en la integraci\u00f3n del gabinete\npresidencial, que los apoyos econ\u00f3micos son para un mayor n\u00famero de mujeres,\nque las becas escolares benefician a miles de ni\u00f1as. No, la protesta de las\nmujeres de todo el pa\u00eds es por la nula acci\u00f3n gubernamental lo mismo en el\n\u00e1mbito federal, que en los Estados y no se diga en los municipios como Ecatepec\nde Morelos, Edomex. <\/p>\n\n\n\n<p class=\"wp-block-paragraph\">El presidente L\u00f3pez Obrador informa que diariamente\nse re\u00fane, a las 6 de la ma\u00f1ana, con los encargados de la seguridad y tras\nrecibir el parte, se dictan medidas. Pues hasta ahora, el resultado es cero y\nlas noticias de asesinatos y secuestros siguen en Puebla, en Guanajuato, en\nGuerrero y en la Ciudad de M\u00e9xico, cuya jefa, Claudia Sheinbaum Pardo ha dicho:\n\u201cNo somos el estado con m\u00e1s problemas de feminicidio, (pero) las mujeres de\nnuestra Ciudad no se sienten seguras\u201d. <\/p>\n\n\n\n<p class=\"wp-block-paragraph\">El problema no se resuelve con dinero, no se\nsoluciona con discursos y menos con calificativos presidenciales de que el\nmovimiento es de \u201clos conservadores\u201d, lo proh\u00edjan \u201clos neoliberales\u201d, adem\u00e1s de\nque todo es \u201cpara estar en contra de nosotros\u201d. Este es un asunto en el que el\nPresidente de M\u00e9xico, los Gobernadores, Claudia Sheinbaum y los presidentes\nmunicipales, deben de considerar como grave y que requiere una estrategia muy\nbien coordinada por expertos en seguridad p\u00fablica, en una acci\u00f3n permanente, no\nse trata de hacer una campa\u00f1a temporal y mucho menos electorera. <\/p>\n\n\n\n<p class=\"wp-block-paragraph\"><strong>Pregunta para meditar:<\/strong><\/p>\n\n\n\n<p class=\"wp-block-paragraph\">\u00bfLa Presidencia de la Rep\u00fablica tendr\u00e1, para antes\ndel lunes 9 de marzo, un proyecto de soluci\u00f3n integral de este problema\nnacional?<\/p>\n\n\n\n<p class=\"wp-block-paragraph\"><strong>jherrerav@live.com.mx<\/strong> <\/p>\n","protected":false},"excerpt":{"rendered":"<p>Feminismo, \u00a1S\u00ed!&#8230; Machismo, \u00a1No!<\/p>\n","protected":false},"author":3,"featured_media":17410,"comment_status":"open","ping_status":"open","sticky":false,"template":"","format":"standard","meta":{"_monsterinsights_skip_tracking":false,"footnotes":""},"categories":[691,94,107],"tags":[],"class_list":["post-17409","post","type-post","status-publish","format-standard","has-post-thumbnail","category-691","category-jorge-herrera-valenzuela","category-rafaga"],"_links":{"self":[{"href":"https:\/\/redsemlac.com\/semmexico\/wp-json\/wp\/v2\/posts\/17409","targetHints":{"allow":["GET"]}}],"collection":[{"href":"https:\/\/redsemlac.com\/semmexico\/wp-json\/wp\/v2\/posts"}],"about":[{"href":"https:\/\/redsemlac.com\/semmexico\/wp-json\/wp\/v2\/types\/post"}],"author":[{"embeddable":true,"href":"https:\/\/redsemlac.com\/semmexico\/wp-json\/wp\/v2\/users\/3"}],"replies":[{"embeddable":true,"href":"https:\/\/redsemlac.com\/semmexico\/wp-json\/wp\/v2\/comments?post=17409"}],"version-history":[{"count":0,"href":"https:\/\/redsemlac.com\/semmexico\/wp-json\/wp\/v2\/posts\/17409\/revisions"}],"wp:featuredmedia":[{"embeddable":true,"href":"https:\/\/redsemlac.com\/semmexico\/wp-json\/wp\/v2\/media\/17410"}],"wp:attachment":[{"href":"https:\/\/redsemlac.com\/semmexico\/wp-json\/wp\/v2\/media?parent=17409"}],"wp:term":[{"taxonomy":"category","embeddable":true,"href":"https:\/\/redsemlac.com\/semmexico\/wp-json\/wp\/v2\/categories?post=17409"},{"taxonomy":"post_tag","embeddable":true,"href":"https:\/\/redsemlac.com\/semmexico\/wp-json\/wp\/v2\/tags?post=17409"}],"curies":[{"name":"wp","href":"https:\/\/api.w.org\/{rel}","templated":true}]}}