{"id":16842,"date":"2020-02-15T16:15:34","date_gmt":"2020-02-15T16:15:34","guid":{"rendered":"https:\/\/redsemlac.com\/semmexico\/?p=16842"},"modified":"2023-07-21T15:20:14","modified_gmt":"2023-07-21T20:20:14","slug":"naucalpan-ya-tiene-centro-de-atencion-a-la-violencia-de-genero","status":"publish","type":"post","link":"https:\/\/redsemlac.com\/semmexico\/naucalpan-ya-tiene-centro-de-atencion-a-la-violencia-de-genero\/","title":{"rendered":"Naucalpan ya tiene Centro de Atenci\u00f3n a la Violencia de G\u00e9nero"},"content":{"rendered":"\n<p class=\"wp-block-paragraph\"><strong>Evelia Barr\u00f3n<\/strong><\/p>\n\n\n\n<p class=\"wp-block-paragraph\">SemM\u00e9xico. Naucalpan, M\u00e9xico. 15 de febrero 2020.- Como\nparte de su estrategia para erradicar las agresiones contra mujeres y\nni\u00f1as,&nbsp; Naucalpan se convierte en el\nprimer municipio en el Estado de M\u00e9xico en crear un espacio de atenci\u00f3n a\nv\u00edctimas por violencia de g\u00e9nero,&nbsp;&nbsp;\nresultado de las demandas sociales, adem\u00e1s de constituir un gran paso en\nla prevenci\u00f3n.<\/p>\n\n\n\n<p class=\"wp-block-paragraph\">Al inaugurar el Centro de Atenci\u00f3n a la Violencia de G\u00e9nero,\nla alcaldesa Patricia Dur\u00e1n Reveles afirm\u00f3 que esta acci\u00f3n es producto del\ninter\u00e9s por atender, orientar y apoyar, en el mismo espacio, el fen\u00f3meno que\nafecta a ni\u00f1as, ni\u00f1os, mujeres y hombres.<\/p>\n\n\n\n<p class=\"wp-block-paragraph\">\u201cEs un proyecto innovador que&nbsp; queremos que sea un referente en el estado,\npara&nbsp; que otros municipios nos tomen como\nejemplo de lo que se puede hacer\u201d,&nbsp;\napunt\u00f3 Patricia Dur\u00e1n y&nbsp; refrend\u00f3\nsu compromiso, pues dijo que cualquier tipo de violencia de g\u00e9nero es\ninadmisible y es con acciones preventivas como se&nbsp; puede evitar un feminicidio.&nbsp;&nbsp; <\/p>\n\n\n\n<p class=\"wp-block-paragraph\">La titular de la Comisi\u00f3n Ejecutiva de Atenci\u00f3n a V\u00edctimas\ndel Estado de M\u00e9xico, Isabel S\u00e1nchez Holgu\u00edn, celebr\u00f3 la inauguraci\u00f3n del\ninmueble, pues en este se agrupan las distintas instancias a las que una\nv\u00edctima puede acudir en caso de una agresi\u00f3n de g\u00e9nero, sin tener que\ntrasladarse a oficinas en distintos puntos geogr\u00e1ficos.<\/p>\n\n\n\n<p class=\"wp-block-paragraph\">\u00abNo cabe duda de que Naucalpan siempre va un paso\nadelante. Lo prioritario es que el gobierno tenga la posibilidad de atender de\nmanera integral la violencia contra las mujeres y las ni\u00f1as, la parte de la\nprevenci\u00f3n, la seguridad y la justicia, as\u00ed como reparaci\u00f3n integral del da\u00f1o.\nEn este edificio se concentra, sin duda, esta atenci\u00f3n integral\u00bb, asegur\u00f3\nS\u00e1nchez Holgu\u00edn.<\/p>\n\n\n\n<p class=\"wp-block-paragraph\">Por su parte, Fiscal General de Justicia del Estado de\nM\u00e9xico, Alejandro G\u00f3mez S\u00e1nchez,&nbsp;\nreconoci\u00f3 el entusiasmo y disposici\u00f3n que la presidenta&nbsp; municipal, Patricia Dur\u00e1n ha puesto en el\ntema de violencia de g\u00e9nero, y refiri\u00f3 que con estas acciones Naucalpan se\ncoloca como pionero en la prevenci\u00f3n de la violencia en la entidad mexiquense.<\/p>\n\n\n\n<figure class=\"wp-block-image\"><img decoding=\"async\" src=\"https:\/\/redsemlac.com\/semmexico\/wp-content\/uploads\/2020\/02\/WhatsApp-Image-2020-02-14-at-9.28.25-PM-1024x887.jpeg\" alt=\"\" class=\"wp-image-16844\"\/><\/figure>\n\n\n\n<p class=\"wp-block-paragraph\">Dijo que este Centro Municipal de Atenci\u00f3n a las Mujeres, es\ninnovador y vanguardista; \u201cun modelo que apenas va a arrancar de manera\nintegral entre autoridad estatal y municipal; desde luego, el nivel que\nseguir\u00eda es el de un Centro de Justicia de las Mujeres, que esperemos que m\u00e1s\nadelante pueda evolucionar a ese nivel\u00bb, puntualiz\u00f3. <\/p>\n\n\n\n<p class=\"wp-block-paragraph\">El sitio, que se ubica en Avenida Ju\u00e1rez 34, fraccionamiento\nEl Mirador, en el antiguo edificio de la Comisar\u00eda municipal, conjunta a\ndiversas instancias que brindan atenci\u00f3n en casos de agresi\u00f3n de g\u00e9nero. En la\nprimera planta se encuentran las oficinas de la Comisi\u00f3n de Atenci\u00f3n a V\u00edctimas\ndel gobierno del Estado de M\u00e9xico, as\u00ed como la Unidad de Atenci\u00f3n a V\u00edctimas de\nla Polic\u00eda Municipal. El segundo nivel est\u00e1 conformado por las instalaciones de\nla Polic\u00eda de G\u00e9nero, con la C\u00e9lula de B\u00fasqueda; adem\u00e1s, cuenta con una\nludoteca, un espacio seguro para los hijos de las mujeres que acudan a\ndenunciar y en el tercer piso, se localiza la Agencia del Ministerio P\u00fablico\nEspecializada en Violencia Familiar, Sexual y de G\u00e9nero, lugar donde las\nv\u00edctimas concluir\u00e1n el proceso de denuncia.<\/p>\n\n\n\n<p class=\"wp-block-paragraph\">Cabe se\u00f1alar que la puesta en marcha del Centro de Atenci\u00f3n\na la Violencia de G\u00e9nero&nbsp; se suma a otras\nacciones que el gobierno de Naucalpan ha implementado para abatir la\nproblem\u00e1tica. A inicios del a\u00f1o, con recursos estatales para la mitigaci\u00f3n de\nla Alerta de Violencia de G\u00e9nero se adquirieron patrullas para la Polic\u00eda de\nG\u00e9nero, as\u00ed como, capacitaci\u00f3n y mobiliario. Adem\u00e1s, en coordinaci\u00f3n con el\nMuseo Memoria y Tolerancia, se instal\u00f3 en el Parque Naucalli el t\u00fanel itinerante\n\u00abMujeres en M\u00e9xico. La igualdad es posible\u00bb. Aunado a ello, a inicios\nde febrero, se present\u00f3 la L\u00ednea 800 MUJERNA, para atender llamadas ante\ncualquier tipo de denuncia por violencia.<\/p>\n\n\n\n<p class=\"wp-block-paragraph\">A la inauguraci\u00f3n del inmueble acudieron la diputada Karina\nLabastida Sotelo, presidenta de la Comisi\u00f3n Especial para Combatir y Erradicar\nla Violencia Vinculada a los Feminicidios; Dilcya Garc\u00eda Espinoza de los\nMonteros, Fiscal Central para la Atenci\u00f3n de Delitos Vinculados a la Violencia\nde G\u00e9nero; Pedro Guti\u00e9rrez Campuzano, Fiscal Regional de Naucalpan; Jorge\nMezher Rage, Oficial Mayor de la Fiscal\u00eda General de Justicia del Estado de\nM\u00e9xico; el Comisario municipal, L\u00e1zaro Gayt\u00e1n Aguirre; la Secretaria de las\nMujeres, Adriana Gonz\u00e1lez Furlong, as\u00ed como integrantes del cuerpo Edilicio.<\/p>\n","protected":false},"excerpt":{"rendered":"<p>Naucalpan se convierte en el primer municipio en el Estado de M\u00e9xico en crear un espacio de atenci\u00f3n a v\u00edctimas por violencia de g\u00e9nero<\/p>\n","protected":false},"author":3,"featured_media":16843,"comment_status":"open","ping_status":"open","sticky":false,"template":"","format":"standard","meta":{"_monsterinsights_skip_tracking":false,"footnotes":""},"categories":[691,51],"tags":[],"class_list":["post-16842","post","type-post","status-publish","format-standard","has-post-thumbnail","category-691","category-ejecutivo"],"_links":{"self":[{"href":"https:\/\/redsemlac.com\/semmexico\/wp-json\/wp\/v2\/posts\/16842","targetHints":{"allow":["GET"]}}],"collection":[{"href":"https:\/\/redsemlac.com\/semmexico\/wp-json\/wp\/v2\/posts"}],"about":[{"href":"https:\/\/redsemlac.com\/semmexico\/wp-json\/wp\/v2\/types\/post"}],"author":[{"embeddable":true,"href":"https:\/\/redsemlac.com\/semmexico\/wp-json\/wp\/v2\/users\/3"}],"replies":[{"embeddable":true,"href":"https:\/\/redsemlac.com\/semmexico\/wp-json\/wp\/v2\/comments?post=16842"}],"version-history":[{"count":0,"href":"https:\/\/redsemlac.com\/semmexico\/wp-json\/wp\/v2\/posts\/16842\/revisions"}],"wp:featuredmedia":[{"embeddable":true,"href":"https:\/\/redsemlac.com\/semmexico\/wp-json\/wp\/v2\/media\/16843"}],"wp:attachment":[{"href":"https:\/\/redsemlac.com\/semmexico\/wp-json\/wp\/v2\/media?parent=16842"}],"wp:term":[{"taxonomy":"category","embeddable":true,"href":"https:\/\/redsemlac.com\/semmexico\/wp-json\/wp\/v2\/categories?post=16842"},{"taxonomy":"post_tag","embeddable":true,"href":"https:\/\/redsemlac.com\/semmexico\/wp-json\/wp\/v2\/tags?post=16842"}],"curies":[{"name":"wp","href":"https:\/\/api.w.org\/{rel}","templated":true}]}}