{"id":16838,"date":"2020-02-14T23:09:12","date_gmt":"2020-02-14T23:09:12","guid":{"rendered":"https:\/\/redsemlac.com\/semmexico\/?p=16838"},"modified":"2023-07-21T15:20:14","modified_gmt":"2023-07-21T20:20:14","slug":"aprehenden-a-defensora-en-chiapas","status":"publish","type":"post","link":"https:\/\/redsemlac.com\/semmexico\/aprehenden-a-defensora-en-chiapas\/","title":{"rendered":"Aprehenden a defensora en Chiapas"},"content":{"rendered":"\n<p class=\"wp-block-paragraph\">Redacci\u00f3n&nbsp;<\/p>\n\n\n\n<p class=\"wp-block-paragraph\">SemM\u00e9xico. Tuxtla Gutierrez. 14 de febrero de 2020.- Feministas&nbsp;del estado de Chiapas, funcionarias, militantes y 10 grupos demandaron&nbsp;garant\u00edas, y respeto&nbsp;a la&nbsp;integridad&nbsp;f\u00edsica, psicol\u00f3gica y emocional de Lorena L\u00f3pez&nbsp;Campos aprehendida&nbsp;ayer y trasladada al Centro de Readaptaci\u00f3n&nbsp;Social El Amate. Advirtieron que se&nbsp;trata&nbsp;de una defensora de los derechos de ni\u00f1as y mujeres.&nbsp;<\/p>\n\n\n\n<p class=\"wp-block-paragraph\">Afirma el comunicado que firman 134&nbsp;mujeres que \u201cReconocemos en Lorena Campos, a una compa\u00f1era solidaria, responsable, profesional, comprometida con la promoci\u00f3n, defensa y activismo por los derechos humanos de ni\u00f1as, mujeres y adolescentes\u201d.<\/p>\n\n\n\n<p class=\"wp-block-paragraph\">Muchas de las firmantes, funcionarias de la administraci\u00f3n estatal y municipal, adem\u00e1s de medio centenar de militantes afirma que saben de su&nbsp;responsabilidad \u00e9tica y moral como mujeres feministas, al interior de las instituciones p\u00fablicas, por lo que desde nuestras responsabilidades, promovemos y buscamos que la perspectiva de g\u00e9nero y la afirmaci\u00f3n de los derechos de las mujeres y ni\u00f1as permeen transversalmente las pol\u00edticas p\u00fablicas.<\/p>\n\n\n\n<p class=\"wp-block-paragraph\">Tambi\u00e9n afirman que&nbsp;como &nbsp;funcionarias conservan&nbsp;su&nbsp;responsabilidad \u00e9tica y moral, con las causas que&nbsp;enarbolan&nbsp;mujeres como la encarcela,&nbsp;desde los \u00e1mbitos personal y p\u00fablico, como ciudadanas,&nbsp;insistene\u201d&nbsp;no abandonamos al ocupar cargos de la administraci\u00f3n p\u00fablica\u201d.<\/p>\n\n\n\n<p class=\"wp-block-paragraph\">Explican que&nbsp;ayer&nbsp;supieron&nbsp;de la detenci\u00f3n y se traslad\u00f3 al Centro de Readaptaci\u00f3n Social El Amate de la compa\u00f1era feminista, activista y defensora de los derechos de ni\u00f1as y mujeres, Lorena L\u00f3pez Campos.&nbsp;<\/p>\n\n\n\n<p class=\"wp-block-paragraph\">Y se\u00f1alan, que no saben los motivos y&nbsp;circuntancias&nbsp;de la detenci\u00f3n, y agregan que&nbsp;le&nbsp;dicen&nbsp;a&nbsp;Lorena&nbsp;#YoConLorena&nbsp;&nbsp;#NoEstasSola&nbsp;#SiTocanAUnaRespondemosTodas&nbsp;#GarantiasParaLore.<\/p>\n\n\n\n<p class=\"wp-block-paragraph\">FIRMANTES<\/p>\n\n\n\n<p class=\"wp-block-paragraph\">1.\u200bAdaena&nbsp;Estrada Carbajal<\/p>\n\n\n\n<p class=\"wp-block-paragraph\">2.\u200bAdriana D\u00edaz Mart\u00ednez<\/p>\n\n\n\n<p class=\"wp-block-paragraph\">3.\u200bAdriana L\u00f3pez&nbsp;Belda<\/p>\n\n\n\n<p class=\"wp-block-paragraph\">4.\u200bAdriana&nbsp;Patl\u00e1n<\/p>\n\n\n\n<p class=\"wp-block-paragraph\">5.\u200bAdriana Toledano&nbsp;Koltenik<\/p>\n\n\n\n<p class=\"wp-block-paragraph\">6.\u200bAdriana Tovilla Sol\u00eds<\/p>\n\n\n\n<p class=\"wp-block-paragraph\">7.\u200bAlejandra Houston<\/p>\n\n\n\n<p class=\"wp-block-paragraph\">8.\u200bAlejandra&nbsp;Oyosa&nbsp;Romero<\/p>\n\n\n\n<p class=\"wp-block-paragraph\">9.\u200bAlejandro Rivera Marroqu\u00edn<\/p>\n\n\n\n<p class=\"wp-block-paragraph\">10.\u200bAlina Guti\u00e9rrez Gij\u00f3n<\/p>\n\n\n\n<p class=\"wp-block-paragraph\">11.\u200bAlma Col\u00edn&nbsp;Col\u00edn<\/p>\n\n\n\n<p class=\"wp-block-paragraph\">12.\u200bAmarilis Castro L\u00f3pez<\/p>\n\n\n\n<p class=\"wp-block-paragraph\">13.\u200b\u00c1mbar Luna Quintanar<\/p>\n\n\n\n<p class=\"wp-block-paragraph\">14.\u200bAnakaren&nbsp;Rojas Romero<\/p>\n\n\n\n<p class=\"wp-block-paragraph\">15.\u200bAndrea Avil\u00e9s Ortega<\/p>\n\n\n\n<p class=\"wp-block-paragraph\">16.\u200bAndres&nbsp;Emmanuel Aguilar Lizama<\/p>\n\n\n\n<p class=\"wp-block-paragraph\">17.\u200bAng\u00e9lica Daniel Zarza Le\u00f3n<\/p>\n\n\n\n<p class=\"wp-block-paragraph\">18.\u200bAreli Silvana Mart\u00ednez<\/p>\n\n\n\n<p class=\"wp-block-paragraph\">19.\u200bArely Rodr\u00edguez Brise\u00f1o<\/p>\n\n\n\n<p class=\"wp-block-paragraph\">20.\u200bArmando Franco Ordaz<\/p>\n\n\n\n<p class=\"wp-block-paragraph\">21.\u200bAvril&nbsp;Tabita&nbsp;Joy&nbsp;Ram\u00edrez Esparza<\/p>\n\n\n\n<p class=\"wp-block-paragraph\">22.\u200bB\u00e1rbara&nbsp;Yaquelin&nbsp;P\u00e9rez Rold\u00e1n<\/p>\n\n\n\n<p class=\"wp-block-paragraph\">23.\u200bBertha Miranda Rodr\u00edguez<\/p>\n\n\n\n<p class=\"wp-block-paragraph\">24.\u200bBrisa paulina Armenta cruz<\/p>\n\n\n\n<p class=\"wp-block-paragraph\">25.\u200bCandelaria Rodr\u00edguez<\/p>\n\n\n\n<p class=\"wp-block-paragraph\">26.\u200bCarmen Jared&nbsp;Alavez&nbsp;Villanueva<\/p>\n\n\n\n<p class=\"wp-block-paragraph\">27.\u200bCarmen Villa Ch\u00e1vez<\/p>\n\n\n\n<p class=\"wp-block-paragraph\">28.\u200bCarolina Ar\u00e9valo Marroqu\u00edn<\/p>\n\n\n\n<p class=\"wp-block-paragraph\">29.\u200bCarolina Castillejos<\/p>\n\n\n\n<p class=\"wp-block-paragraph\">30.\u200bClaris&nbsp;Janesi&nbsp;Flores Alcocer<\/p>\n\n\n\n<p class=\"wp-block-paragraph\">31.\u200bClaudia Vel\u00e1zquez&nbsp;Fiallo<\/p>\n\n\n\n<p class=\"wp-block-paragraph\">32.\u200bCristina Velasco Hern\u00e1ndez<\/p>\n\n\n\n<p class=\"wp-block-paragraph\">33.\u200bCuauht\u00e9moc Reyes&nbsp;Reyes<\/p>\n\n\n\n<p class=\"wp-block-paragraph\">34.\u200bCynthia Arteaga Rodr\u00edguez<\/p>\n\n\n\n<p class=\"wp-block-paragraph\">35.\u200bCynthia Ortiz<\/p>\n\n\n\n<p class=\"wp-block-paragraph\">36.\u200bDaniela Pinedo Torrentera<\/p>\n\n\n\n<p class=\"wp-block-paragraph\">37.\u200bDonaj\u00ed&nbsp;Garc\u00eda&nbsp;Valdiviezo<\/p>\n\n\n\n<p class=\"wp-block-paragraph\">38.\u200bDulce Mar\u00eda Herrera M\u00e9ndez<\/p>\n\n\n\n<p class=\"wp-block-paragraph\">39.\u200bDulce Viviana Flecha Guti\u00e9rrez<\/p>\n\n\n\n<p class=\"wp-block-paragraph\">40.\u200bEdith Salazar De Gante<\/p>\n\n\n\n<p class=\"wp-block-paragraph\">41.\u200bEduviges Villegas Pastrana<\/p>\n\n\n\n<p class=\"wp-block-paragraph\">42.\u200bElba Hern\u00e1ndez Zetina<\/p>\n\n\n\n<p class=\"wp-block-paragraph\">43.\u200bEmilia Reyes Z\u00fa\u00f1iga<\/p>\n\n\n\n<p class=\"wp-block-paragraph\">44.\u200bEmily&nbsp;Kristhel&nbsp;Reyes Guzm\u00e1n<\/p>\n\n\n\n<p class=\"wp-block-paragraph\">45.\u200bEnriqueta Rinc\u00f3n&nbsp;Burelo<\/p>\n\n\n\n<p class=\"wp-block-paragraph\">46.\u200bErika&nbsp;Yamada&nbsp;Kubo<\/p>\n\n\n\n<p class=\"wp-block-paragraph\">47.\u200bGabriela Cabello Ruiz<\/p>\n\n\n\n<p class=\"wp-block-paragraph\">48.\u200bGabriela Ch\u00e1vez<\/p>\n\n\n\n<p class=\"wp-block-paragraph\">49.\u200bGabriela Cruz Rodr\u00edguez<\/p>\n\n\n\n<p class=\"wp-block-paragraph\">50.\u200bGabriela Garc\u00eda Mej\u00eda<\/p>\n\n\n\n<p class=\"wp-block-paragraph\">51.\u200bGabriela Sanabria S.<\/p>\n\n\n\n<p class=\"wp-block-paragraph\">52.\u200bGady&nbsp;Alel\u00ed&nbsp;Dircio&nbsp;Chautla<\/p>\n\n\n\n<p class=\"wp-block-paragraph\">53.\u200bGelitzly&nbsp;Pacheco Montero<\/p>\n\n\n\n<p class=\"wp-block-paragraph\">54.\u200bGrecia Sebasti\u00e1n Zepeda<\/p>\n\n\n\n<p class=\"wp-block-paragraph\">55.\u200bGuadalupe Gonz\u00e1lez Figueroa<\/p>\n\n\n\n<p class=\"wp-block-paragraph\">56.\u200bGuadalupe S\u00e1nchez Garc\u00eda<\/p>\n\n\n\n<p class=\"wp-block-paragraph\">57.\u200bHolly&nbsp;Matus Toledo<\/p>\n\n\n\n<p class=\"wp-block-paragraph\">58.\u200bIneth&nbsp;Mayl\u00e9n&nbsp;Guti\u00e9rrez Alvarado<\/p>\n\n\n\n<p class=\"wp-block-paragraph\">59.\u200bJessica P\u00e9rez T\u00e9llez<\/p>\n\n\n\n<p class=\"wp-block-paragraph\">60.\u200bJoanna Hern\u00e1ndez Z\u00fa\u00f1iga<\/p>\n\n\n\n<p class=\"wp-block-paragraph\">61.\u200bKaren Guadalupe Grajales Osorio<\/p>\n\n\n\n<p class=\"wp-block-paragraph\">62.\u200bKaren Paulina Castellanos Vasconcelos<\/p>\n\n\n\n<p class=\"wp-block-paragraph\">63.\u200bKarina Berenice Guti\u00e9rrez castillejos<\/p>\n\n\n\n<p class=\"wp-block-paragraph\">64.\u200bKiara&nbsp;Denisse C\u00e1rdenas Fern\u00e1ndez Licenciada en Letras<\/p>\n\n\n\n<p class=\"wp-block-paragraph\">65.\u200bLaura Yadira Morelos Avelino<\/p>\n\n\n\n<p class=\"wp-block-paragraph\">66.\u200bLidia Mar\u00eda&nbsp;Laflor&nbsp;Reynoso<\/p>\n\n\n\n<p class=\"wp-block-paragraph\">67.\u200bLiliana Espinosa &nbsp;Aguilar<\/p>\n\n\n\n<p class=\"wp-block-paragraph\">68.\u200bLiliana P\u00e9rez Guti\u00e9rrez<\/p>\n\n\n\n<p class=\"wp-block-paragraph\">69.\u200bLizet Selene terrazas valle<\/p>\n\n\n\n<p class=\"wp-block-paragraph\">70.\u200bLuz Rebeca Lorea Hern\u00e1ndez<\/p>\n\n\n\n<p class=\"wp-block-paragraph\">71.\u200bLyz&nbsp;M\u00e9ndez\/Premio Nacional de la Juventud<\/p>\n\n\n\n<p class=\"wp-block-paragraph\">72.\u200bMagda Mart\u00ednez Garc\u00eda<\/p>\n\n\n\n<p class=\"wp-block-paragraph\">73.\u200bMagdalena Duran Ramos<\/p>\n\n\n\n<p class=\"wp-block-paragraph\">74.\u200bMaira Johana Miranda Torres<\/p>\n\n\n\n<p class=\"wp-block-paragraph\">75.\u200bMarcela Garc\u00eda&nbsp;Borgonio<\/p>\n\n\n\n<p class=\"wp-block-paragraph\">76.\u200bMar\u00eda Cruz Hern\u00e1ndez<\/p>\n\n\n\n<p class=\"wp-block-paragraph\">77.\u200bMar\u00eda Enriqueta&nbsp;Burelo&nbsp;Melgar<\/p>\n\n\n\n<p class=\"wp-block-paragraph\">78.\u200bMar\u00eda Guadalupe&nbsp;Gutu&nbsp;Coello<\/p>\n\n\n\n<p class=\"wp-block-paragraph\">79.\u200bMariana Villa Ch\u00e1vez<\/p>\n\n\n\n<p class=\"wp-block-paragraph\">80.\u200bMariela Velasco Hern\u00e1ndez<\/p>\n\n\n\n<p class=\"wp-block-paragraph\">81.\u200bMarleny&nbsp;Gij\u00f3n Silva<\/p>\n\n\n\n<p class=\"wp-block-paragraph\">82.\u200bMartha Guadalupe Figueroa Mier<\/p>\n\n\n\n<p class=\"wp-block-paragraph\">83.\u200bMaynn\u00e9&nbsp;Alexa Cort\u00e9s Escobedo<\/p>\n\n\n\n<p class=\"wp-block-paragraph\">84.\u200bMayra Morales&nbsp;Aldaz<\/p>\n\n\n\n<p class=\"wp-block-paragraph\">85.\u200bMichelle&nbsp;Dominguez&nbsp;Gordillo<\/p>\n\n\n\n<p class=\"wp-block-paragraph\">86.\u200bMichelle Gallo<\/p>\n\n\n\n<p class=\"wp-block-paragraph\">87.\u200bMisol&nbsp;ha Mel\u00e9ndez \u00c1guila<\/p>\n\n\n\n<p class=\"wp-block-paragraph\">88.\u200bM\u00f3nica Garc\u00eda Gaona<\/p>\n\n\n\n<p class=\"wp-block-paragraph\">89.\u200bMontserrat Contreras D\u00edaz<\/p>\n\n\n\n<p class=\"wp-block-paragraph\">90.\u200bNadis&nbsp;L\u00f3pez Velasco<\/p>\n\n\n\n<p class=\"wp-block-paragraph\">91.\u200bNorma Fuentes Gardu\u00f1o<\/p>\n\n\n\n<p class=\"wp-block-paragraph\">92.\u200bOlivia G\u00f3mez Bautista<\/p>\n\n\n\n<p class=\"wp-block-paragraph\">93.\u200bOlivia Isabel Espinosa Jim\u00e9nez<\/p>\n\n\n\n<p class=\"wp-block-paragraph\">94.\u200bOlivia S\u00e1nchez&nbsp;S\u00e1nchez<\/p>\n\n\n\n<p class=\"wp-block-paragraph\">95.\u200bPatricia Ortega representante en Jalisco de la Red por los Derechos sexuales y reproductivos en M\u00e9xico<\/p>\n\n\n\n<p class=\"wp-block-paragraph\">96.\u200bPatricia Robles Gallegos<\/p>\n\n\n\n<p class=\"wp-block-paragraph\">97.\u200bPaulina Conde<\/p>\n\n\n\n<p class=\"wp-block-paragraph\">98.\u200bRa\u00fal Mendoza Orozco<\/p>\n\n\n\n<p class=\"wp-block-paragraph\">99.\u200bReyna X\u00f3chitl Almanza Pe\u00f1aloza<\/p>\n\n\n\n<p class=\"wp-block-paragraph\">100.\u200bRodrigo&nbsp;Adrian&nbsp;Frias&nbsp;Garcia<\/p>\n\n\n\n<p class=\"wp-block-paragraph\">101.\u200bRosa Isabel Zavala Marroqu\u00edn<\/p>\n\n\n\n<p class=\"wp-block-paragraph\">102.\u200bRosa Mar\u00eda&nbsp;Kubo&nbsp;Ogi<\/p>\n\n\n\n<p class=\"wp-block-paragraph\">103.\u200bRosalinda Ponce Ojeda<\/p>\n\n\n\n<p class=\"wp-block-paragraph\">104.\u200bRosario&nbsp;Texis&nbsp;Z\u00fa\u00f1iga<\/p>\n\n\n\n<p class=\"wp-block-paragraph\">105.\u200bRoselia&nbsp;Guti\u00e9rrez Luis<\/p>\n\n\n\n<p class=\"wp-block-paragraph\">106.\u200bSelene Dom\u00ednguez<\/p>\n\n\n\n<p class=\"wp-block-paragraph\">107.\u200bSergio L\u00f3pez Baena<\/p>\n\n\n\n<p class=\"wp-block-paragraph\">108.\u200bSergio Luis Morales Hern\u00e1ndez<\/p>\n\n\n\n<p class=\"wp-block-paragraph\">109.\u200bSilvia Sol\u00eds Hern\u00e1ndez<\/p>\n\n\n\n<p class=\"wp-block-paragraph\">110.\u200bSilvia Sol\u00eds L\u00f3pez<\/p>\n\n\n\n<p class=\"wp-block-paragraph\">111.\u200bSof\u00eda Jim\u00e9nez&nbsp;Poir\u00e9<\/p>\n\n\n\n<p class=\"wp-block-paragraph\">112.\u200bStephan\u00eda&nbsp;Mart\u00ednez Gonz\u00e1lez<\/p>\n\n\n\n<p class=\"wp-block-paragraph\">113.\u200bSuzanne&nbsp;Veldhius<\/p>\n\n\n\n<p class=\"wp-block-paragraph\">114.\u200bTania Morales Olvera<\/p>\n\n\n\n<p class=\"wp-block-paragraph\">115.\u200bTeresa Campos<\/p>\n\n\n\n<p class=\"wp-block-paragraph\">116.\u200bValeria Garc\u00eda Gaona<\/p>\n\n\n\n<p class=\"wp-block-paragraph\">117.\u200bValeria Valencia Salinas<\/p>\n\n\n\n<p class=\"wp-block-paragraph\">118.\u200bVer\u00f3nica Cervantes<\/p>\n\n\n\n<p class=\"wp-block-paragraph\">119.\u200bVer\u00f3nica Ram\u00edrez&nbsp;Nucamendi<\/p>\n\n\n\n<p class=\"wp-block-paragraph\">120.\u200bViridiana Mar\u00edn Valverde<\/p>\n\n\n\n<p class=\"wp-block-paragraph\">121.\u200bX\u00f3chitl Pulido&nbsp;Fentanes<\/p>\n\n\n\n<p class=\"wp-block-paragraph\">122.\u200bYtzel&nbsp;Maya Jim\u00e9nez<\/p>\n\n\n\n<p class=\"wp-block-paragraph\">123.\u200bYumi&nbsp;Yamada&nbsp;Kubo<\/p>\n\n\n\n<p class=\"wp-block-paragraph\">124.\u200bZedxi&nbsp;&nbsp;Vel\u00e1zquez&nbsp;Fiallo<\/p>\n\n\n\n<p class=\"wp-block-paragraph\">125.\u200bZeltz\u00edn&nbsp;Esmeralda Garc\u00eda Alonso<\/p>\n\n\n\n<p class=\"wp-block-paragraph\">126.\u200bOlga Tatiana Jim\u00e9nez Dom\u00ednguez<\/p>\n\n\n\n<p class=\"wp-block-paragraph\">127.\u200bPatricia L\u00f3pez Romero<\/p>\n\n\n\n<p class=\"wp-block-paragraph\">128.\u200bLyz&nbsp;M\u00e9ndez<\/p>\n\n\n\n<p class=\"wp-block-paragraph\">129.\u200bElisangela&nbsp;Escobar&nbsp;Arandia<\/p>\n\n\n\n<p class=\"wp-block-paragraph\">130.\u200bDenisse Mart\u00ednez P\u00e9rez<\/p>\n\n\n\n<p class=\"wp-block-paragraph\">131.\u200bMar\u00eda de los&nbsp;Angeles&nbsp;Bland\u00f3n Salinas<\/p>\n\n\n\n<p class=\"wp-block-paragraph\">132.\u200bSandra Mar\u00eda de los Santos&nbsp;Chandomi<\/p>\n\n\n\n<p class=\"wp-block-paragraph\">133.\u200bLaura Patricia Montesinos&nbsp;Nu\u00f1ez<\/p>\n\n\n\n<p class=\"wp-block-paragraph\">134.\u200bJudith Mart\u00ednez Solares<\/p>\n\n\n\n<p class=\"wp-block-paragraph\">ORGANIZACIONEZ\/COLECTIVAS<\/p>\n\n\n\n<p class=\"wp-block-paragraph\">1.\u200bAltersol&nbsp;AC<\/p>\n\n\n\n<p class=\"wp-block-paragraph\">2.\u200bCampa\u00f1a Estatal Por el Derecho al Aborto legal, seguro y gratuito en Chiapas<\/p>\n\n\n\n<p class=\"wp-block-paragraph\">3.\u200bColectiva Feminista Hidalguense AC<\/p>\n\n\n\n<p class=\"wp-block-paragraph\">4.\u200bDerechos, Ciudadan\u00eda, Desarrollo Sostenible y sustentable AC<\/p>\n\n\n\n<p class=\"wp-block-paragraph\">5.\u200bKeremetik&nbsp;AC<\/p>\n\n\n\n<p class=\"wp-block-paragraph\">6.\u200bL\u00ednea Aborto Chiapas<\/p>\n\n\n\n<p class=\"wp-block-paragraph\">7.\u200bMi \u00datero Feliz A.C<\/p>\n\n\n\n<p class=\"wp-block-paragraph\">8.\u200bRebeld\u00eda&nbsp;Lesbofeminista&nbsp;del Sur<\/p>\n\n\n\n<p class=\"wp-block-paragraph\">9.\u200bRed Por los derechos sexuales y reproductivos en M\u00e9xico-&nbsp;Ddeser&nbsp;Chiapas<\/p>\n\n\n\n<p class=\"wp-block-paragraph\">10.\u200bKeremetic&nbsp;A.C.<br><\/p>\n","protected":false},"excerpt":{"rendered":"<p>Advirtieron que se trata de una defensora de los derechos de ni\u00f1as y mujeres.<\/p>\n","protected":false},"author":3,"featured_media":16839,"comment_status":"open","ping_status":"open","sticky":false,"template":"","format":"standard","meta":{"_monsterinsights_skip_tracking":false,"footnotes":""},"categories":[691,54],"tags":[],"class_list":["post-16838","post","type-post","status-publish","format-standard","has-post-thumbnail","category-691","category-mujeres"],"_links":{"self":[{"href":"https:\/\/redsemlac.com\/semmexico\/wp-json\/wp\/v2\/posts\/16838","targetHints":{"allow":["GET"]}}],"collection":[{"href":"https:\/\/redsemlac.com\/semmexico\/wp-json\/wp\/v2\/posts"}],"about":[{"href":"https:\/\/redsemlac.com\/semmexico\/wp-json\/wp\/v2\/types\/post"}],"author":[{"embeddable":true,"href":"https:\/\/redsemlac.com\/semmexico\/wp-json\/wp\/v2\/users\/3"}],"replies":[{"embeddable":true,"href":"https:\/\/redsemlac.com\/semmexico\/wp-json\/wp\/v2\/comments?post=16838"}],"version-history":[{"count":0,"href":"https:\/\/redsemlac.com\/semmexico\/wp-json\/wp\/v2\/posts\/16838\/revisions"}],"wp:featuredmedia":[{"embeddable":true,"href":"https:\/\/redsemlac.com\/semmexico\/wp-json\/wp\/v2\/media\/16839"}],"wp:attachment":[{"href":"https:\/\/redsemlac.com\/semmexico\/wp-json\/wp\/v2\/media?parent=16838"}],"wp:term":[{"taxonomy":"category","embeddable":true,"href":"https:\/\/redsemlac.com\/semmexico\/wp-json\/wp\/v2\/categories?post=16838"},{"taxonomy":"post_tag","embeddable":true,"href":"https:\/\/redsemlac.com\/semmexico\/wp-json\/wp\/v2\/tags?post=16838"}],"curies":[{"name":"wp","href":"https:\/\/api.w.org\/{rel}","templated":true}]}}