{"id":16834,"date":"2020-02-14T22:51:50","date_gmt":"2020-02-14T22:51:50","guid":{"rendered":"https:\/\/redsemlac.com\/semmexico\/?p=16834"},"modified":"2023-07-21T15:20:14","modified_gmt":"2023-07-21T20:20:14","slug":"frida-guerrera-pide-a-amlo-claridad-y-postura-hacia-las-mujeres-y-los-feminicidios","status":"publish","type":"post","link":"https:\/\/redsemlac.com\/semmexico\/frida-guerrera-pide-a-amlo-claridad-y-postura-hacia-las-mujeres-y-los-feminicidios\/","title":{"rendered":"Frida Guerrera pide a AMLO claridad y postura hacia las mujeres y los feminicidios"},"content":{"rendered":"\n<p class=\"wp-block-paragraph\"><strong>\u201cNo hay malestar social, la gente est\u00e1 contenta, son los grupos de poder\u201d: Obrador<\/strong><\/p>\n\n\n\n<p class=\"wp-block-paragraph\"><strong>Erandi&nbsp;Le\u00f3n&nbsp;Tierranueva<\/strong><\/p>\n\n\n\n<p class=\"wp-block-paragraph\">SemM\u00e9xico. Cd. de M\u00e9xico. 14 febrero de 2020.-&nbsp;\u201cNo es que haya malestar social, la gente est\u00e1 contenta, el malestar es de los grupo de poder, los grupos de intereses creados que se resisten al cambio\u201d, asegur\u00f3 el presidente Andr\u00e9s Manuel L\u00f3pez Obrador ante los cuestionamientos de la activista y periodista Frida Guerrera a prop\u00f3sito de los grupos de mujeres feministas que se manifestaban a las afueras de Palacio Nacional contra los feminicidios y la falta de inter\u00e9s del gobierno.&nbsp;<\/p>\n\n\n\n<p class=\"wp-block-paragraph\">En la ma\u00f1anera, &nbsp;la activista cuestion\u00f3 la falta de claridad y postura hacia las mujeres y los feminicidios, \u201cnecesitamos saber si se va a hacer algo o ser\u00e1 pura simulaci\u00f3n\u201d y record\u00f3 que de los 250 feminicidios perpetrados en lo que va de 2020, el gobierno federal s\u00f3lo se ha pronunciado dos veces \u201cy eso por la magnitud y la falta de responsabilidad de las redes sociales y los medios de comunicaci\u00f3n de los \u00faltimos casos\u201d, sentenci\u00f3.&nbsp;<\/p>\n\n\n\n<p class=\"wp-block-paragraph\">Cabe recordar que las miles de mujeres que salieron a las calles fue para protestar contra la brutalidad del feminicidio de Ingrid, la manera inhumana con que redes sociales y medios de comunicaci\u00f3n dieron a conocer el caso, exhibiendo su cuerpo salvajemente da\u00f1ado, y la falta no s\u00f3lo de inter\u00e9s sino la negaci\u00f3n del tema \u201chay un buen humor social (\u2026) el tema de los feminicidios est\u00e1 muy manipulado por los medios de comunicaci\u00f3n convencionales\u201d, hab\u00eda declarado el presidente en la ma\u00f1anera de ayer.&nbsp;<\/p>\n\n\n\n<p class=\"wp-block-paragraph\">L\u00f3pez Obrador tambi\u00e9n respondi\u00f3 a Frida que a diferencia de gobiernos anteriores, no est\u00e1 evadiendo su responsabilidad pues \u201cdetuvo la posibilidad de hacer esa reforma\u201d, refiri\u00e9ndose a las declaraciones del fiscal Alejandro&nbsp;Gertz&nbsp;Manero sobre la eliminaci\u00f3n del delito penal de feminicidio. Dentro de su acostumbrado discurso se limit\u00f3 a referir que desea se termine la violencia contra las mujeres y que est\u00e1 trabajando en ello, \u201ctodo este nuevo discurso neoliberal &nbsp;de la visibilidad y de las pol\u00edticas p\u00fablicas que llegan a M\u00e9xico son atendidas por el gobierno\u201d, refiri\u00f3 el presidente.<\/p>\n\n\n\n<p class=\"wp-block-paragraph\">Sin embargo, Frida Guerrera reiter\u00f3 que la gente est\u00e1 esperando que exista un inter\u00e9s real del tema espec\u00edfico del feminicidio \u201cno que venga la secretaria de la Mujer o la&nbsp;Conavim, necesitamos que usted d\u00e9 una respuesta directa y clara al tema. No queremos m\u00e1s respuestas nulas y o\u00eddos sordos\u201d.<\/p>\n\n\n\n<p class=\"wp-block-paragraph\">Mientras tanto, mujeres feministas congregadas en organizaciones y familiares de v\u00edctimas de feminicidios protestaron y gritaron #M\u00e9xicoFeminicida\u201d al pedir #JusticiaParaIngridEscamilla&nbsp;y la exigencia de #NiUnaMenos, al recordar que en el 2019 se cometieron m\u00e1s de 3 mil asesinatos contra mujeres, es decir, un incremento del 111 por ciento con respecto a los \u00faltimos cuatro a\u00f1os y s\u00f3lo el 30 por ciento de los casos que fueron denunciados se investigaron como feminicidios.<\/p>\n\n\n\n<p class=\"wp-block-paragraph\">Bajo este panorama, Obrador insisti\u00f3 que \u201cno existe un malestar social, la gente est\u00e1 contenta, el malestar es de los grupo de poder, los grupos de intereses creados que se resisten a los cambios\u201d, afirm\u00f3 deseando \u201cde coraz\u00f3n que la violencia contra las mujeres termine\u201d.<\/p>\n\n\n\n<p class=\"wp-block-paragraph\">Frida Guerrera puntualiz\u00f3 en la necesidad de crear una fiscal\u00eda especializada contra los delitos de feminicidio, pues la FEVIMTRA (Fiscal\u00eda Especial para los Delitos de Violencia contra las Mujeres y Trata de Personas) no se especializa en eso, y la urgencia de terminar con la corrupci\u00f3n en los gobiernos estatales que investigan los casos.&nbsp;<\/p>\n\n\n\n<p class=\"wp-block-paragraph\">Despu\u00e9s de las protestas que se hicieron frente a Palacio Nacional y el peri\u00f3dico Reforma, se espera una concentraci\u00f3n a las 16 horas en La&nbsp;Antimonumenta&nbsp;frente al Palacio de Bellas Artes,&nbsp;para exigir justicia por los feminicidios de Dalia Mart\u00ednez y de Ingrid Escamilla.&nbsp;<\/p>\n\n\n\n<p class=\"wp-block-paragraph\">De igual manera, en el monumento El Caballito, ubicado en Paseo de la Reforma, se llevar\u00e1 a cabo manifestaci\u00f3n separatista&nbsp;por la dignificaci\u00f3n de las v\u00edctimas de feminicidio&nbsp;en los medios de comunicaci\u00f3n. A las 17 horas comenzar\u00e1 la marcha que partir\u00e1 de Metro La Raza con destino a la alcald\u00eda Gustavo A. Madero.<\/p>\n","protected":false},"excerpt":{"rendered":"<p>\u201cNo hay malestar social, la gente est\u00e1 contenta, son los grupos de poder\u201d: Obrador<\/p>\n","protected":false},"author":3,"featured_media":16836,"comment_status":"open","ping_status":"open","sticky":false,"template":"","format":"standard","meta":{"_monsterinsights_skip_tracking":false,"footnotes":""},"categories":[691,54],"tags":[],"class_list":["post-16834","post","type-post","status-publish","format-standard","has-post-thumbnail","category-691","category-mujeres"],"_links":{"self":[{"href":"https:\/\/redsemlac.com\/semmexico\/wp-json\/wp\/v2\/posts\/16834","targetHints":{"allow":["GET"]}}],"collection":[{"href":"https:\/\/redsemlac.com\/semmexico\/wp-json\/wp\/v2\/posts"}],"about":[{"href":"https:\/\/redsemlac.com\/semmexico\/wp-json\/wp\/v2\/types\/post"}],"author":[{"embeddable":true,"href":"https:\/\/redsemlac.com\/semmexico\/wp-json\/wp\/v2\/users\/3"}],"replies":[{"embeddable":true,"href":"https:\/\/redsemlac.com\/semmexico\/wp-json\/wp\/v2\/comments?post=16834"}],"version-history":[{"count":0,"href":"https:\/\/redsemlac.com\/semmexico\/wp-json\/wp\/v2\/posts\/16834\/revisions"}],"wp:featuredmedia":[{"embeddable":true,"href":"https:\/\/redsemlac.com\/semmexico\/wp-json\/wp\/v2\/media\/16836"}],"wp:attachment":[{"href":"https:\/\/redsemlac.com\/semmexico\/wp-json\/wp\/v2\/media?parent=16834"}],"wp:term":[{"taxonomy":"category","embeddable":true,"href":"https:\/\/redsemlac.com\/semmexico\/wp-json\/wp\/v2\/categories?post=16834"},{"taxonomy":"post_tag","embeddable":true,"href":"https:\/\/redsemlac.com\/semmexico\/wp-json\/wp\/v2\/tags?post=16834"}],"curies":[{"name":"wp","href":"https:\/\/api.w.org\/{rel}","templated":true}]}}