{"id":16813,"date":"2020-02-14T01:48:14","date_gmt":"2020-02-14T01:48:14","guid":{"rendered":"https:\/\/redsemlac.com\/semmexico\/?p=16813"},"modified":"2023-07-21T15:20:15","modified_gmt":"2023-07-21T20:20:15","slug":"exigen-no-sea-ratificado-magistrado-del-tsjcdmx-tiene-denuncia-por-abuso-sexual-a-menores","status":"publish","type":"post","link":"https:\/\/redsemlac.com\/semmexico\/exigen-no-sea-ratificado-magistrado-del-tsjcdmx-tiene-denuncia-por-abuso-sexual-a-menores\/","title":{"rendered":"Exigen no sea ratificado magistrado del TSJCDMX; tiene denuncia por abuso sexual a menores"},"content":{"rendered":"\n<ul class=\"wp-block-list\"><li><strong>Los jueces y magistrados tienen la\nobligaci\u00f3n de juzgar con perspectiva de g\u00e9nero, las mujeres y las ni\u00f1as tenemos\nel derecho a que se nos imparta justicia, afirman las <\/strong><strong>Abolicionistas\nMX<\/strong><\/li><\/ul>\n\n\n\n<p class=\"wp-block-paragraph\"><strong>Elda\nMontiel <\/strong><\/p>\n\n\n\n<p class=\"wp-block-paragraph\">SemM\u00e9xico. Ciudad de M\u00e9xico. 13\nde febrero 2020.- La organizaci\u00f3n feminista \u201cAbolicionistas MX\u201d, solicita la no\nratificaci\u00f3n del magistrado Manuel Horacio Cavazos L\u00f3pez, como\nmagistrado vitalicio del Tribunal Superior de Justicia de la Ciudad de M\u00e9xico\npor la denuncia en su contra por abuso sexual en contra de sus dos hijas de 5 y\n7 a\u00f1os de edad. &nbsp;<\/p>\n\n\n\n<p class=\"wp-block-paragraph\">Les resultar\u00eda inadmisible que el\nmagistrado fuera ratificado cuando existe una carpeta de investigaci\u00f3n en la Fiscal\u00eda de Delitos Sexuales de la Fiscal\u00eda\nGeneral de Justicia de la Ciudad de M\u00e9xico, por abuso sexual contra sus dos\nhijas, de 5 y 7 a\u00f1os, cuando dicha Fiscal\u00eda no ha determinado si el caso se\njudicializa, es decir, si se lleva ante un juez, a pesar de que la denuncia\ntiene cerca de cuatro meses.<\/p>\n\n\n\n<p class=\"wp-block-paragraph\">Piden que se esclarezca, que el\nMagistrado se conduzca\ncon dignidad, \u00e9ticamente responda\na las imputaciones en su contra y, esperan que tal y como lo asegura no sea\nresponsable.<\/p>\n\n\n\n<p class=\"wp-block-paragraph\">En una carta dirigida a la Mesa\nDirectiva de la Comisi\u00f3n de Administraci\u00f3n y Procuraci\u00f3n de Justicia de la I\nLegislatura del Congreso de la Ciudad de M\u00e9xico, se\u00f1alan que el &nbsp;magistrado Cavazos\nL\u00f3pez, quien estaba adscrito a la Segunda Sala Especializada en Ejecuci\u00f3n de\nSanciones Penales de la capital, enfrenta dos procesos legales: una carpeta de investigaci\u00f3n\nante la Fiscal\u00eda Central de Investigaci\u00f3n de Delitos Sexuales, bajo el n\u00famero CI-FDS\/FDS-6\/UI-FDS-6-02\/19270\/09-2019,\npor el delito de abuso sexual contra sus dos hijas, de 7 y 5 a\u00f1os de edad. <\/p>\n\n\n\n<p class=\"wp-block-paragraph\">Y un proceso familiar en el Juzgado D\u00e9cimo Quinto de lo Familiar\ndel Tribunal Superior de Justicia de la Ciudad de M\u00e9xico, que, si bien se trata\nde un Divorcio Incausado, en el mismo lo apercibieron para que cesara la\nviolencia psicol\u00f3gica y econ\u00f3mica contra la madre de sus hijas la Se\u00f1ora Mariel\nAlbarr\u00e1n Duarte, bajo el expediente 318\/2019.<\/p>\n\n\n\n<p class=\"wp-block-paragraph\">Aunque\nha presentado dos amparos en el Juzgado Sexto de Distrito en materia Civil de\nla CDMX, el cual le fue negado por el tema de la violencia y uno m\u00e1s para la\nsuspensi\u00f3n de convivencias por abuso sexual en contra de sus hijas de 7 y 5 a\u00f1os de edad. <\/p>\n\n\n\n<p class=\"wp-block-paragraph\">Tambi\u00e9n,\nse\u00f1alan que tampoco se pudo acreditar el requisito de las actividades de capacitaci\u00f3n\ncontinua y actualizaci\u00f3n profesional del Magistrado Cavazos en el portal\nde transparencia del TSJCDMX.<\/p>\n\n\n\n<p class=\"wp-block-paragraph\">Del a\u00f1o de 1997 a 2004 Cavazos\nL\u00f3pez s\u00f3lo tom\u00f3 cursos en materia penal, ninguna de sus\nactividades acad\u00e9micas versa sobre c\u00f3mo juzgar con perspectiva de g\u00e9nero,\nderechos de las mujeres, derechos humanos o inter\u00e9s superior de la ni\u00f1ez, temas\nobligadamente relacionados con su quehacer como operador de la justicia.<\/p>\n\n\n\n<p class=\"wp-block-paragraph\">La\npetici\u00f3n de las Abolicionistas MX, es que; \u201cpor responsabilidad,\npor salud de nuestras instituciones p\u00fablicas, tanto al Consejo de la\nJudicatura, al Congreso de la Ciudad, a la ciudadan\u00eda en general, deber\u00eda\nimportarnos que primeramente resuelva la Fiscal\u00eda General de Justicia de la\nCiudad de M\u00e9xico sobre la carpeta de investigaci\u00f3n que se inici\u00f3 hace 4 meses\u201d.\n<\/p>\n\n\n\n<p class=\"wp-block-paragraph\">Tambi\u00e9n\nhacen \u00e9nfasis en que los \u201cproblemas personales\u201d de nuestros jueces y\nmagistrados, adquieren inter\u00e9s p\u00fablico si est\u00e1n relacionados con el atropello a\nlas libertades y derechos fundamentales de las personas. <\/p>\n\n\n\n<p class=\"wp-block-paragraph\">En clara alusi\u00f3n a las declaraciones del magistrado\npresidente del Tribunal Superior de Justicia de la Ciudad de M\u00e9xico (TSJCDMX),\nRafael Guerra \u00c1lvarez, respecto a las acusaciones en contra del magistrado\nManuel Horacio Cavazos L\u00f3pez, en el sentido de que es cuesti\u00f3n personal del magistrado, que\nno afecta al Tribunal. <\/p>\n\n\n\n<p class=\"wp-block-paragraph\">El magistrado en cuesti\u00f3n tampoco cumple con la exigencia social de que, quienes\nocupan o aspiran a ocupar cargos en la magistratura tengan un perfil id\u00f3neo y\nque su formaci\u00f3n acad\u00e9mica les permita incorporar la perspectiva de g\u00e9nero en\nsus resoluciones en las sentencias que involucran violencia por razones de\ng\u00e9nero<strong>.<\/strong><\/p>\n\n\n\n<p class=\"wp-block-paragraph\">Los jueces y magistrados\ntienen la obligaci\u00f3n de juzgar con perspectiva de g\u00e9nero, las mujeres y las\nni\u00f1as tenemos el derecho a que se nos imparta justicia bajo esta perspectiva,\nenfatizan. <\/p>\n\n\n\n<p class=\"wp-block-paragraph\">Las graves acusaciones penales en\ncontra del magistrado Cavazos, no son un asunto menor, el prestigio de los\nimpartidores de justicia es un continuo\nde acciones desplegadas que construyen su independencia, su reputaci\u00f3n, la confianza y respeto que nos inspiren.<\/p>\n\n\n\n<p class=\"wp-block-paragraph\">Desde nuestro punto de vista, la\nresponsabilidad del juez se proyecta tambi\u00e9n sobre su vida privada, debido a su\nalta investidura y a la trascendencia social de su labor, el juez ha de\nmantener una conducta \u00e9tica como forma de vida. <\/p>\n\n\n\n<p class=\"wp-block-paragraph\">Citaron que la Ley\nOrg\u00e1nica del Poder Judicial de la Ciudad de M\u00e9xico prev\u00e9 en su Art. 21 que para\nser Magistrada o Magistrado se requiere: Gozar de buena reputaci\u00f3n, y contar\ncon una trayectoria laboral respetable a trav\u00e9s de un estudio minucioso de los\nantecedentes del postulante.<\/p>\n\n\n\n<p class=\"wp-block-paragraph\">Tambi\u00e9n piden se tome en\ncuenta &nbsp;que en mayo de 2007, con fecha 14 de febrero del mismo a\u00f1o,\nel Magistrado Presidente del Tribunal Superior de Justicia del Distrito\nFederal, Jos\u00e9 Guadalupe Carrera Dom\u00ednguez, transfiri\u00f3 al entonces juez 12 de lo\npenal Cavazos L\u00f3pez al Juzgado 66 Penal por\u201cm\u00faltiples quejas que hab\u00eda en su contra por el personal a\nsu cargo\u201d, \u201cmala\nactuaci\u00f3n y relaci\u00f3n con el personal a su cargo, lo cual contrasta con la\nestrategia de cambio de actitud de los funcionarios judiciales, ordenada por el\nConsejo de la Judicatura del TSJDF\u201d.<\/p>\n\n\n\n<p class=\"wp-block-paragraph\">Por una justicia imparcial,\nindependiente, objetiva y equitativa que asegure el acceso igualitario de todas\nlas personas, en especial de mujeres, ni\u00f1as y ni\u00f1os. Firman las abolicionistas MX: <\/p>\n\n\n\n<p class=\"wp-block-paragraph\">Argentina Casanova,&nbsp; Mar\u00eda del Carmen Bautista L\u00f3pez, Yunitzilim Rodr\u00edguez\nPeralta, Rosa Mar\u00eda Cabrera Lotfe, Laura Henr\u00edquez Maldonado, Lilian Balderas Garc\u00eda,\nEugenia Flores Hernandez, Gabriela Segura, Columba Quintero Mart\u00ednez, Hilda Venegas\nNegrete.<\/p>\n\n\n\n<p class=\"wp-block-paragraph\">Mar\u00eda de los Angeles\nHern\u00e1ndez S\u00e1nchez, Idalia L\u00f3pez Murillo,&nbsp;\nMar Cruz, Aim\u00e9e Vega Montiel, Cynthia Galicia Mendoza, Graciela Machuca Mart\u00ednez,\nAna Mijangos Reyes, Patricia Olamendi Torres, Yndira Sandoval S\u00e1nchez, Mar\u00eda Yadira\nRomero D\u00edaz, Adriana Lecuona, Raquel G\u00fcereca torres, Teresa Ulloa Ziaurriz, M\u00f3nica\nSoto El\u00edzaga y Beatriz Cosio nava.<\/p>\n","protected":false},"excerpt":{"rendered":"<p>Los jueces y magistrados tienen la obligaci\u00f3n de juzgar con perspectiva de g\u00e9nero, las mujeres y las ni\u00f1as tenemos el derecho a que se nos imparta justicia, afirman las Abolicionistas MX<\/p>\n","protected":false},"author":3,"featured_media":16814,"comment_status":"open","ping_status":"open","sticky":false,"template":"","format":"standard","meta":{"_monsterinsights_skip_tracking":false,"footnotes":""},"categories":[691,54],"tags":[],"class_list":["post-16813","post","type-post","status-publish","format-standard","has-post-thumbnail","category-691","category-mujeres"],"_links":{"self":[{"href":"https:\/\/redsemlac.com\/semmexico\/wp-json\/wp\/v2\/posts\/16813","targetHints":{"allow":["GET"]}}],"collection":[{"href":"https:\/\/redsemlac.com\/semmexico\/wp-json\/wp\/v2\/posts"}],"about":[{"href":"https:\/\/redsemlac.com\/semmexico\/wp-json\/wp\/v2\/types\/post"}],"author":[{"embeddable":true,"href":"https:\/\/redsemlac.com\/semmexico\/wp-json\/wp\/v2\/users\/3"}],"replies":[{"embeddable":true,"href":"https:\/\/redsemlac.com\/semmexico\/wp-json\/wp\/v2\/comments?post=16813"}],"version-history":[{"count":0,"href":"https:\/\/redsemlac.com\/semmexico\/wp-json\/wp\/v2\/posts\/16813\/revisions"}],"wp:featuredmedia":[{"embeddable":true,"href":"https:\/\/redsemlac.com\/semmexico\/wp-json\/wp\/v2\/media\/16814"}],"wp:attachment":[{"href":"https:\/\/redsemlac.com\/semmexico\/wp-json\/wp\/v2\/media?parent=16813"}],"wp:term":[{"taxonomy":"category","embeddable":true,"href":"https:\/\/redsemlac.com\/semmexico\/wp-json\/wp\/v2\/categories?post=16813"},{"taxonomy":"post_tag","embeddable":true,"href":"https:\/\/redsemlac.com\/semmexico\/wp-json\/wp\/v2\/tags?post=16813"}],"curies":[{"name":"wp","href":"https:\/\/api.w.org\/{rel}","templated":true}]}}