{"id":16805,"date":"2020-02-14T01:22:19","date_gmt":"2020-02-14T01:22:19","guid":{"rendered":"https:\/\/redsemlac.com\/semmexico\/?p=16805"},"modified":"2023-07-21T15:20:15","modified_gmt":"2023-07-21T20:20:15","slug":"opinion-332","status":"publish","type":"post","link":"https:\/\/redsemlac.com\/semmexico\/opinion-332\/","title":{"rendered":"Ambig\u00fa"},"content":{"rendered":"\n<h2 class=\"wp-block-heading\"><strong>La caquiza; \u00bfQue benditas redes? \u00a1Putas redes sociales!<\/strong><\/h2>\n\n\n\n<p class=\"wp-block-paragraph\"><strong>+ Vendr\u00e1 CCS a\nMichoac\u00e1n en plan p\u00fablico y pol\u00edtico<\/strong><\/p>\n\n\n\n<p class=\"wp-block-paragraph\"><strong>+ PRD lo necesita, Si creen que pueden solos, est\u00e1n bien equivocados<\/strong><\/p>\n\n\n\n<p class=\"wp-block-paragraph\"><strong>Por Martha Elba Torres Mart\u00ednez<\/strong><\/p>\n\n\n\n<p class=\"wp-block-paragraph\">SemM\u00e9xico. 13 de febrero 2020.- En sesi\u00f3n extraordinaria, el pasado 28 de diciembre, la 74 Legislatura del Congreso local aprob\u00f3 por unanimidad declarar este 2020, \u201cA\u00f1o del 50 Aniversario Luctuoso del General L\u00e1zaro C\u00e1rdenas del R\u00edo\u201d.<\/p>\n\n\n\n<p class=\"wp-block-paragraph\">La declaratoria implica acciones como la impresi\u00f3n en toda\nla papeler\u00eda oficial del Congreso, de la leyenda respectiva, y el exhorto a los\nPoderes Ejecutivos y Judicial, as\u00ed como a los 112 ayuntamientos y al Concejo\nMayor de Cher\u00e1n, para proceder en ese sentido.<\/p>\n\n\n\n<p class=\"wp-block-paragraph\">En cuanto a eventos programados por el Legislativo, el 21 de\nmayo, d\u00eda del natalicio, el edificio anexo conocido como \u201cLa Casona\u201d ser\u00e1\n\u201cbautizado\u201d en acto solemne, con el nombre oficial de \u201cGeneral L\u00e1zaro C\u00e1rdenas\ndel R\u00edo\u201d. En tanto que el 19 de octubre, fecha luctuosa, con gran pompa el\nCongreso sesionar\u00e1 en Jiquilpan, la tierra que lo vio nacer.<\/p>\n\n\n\n<p class=\"wp-block-paragraph\">Extra\u00f1amente, el programa de festejos de la 74 Legislatura\nlocal no incluy\u00f3 la fecha hist\u00f3rica que tan grande hizo al general C\u00e1rdenas del\nR\u00edo: la Expropiaci\u00f3n Petrolera, el 18 de marzo de 1938. \u00bfSe les olvid\u00f3 a las y\nlos diputados? o de plano ya no vale la pena ni recordarlo.<\/p>\n\n\n\n<p class=\"wp-block-paragraph\">El a\u00f1o pasado, L\u00f3pez Obrador ya como Presidente, encabez\u00f3 la\ncelebraci\u00f3n. En su discurso, asegur\u00f3 que desde que lleg\u00f3, su gobierno logr\u00f3\ndetener la ca\u00edda de la producci\u00f3n petrolera y el robo de la gasolina. \u201cVamos a\ntransformar a Pemex y vamos a transformar a M\u00e9xico\u201d. <\/p>\n\n\n\n<p class=\"wp-block-paragraph\">De acuerdo a las propias cifras de Pemex, la producci\u00f3n de\ncrudo cay\u00f3 7.4 por ciento en 2019, al promediar 1.67 millones de barriles\ndiarios contra 1.81 millones reportados por la misma paraestatal en 2018, y aun\ncuando efectivamente el huachicol fue contenido, sigue siendo uno de los\nnegocios m\u00e1s lucrativos del crimen organizado.<\/p>\n\n\n\n<p class=\"wp-block-paragraph\">Ese mismo d\u00eda de 2019, Cuauht\u00e9moc C\u00e1rdenas Sol\u00f3rzano, como\nsiempre, rindi\u00f3 homenaje a la obra de su padre con una ofrenda floral en el\nmonumento a la Revoluci\u00f3n. Y como siempre, se pronunci\u00f3 por retomar el rumbo\nque marc\u00f3 la expropiaci\u00f3n, elevar la producci\u00f3n y la refinaci\u00f3n por el bien de\nM\u00e9xico.<\/p>\n\n\n\n<p class=\"wp-block-paragraph\">&nbsp;Ya en entrevista, dijo\nesperar que tenga \u00e9xito la estrategia gubernamental de combate al huachicol. \u201cHa\nbajado mucho el robo de combustibles, espero que esto acabe por tener \u00e9xito\ncompleto\u201d, lo que no ha sucedido.<\/p>\n\n\n\n<p class=\"wp-block-paragraph\">En Michoac\u00e1n, por muchos a\u00f1os, el ingeniero C\u00e1rdenas\nacompa\u00f1ado del perredismo, acostumbraba honrar a su pap\u00e1 el 18 de marzo y el 19\nde octubre, en el obelisco del General, ubicado al poniente de Morelia,\nmientras que el 21 de mayo, en Jiquilpan.<\/p>\n\n\n\n<p class=\"wp-block-paragraph\">Hace algunas entregas, abord\u00e9 en este espacio, los\nacercamientos de perredistas en torno al ingeniero, no solo como amigos y\nconocidos, sino con la real intenci\u00f3n de invitarlo a que regrese al partido que\nfund\u00f3 hace una treintena de a\u00f1os. <\/p>\n\n\n\n<p class=\"wp-block-paragraph\">Esta semana, el dirigente estatal Juan Bernardo Corona\ninform\u00f3 de una segunda reuni\u00f3n con el ingeniero C\u00e1rdenas, para que venga a\nMichoac\u00e1n y sostener un encuentro, \u201cm\u00e1s all\u00e1 del partido, con diferentes\nsectores de la sociedad\u201d, con motivo del \u201ca\u00f1o\u201d del General.<\/p>\n\n\n\n<p class=\"wp-block-paragraph\">Es decir, Cuauht\u00e9moc C\u00e1rdenas, en Michoac\u00e1n, en un evento\np\u00fablico, abierto y desde luego pol\u00edtico, con sus paisanos que tanto lo\naprecian.<\/p>\n\n\n\n<p class=\"wp-block-paragraph\">Huber Gonz\u00e1lez, fue el primer diputado federal por Tac\u00e1mbaro\npor el Frente Democr\u00e1tico Nacional. Sigue en el PRD, porque fue el partido que\nfund\u00f3 el ingeniero y ah\u00ed se queda. Y ah\u00ed espera que el ingeniero regrese. <\/p>\n\n\n\n<p class=\"wp-block-paragraph\">Se emociona al recordar aquellos tiempos (1987-88) en que\nconformaron la Corriente Democr\u00e1tica del PRI. \u201cNos pusimos a juntar firmas de\nadherentes y fueron como 17 mil. Nos sentimos mal porque pensamos que eran\npoquitas, pero al ense\u00f1\u00e1rselas al ingeniero nos dijo: no, son muchas\u201d. Huber\nesta decidido a recolectar firmas nuevamente.<\/p>\n\n\n\n<p class=\"wp-block-paragraph\">Sostengo que C\u00e1rdenas Sol\u00f3rzano es m\u00e1s que un referente de\nla transformaci\u00f3n democr\u00e1tica de M\u00e9xico y que L\u00f3pez Obrador est\u00e1 donde esta,\ngracias a lo que hizo el michoacano y los millones que lo acompa\u00f1aron, por lo\nque tiene toda la autoridad hist\u00f3rica, moral y pol\u00edtica para juzgar que la 4T\nno tiene nada de izquierda y mucho de populismo. Vale para pura chingada.<\/p>\n\n\n\n<p class=\"wp-block-paragraph\">Con todo respeto, pienso que Cuauht\u00e9moc, no merece irse de\neste mundo si no es en la lucha y al frente de los que todav\u00eda aspiramos un\nM\u00e9xico de igualdad, justicia, y donde quepamos todos. Si no es \u00e9l, \u00bfqui\u00e9n\njodidos?<\/p>\n\n\n\n<p class=\"wp-block-paragraph\">No hay duda que Cuauht\u00e9moc regresa este a\u00f1o a Michoac\u00e1n, m\u00e1s\nall\u00e1 de las invitaciones cajoneras con motivo del a\u00f1o de su padre. Y hablar\u00e1\ndel pa\u00eds y de pol\u00edtica.<\/p>\n\n\n\n<p class=\"wp-block-paragraph\">Insisto. El PRD necesita al ingeniero para que le de rumbo.\nSi los que est\u00e1n ahora, e incluso Silvano Aureoles, creen que pueden solos,\nest\u00e1n muy equivocados.<\/p>\n\n\n\n<p class=\"wp-block-paragraph\">Aureoles es el \u00faltimo gobernador perredista y termina en el\n2021. Cierto que ha hecho mucho, rescat\u00f3 el sector salud y resolvi\u00f3 el tema\neducativo; en seguridad hace lo que puede, pero el entorno nacional no le\nayuda. Siguen apareciendo muertos por todos los lados y como que tampoco puede\nponer un polic\u00eda atr\u00e1s de cada habitante del estado. <\/p>\n\n\n\n<p class=\"wp-block-paragraph\">Pero es un tema de percepci\u00f3n. Por eso no sale del \u00faltimo\nlugar en calificaci\u00f3n aprobatoria de su gobierno. Cada mes las encuestas,\npatito o no -eso es lo de menos-, lo reprueban, y la gente fuera de Michoac\u00e1n\nno se pone a investigar si es mal o buen gobernante. Percibe que si las y los\nmichoacanos no lo quieren, es por algo. As\u00ed que a futuro, a nivel nacional, con\nla pena, no creo que le pueda ir bien. Y menos si no revisa que hay cosas que\nha dejado sueltas en su propia casa.<\/p>\n\n\n\n<p class=\"wp-block-paragraph\">Una buena parte de su gabinete, ya se sienten candidatos. No\ncreo que Silvano est\u00e9 al margen de las andanzas de Carlos Herrera, su\nsecretario de Gobierno, mientras su medio hermano, el senador Antonio Garc\u00eda, sigue\ncon esa idea loca de recoger basura, como si la gente lo vaya a recordar a la\nhora de votar. Tampoco creo que ignore la lucha encarnizada entre su secretario\nde Desarrollo Social, Juan Carlos Barrag\u00e1n, y su ex secretario de Educaci\u00f3n, Alberto\nFrutis, por Morelia, y otros secretarios que hacen todo, menos lo suyo, en sus\ndistritos.<\/p>\n\n\n\n<p class=\"wp-block-paragraph\">En otro frente, tambi\u00e9n Aureoles solt\u00f3 su relaci\u00f3n con los\nmedios.<\/p>\n\n\n\n<p class=\"wp-block-paragraph\">En los cuatro a\u00f1os que lleva de gobierno, por angas o\nmangas, han cerrado o dejado de imprimir La Jornada Michoac\u00e1n, Provincia, La\nOpini\u00f3n de Michoac\u00e1n y recientemente Cambio de Michoac\u00e1n y Canal 13 dej\u00f3 de\nproducir noticieros y programaci\u00f3n local. El Sol de Zamora desapareci\u00f3 y El Sol\nde Morelia por ahora se imprime en Irapuato. Ya no hablamos del montonal de\nperi\u00f3dicos y revistas del interior del estado que tambi\u00e9n ya caput.<\/p>\n\n\n\n<p class=\"wp-block-paragraph\">Eso duele. Y no porque Silvano tenga la culpa, pero la\ncancelaci\u00f3n de pautajes por m\u00e1s de uno a\u00f1o en lo estatal, vino a complicar aun\nm\u00e1s las cosas, con la pol\u00edtica de castigo a los medios criticones que mantiene\nla Presidencia de la Rep\u00fablica, que controla todo. Absolutamente toda\ncontrataci\u00f3n de espacios.<\/p>\n\n\n\n<p class=\"wp-block-paragraph\">Como sea, ya veremos cu\u00e1ndo viene el ingeniero C\u00e1rdenas\u2026<\/p>\n\n\n\n<p class=\"wp-block-paragraph\">&nbsp;&nbsp;&nbsp;&nbsp;&nbsp;&nbsp;&nbsp;&nbsp;&nbsp;&nbsp;&nbsp;&nbsp;&nbsp;&nbsp;&nbsp;&nbsp;&nbsp;&nbsp;&nbsp;&nbsp;&nbsp;&nbsp;&nbsp;&nbsp;&nbsp;&nbsp;&nbsp;&nbsp;&nbsp;&nbsp;&nbsp;&nbsp;&nbsp;&nbsp;&nbsp;&nbsp;&nbsp;&nbsp;&nbsp;&nbsp;&nbsp;&nbsp;&nbsp;&nbsp;&nbsp;&nbsp;&nbsp;&nbsp;&nbsp;&nbsp;&nbsp;&nbsp;&nbsp;&nbsp;&nbsp;&nbsp;&nbsp;&nbsp;&nbsp;&nbsp;&nbsp;&nbsp;&nbsp;&nbsp;&nbsp;&nbsp;&nbsp;&nbsp;&nbsp;&nbsp;&nbsp;&nbsp;&nbsp;&nbsp;&nbsp;&nbsp;&nbsp;&nbsp;&nbsp;&nbsp;&nbsp;&nbsp;&nbsp;&nbsp;&nbsp;&nbsp;&nbsp;&nbsp;&nbsp;&nbsp;&nbsp;&nbsp;&nbsp; ***<\/p>\n\n\n\n<p class=\"wp-block-paragraph\">Y lo que tambi\u00e9n me doli\u00f3 es que, este de acuerdo o no con\nlo que dice o hace, es el Presidente de M\u00e9xico y en la escuela del siglo pasado\nsi que nos ense\u00f1aron a honrar la investidura y a los S\u00edmbolos Patrios.<\/p>\n\n\n\n<p class=\"wp-block-paragraph\">\u00a1Qu\u00e9 putiza! en las benditas redes sociales con el fuchi\ncaca. <\/p>\n\n\n\n<p class=\"wp-block-paragraph\">Los memes se pasaron, de plano, con su familia. Me acord\u00e9 de\naquel perfil \u201cchinga tu madre Pe\u00f1a\u201d, del 2018, que no bajaba a Ang\u00e9lica Rivera\nde prostituta. Son joderas. Con la familia \u00a1no! Es tanto -guardadas las\nproporciones- como las matanzas de esposas, hijos y hasta al perico, que\naplican los m\u00e1s crueles criminales.<\/p>\n\n\n\n<p class=\"wp-block-paragraph\">Bajo y gacho, hemos ca\u00eddo. Y todav\u00eda, divertidos, se\ncomparten las m\u00e1s asquerosas ofensas. Pues yo digo \u00a1putas redes sociales! Que\nnada m\u00e1s sirven para destrozar y no construir.<\/p>\n\n\n\n<p class=\"wp-block-paragraph\">Lo bueno, que para parar la putiza, sacaron la cortina de la\ndetenci\u00f3n de Emilio Lozoya, los 2 mil mdp que le quitaron a los trabajadores de\nsu fondo de vivienda para convertirlos en apoyos sociales. Y antenoche, la\ntamaliza con atole con los empresarios ricardos. <\/p>\n\n\n\n<p class=\"wp-block-paragraph\">Que si fue extorsi\u00f3n o cobro de piso, en honor a la verdad,\na m\u00ed me vale wilson. Los paganos ser\u00e1n los empleados que no recibir\u00e1n reparto\nde utilidades y me voy a re\u00edr de aquel que compr\u00f3 200 mdp en cachitos, para\nganar solo 20 mdp. Y que tal que el suertudo sea un humilde chairin. Le caer\u00e1\ndel cielo y mal negocio de los ricos que compraron nada m\u00e1s por quedar bien y\nno los investigue el SAT.<\/p>\n\n\n\n<p class=\"wp-block-paragraph\">El caso que L\u00f3pez Obrador hizo finalmente negocio redondo\ncon el avi\u00f3n presidencial. Se queda con \u00e9l, se queda con los 2 mil mdp del\nInfonavit y le sac\u00f3 hasta ahora 1,500 mdp a los empresarios. Y como esta en eso\nde deshacerse de bienes muebles e inmuebles de M\u00e9xico, como son las sedes\ndiplom\u00e1ticas en el extranjero, ya se le ocurrir\u00e1 rifar tambi\u00e9n el castillo de\nChapultepec, o por lo menos rentarlo para XV a\u00f1os o bodas. \u00a1ching\u00f3n!<\/p>\n\n\n\n<p class=\"wp-block-paragraph\">&nbsp;&nbsp;&nbsp;&nbsp;&nbsp;&nbsp;&nbsp;&nbsp;&nbsp;&nbsp;&nbsp;&nbsp;&nbsp;&nbsp;&nbsp;&nbsp;&nbsp;&nbsp;&nbsp;&nbsp;&nbsp;&nbsp;&nbsp;&nbsp;&nbsp;&nbsp;&nbsp;&nbsp;&nbsp;&nbsp;&nbsp;&nbsp;&nbsp;&nbsp;&nbsp;&nbsp;&nbsp;&nbsp;&nbsp;&nbsp;&nbsp;&nbsp;&nbsp;&nbsp;&nbsp;&nbsp;&nbsp;&nbsp;&nbsp;&nbsp;&nbsp;&nbsp;&nbsp;&nbsp;&nbsp;&nbsp;&nbsp;&nbsp;&nbsp;&nbsp;&nbsp;&nbsp;&nbsp;&nbsp;&nbsp;&nbsp;&nbsp;&nbsp;&nbsp;&nbsp;&nbsp;&nbsp;&nbsp;&nbsp;&nbsp;&nbsp;&nbsp; ***<\/p>\n\n\n\n<p class=\"wp-block-paragraph\"><strong>LA COMIDILLA<\/strong><\/p>\n\n\n\n<p class=\"wp-block-paragraph\">La columna de Dar\u00edo Celis, del lunes 10: \u201cEn Pemex no tienen\nni papel de ba\u00f1o\u201d. Pues parece que es consigna de la 4T traer la caca en la\ncola, porque tampoco en el ayuntamiento de Morelia. Las secretarias cargan sus\nrollos de papel higi\u00e9nico y jab\u00f3n, porque no hay recursos para esos lujos. Zaz\u2026<\/p>\n","protected":false},"excerpt":{"rendered":"<p>La caquiza; \u00bfQue benditas redes? \u00a1Putas redes sociales!<\/p>\n","protected":false},"author":3,"featured_media":9303,"comment_status":"open","ping_status":"open","sticky":false,"template":"","format":"standard","meta":{"_monsterinsights_skip_tracking":false,"footnotes":""},"categories":[691,99,90],"tags":[],"class_list":["post-16805","post","type-post","status-publish","format-standard","has-post-thumbnail","category-691","category-ambigu","category-martha-elba-torres-martinez"],"_links":{"self":[{"href":"https:\/\/redsemlac.com\/semmexico\/wp-json\/wp\/v2\/posts\/16805","targetHints":{"allow":["GET"]}}],"collection":[{"href":"https:\/\/redsemlac.com\/semmexico\/wp-json\/wp\/v2\/posts"}],"about":[{"href":"https:\/\/redsemlac.com\/semmexico\/wp-json\/wp\/v2\/types\/post"}],"author":[{"embeddable":true,"href":"https:\/\/redsemlac.com\/semmexico\/wp-json\/wp\/v2\/users\/3"}],"replies":[{"embeddable":true,"href":"https:\/\/redsemlac.com\/semmexico\/wp-json\/wp\/v2\/comments?post=16805"}],"version-history":[{"count":0,"href":"https:\/\/redsemlac.com\/semmexico\/wp-json\/wp\/v2\/posts\/16805\/revisions"}],"wp:featuredmedia":[{"embeddable":true,"href":"https:\/\/redsemlac.com\/semmexico\/wp-json\/wp\/v2\/media\/9303"}],"wp:attachment":[{"href":"https:\/\/redsemlac.com\/semmexico\/wp-json\/wp\/v2\/media?parent=16805"}],"wp:term":[{"taxonomy":"category","embeddable":true,"href":"https:\/\/redsemlac.com\/semmexico\/wp-json\/wp\/v2\/categories?post=16805"},{"taxonomy":"post_tag","embeddable":true,"href":"https:\/\/redsemlac.com\/semmexico\/wp-json\/wp\/v2\/tags?post=16805"}],"curies":[{"name":"wp","href":"https:\/\/api.w.org\/{rel}","templated":true}]}}