{"id":16802,"date":"2020-02-14T01:11:52","date_gmt":"2020-02-14T01:11:52","guid":{"rendered":"https:\/\/redsemlac.com\/semmexico\/?p=16802"},"modified":"2023-07-21T15:20:15","modified_gmt":"2023-07-21T20:20:15","slug":"feminicidio-no-es-un-espectaculo-conavim","status":"publish","type":"post","link":"https:\/\/redsemlac.com\/semmexico\/feminicidio-no-es-un-espectaculo-conavim\/","title":{"rendered":"Feminicidio no es un espect\u00e1culo: CONAVIM"},"content":{"rendered":"\n<ul class=\"wp-block-list\"><li><strong>Candelaria Ochoa, titular de CONAVIM exigi\u00f3 se investigue y sancione a quienes revictimizaron a Ingrid Escamilla<\/strong><\/li><\/ul>\n\n\n\n<p class=\"wp-block-paragraph\"><strong>Redacci\u00f3n<\/strong> W Radio<\/p>\n\n\n\n<p class=\"wp-block-paragraph\">SemM\u00e9xico\/W RADIO. Ciudad de M\u00e9xico. 13 de febrero 2020.- La Comisionada Nacional para Prevenir y Erradicar la Violencia contra las Mujeres CONAVIM, doctora Mar\u00eda Candelaria Ochoa \u00c1valos, hizo un llamado a la Fiscal\u00eda para que se sanciones a las personas que filtraron las im\u00e1genes del crimen de Ingrid Escamilla.<\/p>\n\n\n\n<p class=\"wp-block-paragraph\">En el espacio de \u00abAs\u00ed las Cosas \u00bb con Gabriela Warkentin y javier Risco, afirm\u00f3 que desde la CONAVIM se emiti\u00f3 un comunicado llamando a que los medios de comunicaci\u00f3n&nbsp; ayuden a que los feminicidios no se vean como un espect\u00e1culo, ni una telenovela, a no revictimizar a las mujeres y un llamado a la fiscal\u00eda y al gobierno de la ciudad de M\u00e9xico para que se investigue y sancionen a las personas que filtraron im\u00e1genes y videos.<\/p>\n\n\n\n<p class=\"wp-block-paragraph\">Pidi\u00f3 que los tribunales juzguen con perspectiva de g\u00e9nero, pues cuando no hay sanciones, se genera una cultura de impunidad por lo que afirm\u00f3 es necesario la coordinaci\u00f3n entre los tres poderes de la Uni\u00f3n y los diferentes niveles de gobierno.<\/p>\n\n\n\n<p class=\"wp-block-paragraph\">Asumi\u00f3 la responsabilidad de la Comisi\u00f3n para prevenir y erradicar la violencia contra las mujeres, misma que debe ser reconocida por el hombre y no ser normalizarla.<\/p>\n\n\n\n<figure><iframe loading=\"lazy\" src=\"https:\/\/play.wradio.com.mx\/widget\/audio\/111RD380000000094207\/\" width=\"100%\" height=\"102\" allowfullscreen=\"\"><\/iframe><\/figure>\n\n\n\n<p class=\"wp-block-paragraph\"><strong><em>Audio de la entrevista en WRadio. <\/em><\/strong><\/p>\n","protected":false},"excerpt":{"rendered":"<p>Candelaria Ochoa, titular de CONAVIM exigi\u00f3 se investigue y sancione a quienes revictimizaron a Ingrid Escamilla<\/p>\n","protected":false},"author":3,"featured_media":16803,"comment_status":"open","ping_status":"open","sticky":false,"template":"","format":"standard","meta":{"_monsterinsights_skip_tracking":false,"footnotes":""},"categories":[691,51],"tags":[],"class_list":["post-16802","post","type-post","status-publish","format-standard","has-post-thumbnail","category-691","category-ejecutivo"],"_links":{"self":[{"href":"https:\/\/redsemlac.com\/semmexico\/wp-json\/wp\/v2\/posts\/16802","targetHints":{"allow":["GET"]}}],"collection":[{"href":"https:\/\/redsemlac.com\/semmexico\/wp-json\/wp\/v2\/posts"}],"about":[{"href":"https:\/\/redsemlac.com\/semmexico\/wp-json\/wp\/v2\/types\/post"}],"author":[{"embeddable":true,"href":"https:\/\/redsemlac.com\/semmexico\/wp-json\/wp\/v2\/users\/3"}],"replies":[{"embeddable":true,"href":"https:\/\/redsemlac.com\/semmexico\/wp-json\/wp\/v2\/comments?post=16802"}],"version-history":[{"count":0,"href":"https:\/\/redsemlac.com\/semmexico\/wp-json\/wp\/v2\/posts\/16802\/revisions"}],"wp:featuredmedia":[{"embeddable":true,"href":"https:\/\/redsemlac.com\/semmexico\/wp-json\/wp\/v2\/media\/16803"}],"wp:attachment":[{"href":"https:\/\/redsemlac.com\/semmexico\/wp-json\/wp\/v2\/media?parent=16802"}],"wp:term":[{"taxonomy":"category","embeddable":true,"href":"https:\/\/redsemlac.com\/semmexico\/wp-json\/wp\/v2\/categories?post=16802"},{"taxonomy":"post_tag","embeddable":true,"href":"https:\/\/redsemlac.com\/semmexico\/wp-json\/wp\/v2\/tags?post=16802"}],"curies":[{"name":"wp","href":"https:\/\/api.w.org\/{rel}","templated":true}]}}