{"id":16799,"date":"2020-02-14T00:57:07","date_gmt":"2020-02-14T00:57:07","guid":{"rendered":"https:\/\/redsemlac.com\/semmexico\/?p=16799"},"modified":"2023-07-21T15:20:15","modified_gmt":"2023-07-21T20:20:15","slug":"marcela-lagarde-se-mata-a-una-mujer-para-aterrorizar-a-todas","status":"publish","type":"post","link":"https:\/\/redsemlac.com\/semmexico\/marcela-lagarde-se-mata-a-una-mujer-para-aterrorizar-a-todas\/","title":{"rendered":"Marcela Lagarde: Se mata a una mujer para aterrorizar a todas"},"content":{"rendered":"\n<p class=\"wp-block-paragraph\"><strong>Por: Paco\nCerd\u00e1\/Emujeres<\/strong><\/p>\n\n\n\n<p class=\"wp-block-paragraph\">SemM\u00e9xico\/emujeres. 13 de febrero 2020.<\/p>\n\n\n\n<p class=\"wp-block-paragraph\"><strong>Usted acu\u00f1\u00f3 el\nconcepto de feminicidio. \u00bfQu\u00e9 es?<\/strong><\/p>\n\n\n\n<p class=\"wp-block-paragraph\">-Son cr\u00edmenes de odio contra mujeres. As\u00ed lo definieron las\nautoras del concepto ingl\u00e9s femicide, que yo tom\u00e9 y a\u00f1ad\u00ed cosas que eran parte\ndel problema en M\u00e9xico. Por ejemplo, que esos cr\u00edmenes de odio contra las\nmujeres son cometidos en un ambiente de gran tolerancia social y del Estado a\nla violencia contra las mujeres, lo que comporta gran impunidad.<\/p>\n\n\n\n<p class=\"wp-block-paragraph\"><strong>En Ciudad Ju\u00e1rez la\nbrutalidad feminicida es terror\u00edfica.<\/strong><\/p>\n\n\n\n<p class=\"wp-block-paragraph\">-S\u00ed, pero no es la \u00fanica ciudad. All\u00ed ha habido un gran\nefecto medi\u00e1tico, pero en mi investigaci\u00f3n por todo M\u00e9xico descubr\u00ed que el\nEstado al que pertenece Ciudad Ju\u00e1rez, Chiguagua, ocupaba el sexto lugar en\ntasa de homicidios dolosos contra mujeres. \u00a1Hab\u00eda cinco Estados por delante\ndonde el problema era desconocido a nivel p\u00fablico! Pero la gente sigue pensando\nque es s\u00f3lo Ciudad Ju\u00e1rez.<\/p>\n\n\n\n<p class=\"wp-block-paragraph\"><strong>\u00bfY cu\u00e1l es la raz\u00f3n\nde fondo de esa violencia machista?<\/strong><\/p>\n\n\n\n<p class=\"wp-block-paragraph\">-La desigualdad, como aqu\u00ed en Espa\u00f1a. La violencia se\nproduce por la desigualdad entre mujeres y hombres. Y funciona para mantener\nesa desigualdad, para atemorizar al resto de mujeres y lograr que no salgamos\nde los l\u00edmites que se nos fija en cada sociedad. Cuando se mata a una mujer hay\npedagog\u00eda: sirve para que las dem\u00e1s nos enteremos, nos aterroricemos y cojamos\nmiedo. Que no seamos due\u00f1as ni siquiera del espacio privado.<\/p>\n\n\n\n<p class=\"wp-block-paragraph\"><strong>En Espa\u00f1a acaban de\nasesinar a la mujer n\u00famero 24 en lo que va de a\u00f1o: una cada cinco d\u00edas.<\/strong><\/p>\n\n\n\n<p class=\"wp-block-paragraph\"><strong>Es tal vez la peor\nlacra social del pa\u00eds. \u00bfPor qu\u00e9 no se logra superar este drama?<\/strong><\/p>\n\n\n\n<p class=\"wp-block-paragraph\">-Porque falta mucha conciencia pol\u00edtica. Me encanta que t\u00fa\ndigas que es el primer problema que tenemos. Pero no todo el mundo lo valora\nas\u00ed. En la conciencia de pol\u00edticos y gobernantes no figura como prioridad.\nCuesta mucho convencer al resto de que eso es prioritario y que no debe\nrecortarse en gasto social. A mayor pobreza, mayor violencia. A menor\ndemocracia, mayor violencia. No es s\u00f3lo un problema individual de cada mujer\nasesinada y de su familia, sino que afecta a toda la sociedad. Y para\nprevenirlo se requiere el concurso de todas las instituciones y la aplicaci\u00f3n\nseria de la ley.<\/p>\n\n\n\n<p class=\"wp-block-paragraph\"><strong>Su tesis se titulaba\nLos cautiverios de las mujeres: madresposas, monjas, putas, presas y locas.\n\u00bfD\u00f3nde est\u00e1n hoy los cautiverios modernos de las mujeres?<\/strong><\/p>\n\n\n\n<p class=\"wp-block-paragraph\">-Lo mismo me pregunt\u00e9 yo veinte a\u00f1os despu\u00e9s de la tesis. Y\nconclu\u00ed que los cautiverios est\u00e1n en todos los lados. Hay cautiverios para las\nmujeres en todas partes, pero en esos mismos espacios de opresi\u00f3n tambi\u00e9n se\ngeneran \u2013por la influencia de las propias mujeres\u2013 espacios de emancipaci\u00f3n,\nindependencia, libertad y mejora de condiciones.<\/p>\n\n\n\n<p class=\"wp-block-paragraph\"><strong>D\u00edgame tres grilletes\ninvisibles que encadenan a las mujeres de hoy.<\/strong><\/p>\n\n\n\n<p class=\"wp-block-paragraph\">-Uno es el llamado \u00abvelo de la igualdad\u00bb. Muchas mujeres\ncreen que ya est\u00e1n en condiciones de igualdad y que no tienen que luchar m\u00e1s\npor sus derechos. Es preciso que seamos conscientes de lo que hemos avanzado\npara darnos cuenta de c\u00f3mo hay que sostenerlo. Hay otro grillete que preocupa:\nla falta de implicaci\u00f3n de hombres en la defensa y construcci\u00f3n de la igualdad.\nY otro grillete importante es que no hay una educaci\u00f3n por la igualdad mientras\nque s\u00ed existe un bombardeo comunicativo y publicitario que se basa en la\ncosificaci\u00f3n de las mujeres, en el uso sexual de las mujeres y la violencia\ncontra las mujeres asociada a las ideolog\u00edas de \u00e9xito y del amor rom\u00e1ntico\nactualizado.<\/p>\n\n\n\n<p class=\"wp-block-paragraph\"><strong>Esa permisividad\ncontrasta con la prohibici\u00f3n de los anuncios de tabaco.<\/strong><\/p>\n\n\n\n<p class=\"wp-block-paragraph\">-Eso es muy interesante. Porque es oponer la libertad de\nexpresi\u00f3n a la construcci\u00f3n de la igualdad. Hay voces que se oponen a\ncortapisas. En cambio, no critican que se coarte la libertad de expresi\u00f3n al\nprohibir la apolog\u00eda del terrorismo. \u00bfPor qu\u00e9 una s\u00ed y la otra no?<\/p>\n\n\n\n<p class=\"wp-block-paragraph\">La publicidad machista anestesia la violencia, la vuelve\nnormal, la legitima. No es necesario prohibirla, pero s\u00ed alentar otros\nmensajes.<\/p>\n\n\n\n<p class=\"wp-block-paragraph\"><strong>\u00bfEl feminismo es opci\u00f3n u obligaci\u00f3n?<\/strong><\/p>\n\n\n\n<p class=\"wp-block-paragraph\">-Es una opci\u00f3n maravillosa que ha beneficiado los derechos humanos y la democracia.<\/p>\n\n\n\n<p class=\"wp-block-paragraph\">Dibuje un escenario de futuro a 50 a\u00f1os vista sobre la\nsituaci\u00f3n de las mujeres.<\/p>\n\n\n\n<p class=\"wp-block-paragraph\">Estar\u00e1 mucho mejor que la nuestra. Yo aspiro a que dentro de\n50 a\u00f1os ya no haya feminicidio. Pero en cinco a\u00f1os va a seguir habi\u00e9ndolo.\nPorque es imposible hacer transformaciones tan hondas en poco tiempo. Falta\nmucho, pero vamos por el buen camino. <\/p>\n","protected":false},"excerpt":{"rendered":"<p>Los cr\u00edmenes de odio contra las mujeres son cometidos en un ambiente de gran tolerancia social y del Estado a la violencia contra las mujeres, lo que comporta gran impunidad.<\/p>\n","protected":false},"author":3,"featured_media":16800,"comment_status":"open","ping_status":"open","sticky":false,"template":"","format":"standard","meta":{"_monsterinsights_skip_tracking":false,"footnotes":""},"categories":[691,56],"tags":[],"class_list":["post-16799","post","type-post","status-publish","format-standard","has-post-thumbnail","category-691","category-redes"],"_links":{"self":[{"href":"https:\/\/redsemlac.com\/semmexico\/wp-json\/wp\/v2\/posts\/16799","targetHints":{"allow":["GET"]}}],"collection":[{"href":"https:\/\/redsemlac.com\/semmexico\/wp-json\/wp\/v2\/posts"}],"about":[{"href":"https:\/\/redsemlac.com\/semmexico\/wp-json\/wp\/v2\/types\/post"}],"author":[{"embeddable":true,"href":"https:\/\/redsemlac.com\/semmexico\/wp-json\/wp\/v2\/users\/3"}],"replies":[{"embeddable":true,"href":"https:\/\/redsemlac.com\/semmexico\/wp-json\/wp\/v2\/comments?post=16799"}],"version-history":[{"count":0,"href":"https:\/\/redsemlac.com\/semmexico\/wp-json\/wp\/v2\/posts\/16799\/revisions"}],"wp:featuredmedia":[{"embeddable":true,"href":"https:\/\/redsemlac.com\/semmexico\/wp-json\/wp\/v2\/media\/16800"}],"wp:attachment":[{"href":"https:\/\/redsemlac.com\/semmexico\/wp-json\/wp\/v2\/media?parent=16799"}],"wp:term":[{"taxonomy":"category","embeddable":true,"href":"https:\/\/redsemlac.com\/semmexico\/wp-json\/wp\/v2\/categories?post=16799"},{"taxonomy":"post_tag","embeddable":true,"href":"https:\/\/redsemlac.com\/semmexico\/wp-json\/wp\/v2\/tags?post=16799"}],"curies":[{"name":"wp","href":"https:\/\/api.w.org\/{rel}","templated":true}]}}