{"id":16793,"date":"2020-02-13T21:23:17","date_gmt":"2020-02-13T21:23:17","guid":{"rendered":"https:\/\/redsemlac.com\/semmexico\/?p=16793"},"modified":"2023-07-21T15:20:15","modified_gmt":"2023-07-21T20:20:15","slug":"feministas-protestaran-frente-a-los-diarios-que-difundieron-con-morbo-el-feminicidio-de-ingrid","status":"publish","type":"post","link":"https:\/\/redsemlac.com\/semmexico\/feministas-protestaran-frente-a-los-diarios-que-difundieron-con-morbo-el-feminicidio-de-ingrid\/","title":{"rendered":"Feministas protestar\u00e1n frente a los diarios que difundieron con morbo el feminicidio de Ingrid"},"content":{"rendered":"\n<ul class=\"wp-block-list\"><li><strong>Mujeres\nsaldr\u00e1n a las calles el 14 y 15 de febrero para protestar tras la publicaci\u00f3n\nde las im\u00e1genes del cuerpo sin vida de Ingrid Escamilla<\/strong><\/li><\/ul>\n\n\n\n<p class=\"wp-block-paragraph\"><strong>Almudena Barrag\u00e1n\/El\nPa\u00eds<\/strong><\/p>\n\n\n\n<p class=\"wp-block-paragraph\">SemM\u00e9xico\/El Pa\u00eds. Ciudad de M\u00e9xico. 13 de febrero 2020.- El\npen\u00faltimo feminicidio en M\u00e9xico acab\u00f3 con la dignidad de Ingrid Escamilla dos\nveces. Una cuando la pareja de la joven descuartiz\u00f3 y desoll\u00f3 su cuerpo y la\nsiguiente cuando se difundieron las im\u00e1genes de su cad\u00e1ver en varios medios de\nnota roja (sucesos) de la prensa nacional.<\/p>\n\n\n\n<p class=\"wp-block-paragraph\">D\u00edas despu\u00e9s, las redes sociales siguen retorci\u00e9ndose y\nexigiendo justicia para Ingrid Escamilla. Varios colectivos feministas y\nmujeres en las redes sociales han convocado manifestaciones el 14 y 15 de\nfebrero frente a los medios de comunicaci\u00f3n que publican este tipo de contenido\nsensacionalista y en la colonia donde viv\u00eda la joven asesinada, entre otros\npuntos.<\/p>\n\n\n\n<p class=\"wp-block-paragraph\">Este jueves un grupo de mujeres se reunir\u00e1n con el director\ndel peri\u00f3dico La Prensa, que public\u00f3 las im\u00e1genes de Escamilla en su portada,\npara pedir acciones concretas para que no se repita la situaci\u00f3n. EL PA\u00cdS busc\u00f3\nal director del diario, Luis Jes\u00fas Carriles, quien prefiri\u00f3 no hacer\ncomentarios al respecto.<\/p>\n\n\n\n<p class=\"wp-block-paragraph\">&nbsp;\u201cLos medios no tienen\nun trato \u00e9tico con las v\u00edctimas de feminicidio\u201d, dice Nat Saxosa, activista\nfeminista y participante en las manifestaciones del pr\u00f3ximo viernes, que\nprefiere no dar su nombre real. \u201cUrge que acaten un protocolo para el\ntratamiento de casos de feminicidio, violaci\u00f3n y violencia de g\u00e9nero que no\nvulnere a las v\u00edctimas y no las revictimice\u201d, expresa.<\/p>\n\n\n\n<p class=\"wp-block-paragraph\">Entre las demandas expresadas est\u00e1n que los peri\u00f3dicos pidan\nperd\u00f3n de manera p\u00fablica \u201cque se disculpen por vulnerar a la v\u00edctima, a sus\nfamiliares y filtrar informaci\u00f3n que genera morbo y cosifica a las mujeres\u201d,\ndice Nat Saxosa quien considera que todas estas acciones tienen que ir\nacompa\u00f1adas de formaci\u00f3n con perspectiva de g\u00e9nero dentro de las redacciones.\nEl peri\u00f3dico La Prensa es una de las publicaciones m\u00e1s le\u00eddas y la de mayor\ntiraje en M\u00e9xico con 287.000 ejemplares por delante de El Universal, La Jornada\no Reforma, seg\u00fan la Direcci\u00f3n General de Medios Impresos.<\/p>\n\n\n\n<p class=\"wp-block-paragraph\">\u00a0\u201cLa apolog\u00eda de la violencia contra las mujeres es muy redituable para los medios\u201d, dice Aime\u00e9 Vega Montiel del Centro de Investigaciones Interdisciplinarias de la Universidad Nacional Aut\u00f3noma de M\u00e9xico. \u201cEn M\u00e9xico ya existe un marco normativo a trav\u00e9s de la Secretar\u00eda de Gobernaci\u00f3n y otras instancias para sancionar este tipo de publicaciones pero falta voluntad pol\u00edtica de parte de las instituciones\u201d, dice Aime\u00e9 Vega. \u201cHacen un circo con las v\u00edctimas, la violencia y el feminicidio, por eso es importante que hablemos y lo nombremos todas juntas en la calle\u201d, dice Nat Saxosa.<\/p>\n\n\n\n<p class=\"wp-block-paragraph\">SEM-El Pa\u00eds<\/p>\n","protected":false},"excerpt":{"rendered":"<p>Mujeres saldr\u00e1n a las calles el 14 y 15 de febrero para protestar tras la publicaci\u00f3n de las im\u00e1genes del cuerpo sin vida de Ingrid Escamilla<\/p>\n","protected":false},"author":3,"featured_media":16794,"comment_status":"open","ping_status":"open","sticky":false,"template":"","format":"standard","meta":{"_monsterinsights_skip_tracking":false,"footnotes":""},"categories":[691,56],"tags":[],"class_list":["post-16793","post","type-post","status-publish","format-standard","has-post-thumbnail","category-691","category-redes"],"_links":{"self":[{"href":"https:\/\/redsemlac.com\/semmexico\/wp-json\/wp\/v2\/posts\/16793","targetHints":{"allow":["GET"]}}],"collection":[{"href":"https:\/\/redsemlac.com\/semmexico\/wp-json\/wp\/v2\/posts"}],"about":[{"href":"https:\/\/redsemlac.com\/semmexico\/wp-json\/wp\/v2\/types\/post"}],"author":[{"embeddable":true,"href":"https:\/\/redsemlac.com\/semmexico\/wp-json\/wp\/v2\/users\/3"}],"replies":[{"embeddable":true,"href":"https:\/\/redsemlac.com\/semmexico\/wp-json\/wp\/v2\/comments?post=16793"}],"version-history":[{"count":0,"href":"https:\/\/redsemlac.com\/semmexico\/wp-json\/wp\/v2\/posts\/16793\/revisions"}],"wp:featuredmedia":[{"embeddable":true,"href":"https:\/\/redsemlac.com\/semmexico\/wp-json\/wp\/v2\/media\/16794"}],"wp:attachment":[{"href":"https:\/\/redsemlac.com\/semmexico\/wp-json\/wp\/v2\/media?parent=16793"}],"wp:term":[{"taxonomy":"category","embeddable":true,"href":"https:\/\/redsemlac.com\/semmexico\/wp-json\/wp\/v2\/categories?post=16793"},{"taxonomy":"post_tag","embeddable":true,"href":"https:\/\/redsemlac.com\/semmexico\/wp-json\/wp\/v2\/tags?post=16793"}],"curies":[{"name":"wp","href":"https:\/\/api.w.org\/{rel}","templated":true}]}}