{"id":16789,"date":"2020-02-13T21:11:41","date_gmt":"2020-02-13T21:11:41","guid":{"rendered":"https:\/\/redsemlac.com\/semmexico\/?p=16789"},"modified":"2023-07-21T15:20:15","modified_gmt":"2023-07-21T20:20:15","slug":"prioridad-atencion-a-desaparicion-forzada-y-reclutamiento-de-infantes","status":"publish","type":"post","link":"https:\/\/redsemlac.com\/semmexico\/prioridad-atencion-a-desaparicion-forzada-y-reclutamiento-de-infantes\/","title":{"rendered":"Prioridad atenci\u00f3n a desaparici\u00f3n forzada y reclutamiento de infantes"},"content":{"rendered":"\n<ul class=\"wp-block-list\"><li><strong>Llama REDIM a poner los ojos en las ni\u00f1as, ni\u00f1os y\nadolescentes frente a la actuaci\u00f3n del crimen organizado<\/strong><\/li><\/ul>\n\n\n\n<ul class=\"wp-block-list\"><li><strong>&nbsp;2019, el\nmayor n\u00famero de detenciones de ni\u00f1as, ni\u00f1os y adolescentes migrantes en los\n\u00faltimos diez a\u00f1os<\/strong><\/li><\/ul>\n\n\n\n<p class=\"wp-block-paragraph\"><strong>Elda Montiel <\/strong><\/p>\n\n\n\n<p class=\"wp-block-paragraph\">SemM\u00e9xico, Cd. de M\u00e9xico, 13 de febrero 2020.- El\ndirector ejecutivo de la Red por los Derechos de la Infancia en M\u00e9xico (REDIM),\nJuan Mart\u00edn P\u00e9rez Garc\u00eda, afirm\u00f3 que la desaparici\u00f3n forzada y el reclutamiento\na grupos delictivos o armados tienen ya afectaciones entre la infancia y la\npoblaci\u00f3n adolescente mexicana, que deben ser atendidos.<\/p>\n\n\n\n<p class=\"wp-block-paragraph\">Al presentar el Balance Anual 2019 en entrevista\npara SemM\u00e9xico, llam\u00f3 a la sociedad para hablar con las ni\u00f1as, ni\u00f1os y\nadolescentes sobre estos temas para ver c\u00f3mo lo est\u00e1n pensando, de lo contrario\npueden incorporarse a la violencia.&nbsp;&nbsp;&nbsp;&nbsp; <\/p>\n\n\n\n<p class=\"wp-block-paragraph\">Sobre el trabajo infantil se\u00f1al\u00f3 que es esclavitud de\nni\u00f1as y adolescentes que se encubre, sobre todo en poblaci\u00f3n ind\u00edgena con\nactividades de trabajo dom\u00e9stico. Mencion\u00f3 que hace dos a\u00f1os REDIM hizo un\nestudio sobre este problema en el corredor de trata que constituyen los estados\nde Tlaxcala, Puebla, Ciudad de M\u00e9xico y Morelos. Es una situaci\u00f3n impune y es\nevidente. <\/p>\n\n\n\n<p class=\"wp-block-paragraph\">De las tres mil 320 v\u00edctimas registradas, de enero\nde 2015 a junio de 2019, de acuerdo con el Secretariado Ejecutivo del Sistema\nNacional de Seguridad P\u00fablica (SESNSP), una cuarta parte, corresponde a ni\u00f1as,\nni\u00f1os o adolescentes, son 805 carpetas de investigaci\u00f3n; sin embargo, s\u00f3lo hay\n13 sentencias. <\/p>\n\n\n\n<p class=\"wp-block-paragraph\">Lo m\u00e1s grave es que se le destina un presupuesto de\n18 millones de pesos, que tal vez s\u00f3lo alcance para pagar al personal, que vive\nla frustraci\u00f3n de no poder hacer mucho en una oficina y es un crimen que\nrequiere de miles de millones de d\u00f3lares.&nbsp;\n<\/p>\n\n\n\n<p class=\"wp-block-paragraph\">Nos preocupan otros problemas, dijo, como el de la educaci\u00f3n,\nya que cinco millones de ni\u00f1as, ni\u00f1os y adolescentes est\u00e1n fuera de la escuela,\ndel sistema educativo, de ellos entre el cinco y 15 por ciento son adolescentes\nde m\u00e1s de 16 a\u00f1os de edad, que no pueden continuar sus estudios. <\/p>\n\n\n\n<p class=\"wp-block-paragraph\">El director ejecutivo de la REDIM record\u00f3 que al\ninicio de los periodos de ingresos a las escuelas de educaci\u00f3n superior se\nregistran movimientos de rechazados, son esas ni\u00f1as, ni\u00f1os y adolescentes que\nno son rechazados por el crimen organizado, quienes los reclutan porque est\u00e1n\ndesprotegidos y son desechables. <\/p>\n\n\n\n<p class=\"wp-block-paragraph\"><strong>Desaparici\u00f3n y reclutamiento, cr\u00edmenes de lesa humanidad<\/strong><\/p>\n\n\n\n<p class=\"wp-block-paragraph\">Llam\u00f3 a atender las desapariciones y el reclutamiento,\nlos que calific\u00f3 de cr\u00edmenes de lesa humanidad, porque son la puerta para otros\ncr\u00edmenes, como la explotaci\u00f3n sexual para las ni\u00f1as y adolescentes, as\u00ed como el\nreclutamiento armado para los ni\u00f1os.<\/p>\n\n\n\n<p class=\"wp-block-paragraph\">Al respecto inform\u00f3 que el Estado mexicano ya est\u00e1\nconvocado para el pr\u00f3ximo 6 de marzo por la Comisi\u00f3n Interamericana de los\nDerechos Humanos para hablar sobre reclutamiento forzado y la epidemia de desaparici\u00f3n.<\/p>\n\n\n\n<p class=\"wp-block-paragraph\">En abril del 2016 se tuvo una reuni\u00f3n con la\nadministraci\u00f3n en turno, quien se comprometi\u00f3 a cumplir nueve puntos, de los\ncuales s\u00f3lo resolvi\u00f3 uno, el de incluir en la Ley General en materia de Desaparici\u00f3n\nForzada de Personas un cap\u00edtulo para las ni\u00f1as, ni\u00f1os y adolescentes. <\/p>\n\n\n\n<p class=\"wp-block-paragraph\">De acuerdo a la Ley, la b\u00fasqueda es inmediata y no\nrequiere carpeta de investigaci\u00f3n; sin embargo, el Ministerio P\u00fablico niega la\nb\u00fasqueda inmediata pidiendo esperar de 48 a 72 horas. <\/p>\n\n\n\n<p class=\"wp-block-paragraph\">Hace dos d\u00edas, la agencia 59 de la Ciudad de M\u00e9xico\nse neg\u00f3 realizar la b\u00fasqueda de una adolescente de 16 a\u00f1os, porque la adolescente\ntenia quiz\u00e1s problemas psiqui\u00e1tricos. Cuando ten\u00eda que ser prioritario, porque\nes vulnerable, y ese es nuestro d\u00eda a d\u00eda, dijo. <\/p>\n\n\n\n<p class=\"wp-block-paragraph\">P\u00e9rez Garc\u00eda lament\u00f3 que la \u201cDesaparici\u00f3n\u201d no es asunto\nde esta administraci\u00f3n, como no lo fue de las administraciones anteriores,\ncuando es un problema que es urgente frenarlo, considerando que los datos\nrevelan que al menos 30 mil ni\u00f1as, ni\u00f1os y adolescentes han sido reclutados por\ngrupos delictivos. <\/p>\n\n\n\n<p class=\"wp-block-paragraph\"><strong>M\u00e9xico persigue a la ni\u00f1ez migrante<\/strong><\/p>\n\n\n\n<p class=\"wp-block-paragraph\">Por otra parte, se refiri\u00f3 a la migraci\u00f3n, que\ntambi\u00e9n es preocupaci\u00f3n de la REDIM, ya que, de enero a octubre de 2019, las\nautoridades de migraci\u00f3n mexicanas detuvieron en promedio a 161 ni\u00f1as, ni\u00f1os y\nadolescentes migrantes diariamente (acompa\u00f1ados y no acompa\u00f1ados).<\/p>\n\n\n\n<p class=\"wp-block-paragraph\">2019 cerr\u00f3 con el mayor n\u00famero de detenciones de\nni\u00f1as, ni\u00f1os y adolescentes migrantes en los \u00faltimos diez a\u00f1os: 48 mil 753, lo\nque representa un incremento de 22 por ciento, respecto a los eventos\nregistrados en 2016, a\u00f1o que registr\u00f3 el mayor n\u00famero de detenciones con 40 mil\n14 detenciones.<\/p>\n\n\n\n<p class=\"wp-block-paragraph\">Representa tambi\u00e9n el tercer a\u00f1o con el mayor n\u00famero\nde eventos de deportaci\u00f3n de la \u00faltima d\u00e9cada: 32 mil 467 ni\u00f1as, ni\u00f1os y adolescentes\na sus pa\u00edses de origen.<\/p>\n\n\n\n<p class=\"wp-block-paragraph\">P\u00e9rez Garc\u00eda lament\u00f3 que la actual administraci\u00f3n \u201cnegociara\u201d\ncon el gobierno de Trump, para frenar las migraciones a cambio de no\nincrementar los aranceles econ\u00f3micos, con lo que M\u00e9xico rompi\u00f3 con sus\nobligaciones legales nacionales e internacionales, entre las que destacan la\nConvenci\u00f3n sobre el Estatuto de los Refugiados de 1951 y su Protocolo de 1967,\nas\u00ed como de la Declaraci\u00f3n de Cartagena sobre los Refugiados de 1984, donde se\ncomprometi\u00f3 a respetar el principio de No devoluci\u00f3n.<\/p>\n\n\n\n<p class=\"wp-block-paragraph\">Tambi\u00e9n dijo que se est\u00e1 usando a la Guarda Nacional\npara la persecuci\u00f3n a la ni\u00f1ez migrante y sus familias, incrementado las\ndetenciones arbitrarias, deportaciones masivas y est\u00edmulo de la xenofobia.<\/p>\n\n\n\n<p class=\"wp-block-paragraph\">Explic\u00f3 que la REDIM, junto con diversas\norganizaciones sociales, la Comisi\u00f3n Interamericana de Derechos Humanos CIDH y\nel Instituto Interamericano del Ni\u00f1o IIN-OEA, consideran que la mejor forma de\nenfrentar el desaf\u00edo es a trav\u00e9s de la creaci\u00f3n del \u201cMecanismo Transnacional de\nProtecci\u00f3n Integral para la Ni\u00f1ez Migrante, Refugiada y sus Familias\u201d, que\npermitir\u00eda a los sistemas integrales de protecci\u00f3n de M\u00e9xico y de pa\u00edses\ncentroamericanos \u201ctrabajar de manera coordinada en la atenci\u00f3n de la migraci\u00f3n\nde las ni\u00f1as, ni\u00f1os y adolescentes de la regi\u00f3n, as\u00ed como en su prevenci\u00f3n\u201d. <\/p>\n\n\n\n<p class=\"wp-block-paragraph\">El Estado mexicano, agreg\u00f3, podr\u00eda tener un claro\nliderazgo regional con esta iniciativa e, incluso, precis\u00f3 que la migraci\u00f3n no\nes un asunto de M\u00e9xico es un tema de los pa\u00edses. Por ello, dijo se llamar\u00e1 a\nlos gobiernos centroamericanos a asumir su responsabilidad, colaborando en este\nmecanismo internacional.&nbsp; <\/p>\n\n\n\n<p class=\"wp-block-paragraph\"><strong>Una propuesta para las escuelas<\/strong><\/p>\n\n\n\n<p class=\"wp-block-paragraph\">Finalmente, tras agradecer a la Comisi\u00f3n de Derecho\nde la Ni\u00f1ez y la Adolescencia del Senado de la Republica, la apertura para la\npresentaci\u00f3n del Balance Anual 2019, les adelant\u00f3 que les har\u00e1n llegar una\npropuesta de iniciativa a la Ley General de Educaci\u00f3n, de tres puntos\nprioritarios, que ya les han planteado a las anteriores legislaturas.<\/p>\n\n\n\n<p class=\"wp-block-paragraph\">La construcci\u00f3n de ciudadan\u00eda, ya que no nos\nreconocemos ciudadanas y ciudadanos, y hay que hacerlo desde la ni\u00f1ez y desde\nlas escuelas, dijo. Estimo necesario incluir en los comit\u00e9s escolares a las y\nlos alumnos, por ahora al menos 25 millones de ni\u00f1as, ni\u00f1os y adolescentes son\ndiscriminados, ya que en esos comit\u00e9s solo se integran por el profesorado,\nrepresentantes sindicales, as\u00ed como padres y madres, y hasta ex estudiantes.<\/p>\n\n\n\n<p class=\"wp-block-paragraph\">Y que las maestras tengan mecanismos de alerta\ntemprana para que sepan canalizar situaciones de riesgo, porque no son polic\u00edas\npara revisar mochilas, ni profesionales de la psicolog\u00eda para aconsejar a las familias.\nSe requieren mecanismos en un sentido preventivo y de protecci\u00f3n que permita\nvincular al alumnado y no expulsarlos como puede suceder hasta ahora. <\/p>\n\n\n\n<p class=\"wp-block-paragraph\">SEM\/em\/sj<\/p>\n","protected":false},"excerpt":{"rendered":"<p>2019, el mayor n\u00famero de detenciones de ni\u00f1as, ni\u00f1os y adolescentes migrantes en los \u00faltimos diez a\u00f1os<\/p>\n","protected":false},"author":3,"featured_media":16792,"comment_status":"open","ping_status":"open","sticky":false,"template":"","format":"standard","meta":{"_monsterinsights_skip_tracking":false,"footnotes":""},"categories":[691,51],"tags":[],"class_list":["post-16789","post","type-post","status-publish","format-standard","has-post-thumbnail","category-691","category-ejecutivo"],"_links":{"self":[{"href":"https:\/\/redsemlac.com\/semmexico\/wp-json\/wp\/v2\/posts\/16789","targetHints":{"allow":["GET"]}}],"collection":[{"href":"https:\/\/redsemlac.com\/semmexico\/wp-json\/wp\/v2\/posts"}],"about":[{"href":"https:\/\/redsemlac.com\/semmexico\/wp-json\/wp\/v2\/types\/post"}],"author":[{"embeddable":true,"href":"https:\/\/redsemlac.com\/semmexico\/wp-json\/wp\/v2\/users\/3"}],"replies":[{"embeddable":true,"href":"https:\/\/redsemlac.com\/semmexico\/wp-json\/wp\/v2\/comments?post=16789"}],"version-history":[{"count":0,"href":"https:\/\/redsemlac.com\/semmexico\/wp-json\/wp\/v2\/posts\/16789\/revisions"}],"wp:featuredmedia":[{"embeddable":true,"href":"https:\/\/redsemlac.com\/semmexico\/wp-json\/wp\/v2\/media\/16792"}],"wp:attachment":[{"href":"https:\/\/redsemlac.com\/semmexico\/wp-json\/wp\/v2\/media?parent=16789"}],"wp:term":[{"taxonomy":"category","embeddable":true,"href":"https:\/\/redsemlac.com\/semmexico\/wp-json\/wp\/v2\/categories?post=16789"},{"taxonomy":"post_tag","embeddable":true,"href":"https:\/\/redsemlac.com\/semmexico\/wp-json\/wp\/v2\/tags?post=16789"}],"curies":[{"name":"wp","href":"https:\/\/api.w.org\/{rel}","templated":true}]}}