{"id":16783,"date":"2020-02-13T21:01:54","date_gmt":"2020-02-13T21:01:54","guid":{"rendered":"https:\/\/redsemlac.com\/semmexico\/?p=16783"},"modified":"2023-07-21T15:20:15","modified_gmt":"2023-07-21T20:20:15","slug":"tengo-miedo-de-salir-a-la-calle-denuncia-joven-en-redes-por-amenazas-de-expareja","status":"publish","type":"post","link":"https:\/\/redsemlac.com\/semmexico\/tengo-miedo-de-salir-a-la-calle-denuncia-joven-en-redes-por-amenazas-de-expareja\/","title":{"rendered":"\u00abTengo miedo de salir a la calle\u00bb, denuncia joven en redes por amenazas de expareja"},"content":{"rendered":"\n<ul class=\"wp-block-list\"><li> <strong>\u00abLa semana pasada entr\u00f3 a mi casa, me golpe\u00f3, me dio un golpe en el pecho muy fuerte que casi me mata, me destruy\u00f3 mis cosas, mis pertenencias, golpe\u00f3 a mis perros\u00bb, narr\u00f3 en un video difundido en sus redes sociales. La Fiscal\u00eda capitalina respondi\u00f3 al mensaje de la joven e inform\u00f3 que le dar\u00eda apoyo.<\/strong> <\/li><\/ul>\n\n\n\n<p class=\"wp-block-paragraph\"><strong>Redacci\u00f3n AN<\/strong><\/p>\n\n\n\n<p class=\"wp-block-paragraph\">SemM\u00e9xico\/Aristegui Noticias. Ciudad de M\u00e9xico. 13 de febrero 2020.- Yael Andrea Jaimes, una joven de 24 a\u00f1os que reside en la Ciudad de M\u00e9xico, lanz\u00f3 un llamado de auxilio, a trav\u00e9s de sus redes sociales, pues dijo&nbsp;tener miedo de convertirse en&nbsp;<strong>v\u00edctima de feminicidio por parte de su expareja.<\/strong><\/p>\n\n\n\n<p class=\"wp-block-paragraph\">En videos difundidos en Twitter, la joven cont\u00f3 que el miedo al \u201cque dir\u00e1n\u201d la llev\u00f3 a soportar&nbsp;<strong>violencia f\u00edsica y psicol\u00f3gica<\/strong>&nbsp;por parte de su expareja&nbsp;<strong>David Cabrini Ortiz Casta\u00f1eda<\/strong>, de 29 a\u00f1os, quien \u201ctiene antecedentes penales, ha estado en m\u00e1s de una ocasi\u00f3n ya en el reclusorio, es una persona sumamente peligrosa, tiene un f\u00e1cil acceso a armas, anda armado\u201d.<\/p>\n\n\n\n<p class=\"wp-block-paragraph\">\u201cCon esto quiero dejar dicho que&nbsp;<strong>cualquier cosa que me pase, lo que sea, que desaparezca, que me maten, lo que sea, hago responsable a David Cabrini Ortiz Casta\u00f1eda<\/strong>, porque estoy amenazada de muerte y no me voy a quedar callada. Tengo miedo de salir a la calle y todo\u201d, afirm\u00f3.<\/p>\n\n\n\n<p class=\"wp-block-paragraph\">Jaimes a\u00f1adi\u00f3 que su expareja ha tirado balazos hacia su casa, ha roto los vidrios de su vivienda y ha agredido a sus familiares y amigos.<\/p>\n\n\n\n<p class=\"wp-block-paragraph\">\u201cLa semana pasada&nbsp;<strong>entr\u00f3 a mi casa, me golpe\u00f3<\/strong>, me dio un golpe en el pecho muy fuerte que casi me mata, me destruy\u00f3 mis cosas, mis pertenencias, golpe\u00f3 a mis perros, fue a buscarme al trabajo, perd\u00ed el trabajo, y mi vida se ha pausado por una persona que est\u00e1 mal\u201d, narr\u00f3.<\/p>\n\n\n\n<figure class=\"wp-block-embed-twitter wp-block-embed is-type-rich is-provider-twitter\"><div class=\"wp-block-embed__wrapper\">\n<blockquote class=\"twitter-tweet\" data-width=\"550\" data-dnt=\"true\"><p lang=\"es\" dir=\"ltr\">NECESITO DE SU AYUDA, AY\u00daDENME A COMPARTIR. ESTOY AMENAZADA DE MUERTE POR MI EX PAREJA. He sido violentada f\u00edsica y psicol\u00f3gicamente. <a href=\"https:\/\/twitter.com\/hashtag\/NiUnaMas?src=hash&amp;ref_src=twsrc%5Etfw\">#NiUnaMas<\/a> <a href=\"https:\/\/twitter.com\/hashtag\/YoSiTeCreo?src=hash&amp;ref_src=twsrc%5Etfw\">#YoSiTeCreo<\/a> <a href=\"https:\/\/twitter.com\/hashtag\/ViolenciaContraLaMujer?src=hash&amp;ref_src=twsrc%5Etfw\">#ViolenciaContraLaMujer<\/a> <a href=\"https:\/\/twitter.com\/hashtag\/machismodemierda?src=hash&amp;ref_src=twsrc%5Etfw\">#machismodemierda<\/a> <a href=\"https:\/\/t.co\/VlPSIp4E5t\">pic.twitter.com\/VlPSIp4E5t<\/a><\/p>&mdash; Andrea Reyes (@andreareyesrys) <a href=\"https:\/\/twitter.com\/andreareyesrys\/status\/1227504014813589504?ref_src=twsrc%5Etfw\">February 12, 2020<\/a><\/blockquote><script async src=\"https:\/\/platform.twitter.com\/widgets.js\" charset=\"utf-8\"><\/script>\n<\/div><\/figure>\n\n\n\n<p class=\"wp-block-paragraph\">En su cuenta de Facebook la joven se\u00f1al\u00f3 que \u201c<strong>las autoridades a veces hacen caso omiso y\/o demoran much\u00edsimo en acelerar las carpetas de investigaci\u00f3n.<\/strong>&nbsp;Tardan meses en hacer justicia, es por eso que el resultado son tantos FEMINICIDIOS y no quiero ser uno de ellos\u201d.<\/p>\n\n\n\n<p class=\"wp-block-paragraph\">Asimismo difundi\u00f3 la fotograf\u00edas de su expareja, para evitar que en un futuro \u201cperturbe a otras mujeres\u201d.&nbsp;<\/p>\n\n\n\n<figure class=\"wp-block-embed-facebook wp-block-embed is-type-rich is-provider-facebook\"><div class=\"wp-block-embed__wrapper\">\nhttps:\/\/www.facebook.com\/AndreaReyesRys\/posts\/2612683245447346\n<\/div><\/figure>\n\n\n\n<p class=\"wp-block-paragraph\"> Tras las denuncias de la joven,&nbsp;<strong>la Fiscal\u00eda General de Justicia de la Ciudad de M\u00e9xico<\/strong>, asegur\u00f3 que a trav\u00e9s de la&nbsp;Fiscal\u00eda de Procesos en Juzgados familiares, ya&nbsp;<strong>brinda apoyo jur\u00eddico y psicol\u00f3gico<\/strong>, as\u00ed como el acompa\u00f1amiento necesario a la v\u00edctima. <\/p>\n\n\n\n<p class=\"wp-block-paragraph\"> Por su parte, el joven acusado escribi\u00f3 en su cuenta de Facebook que&nbsp;<strong>las afirmaciones de Yael Andrea son mentiras<\/strong>&nbsp;y s\u00f3lo busca ser popular y llamar la atenci\u00f3n. <\/p>\n\n\n\n<figure class=\"wp-block-image\"><a href=\"https:\/\/aristeguinoticias.com\/wp-content\/uploads\/2020\/02\/EQn55B9WAAIBxZH.jpg\"><img decoding=\"async\" src=\"https:\/\/aristeguinoticias.com\/wp-content\/uploads\/2020\/02\/EQn55B9WAAIBxZH-e1581609813168.jpg\" alt=\"\" class=\"wp-image-980656\"\/><\/a><\/figure>\n\n\n\n<p class=\"wp-block-paragraph\">SEM\/Aristegui Noticias<\/p>\n","protected":false},"excerpt":{"rendered":"<p>\u00abLa semana pasada entr\u00f3 a mi casa, me golpe\u00f3, me dio un golpe en el pecho muy fuerte que casi me mata, me destruy\u00f3 mis cosas, mis pertenencias, golpe\u00f3 a mis perros\u00bb, narr\u00f3 en un video difundido en sus redes sociales. <\/p>\n","protected":false},"author":3,"featured_media":16786,"comment_status":"open","ping_status":"open","sticky":false,"template":"","format":"standard","meta":{"_monsterinsights_skip_tracking":false,"footnotes":""},"categories":[691,54],"tags":[],"class_list":["post-16783","post","type-post","status-publish","format-standard","has-post-thumbnail","category-691","category-mujeres"],"_links":{"self":[{"href":"https:\/\/redsemlac.com\/semmexico\/wp-json\/wp\/v2\/posts\/16783","targetHints":{"allow":["GET"]}}],"collection":[{"href":"https:\/\/redsemlac.com\/semmexico\/wp-json\/wp\/v2\/posts"}],"about":[{"href":"https:\/\/redsemlac.com\/semmexico\/wp-json\/wp\/v2\/types\/post"}],"author":[{"embeddable":true,"href":"https:\/\/redsemlac.com\/semmexico\/wp-json\/wp\/v2\/users\/3"}],"replies":[{"embeddable":true,"href":"https:\/\/redsemlac.com\/semmexico\/wp-json\/wp\/v2\/comments?post=16783"}],"version-history":[{"count":0,"href":"https:\/\/redsemlac.com\/semmexico\/wp-json\/wp\/v2\/posts\/16783\/revisions"}],"wp:featuredmedia":[{"embeddable":true,"href":"https:\/\/redsemlac.com\/semmexico\/wp-json\/wp\/v2\/media\/16786"}],"wp:attachment":[{"href":"https:\/\/redsemlac.com\/semmexico\/wp-json\/wp\/v2\/media?parent=16783"}],"wp:term":[{"taxonomy":"category","embeddable":true,"href":"https:\/\/redsemlac.com\/semmexico\/wp-json\/wp\/v2\/categories?post=16783"},{"taxonomy":"post_tag","embeddable":true,"href":"https:\/\/redsemlac.com\/semmexico\/wp-json\/wp\/v2\/tags?post=16783"}],"curies":[{"name":"wp","href":"https:\/\/api.w.org\/{rel}","templated":true}]}}