{"id":16780,"date":"2020-02-13T20:50:09","date_gmt":"2020-02-13T20:50:09","guid":{"rendered":"https:\/\/redsemlac.com\/semmexico\/?p=16780"},"modified":"2023-07-21T15:20:15","modified_gmt":"2023-07-21T20:20:15","slug":"consejeras-de-inmujeres-condenan-filtracion-de-imagenes-del-feminicidio-de-ingrid","status":"publish","type":"post","link":"https:\/\/redsemlac.com\/semmexico\/consejeras-de-inmujeres-condenan-filtracion-de-imagenes-del-feminicidio-de-ingrid\/","title":{"rendered":"Consejeras de Inmujeres condenan filtraci\u00f3n de im\u00e1genes del feminicidio de Ingrid"},"content":{"rendered":"\n<p class=\"wp-block-paragraph\"><strong>Redacci\u00f3n<\/strong><\/p>\n\n\n\n<p class=\"wp-block-paragraph\">SemM\u00e9xico\/Primera Plana. 13 de febrero 2020.- Las mujeres\nque integran los consejos Social y Consultivo del Instituto Nacional de las\nMujeres (Inmujeres), lanzaron en\u00e9rgica condena tras la filtraci\u00f3n de im\u00e1genes e\ninformaci\u00f3n del feminicidio de Ingrid Escamilla Vargas, ocurrido el domingo 9\nde febrero en la Ciudad de M\u00e9xico.<\/p>\n\n\n\n<p class=\"wp-block-paragraph\">En un posicionamiento sobre este crimen que ha conmocionado\na la sociedad mexicana, las consejeras nacionales de Inmujeres reprobaron esta\npr\u00e1ctica sistem\u00e1tica de hacer p\u00fablica informaci\u00f3n sensible de la investigaci\u00f3n\ndel caso y que de manera irresponsable es utilizada para revictimizar.<\/p>\n\n\n\n<p class=\"wp-block-paragraph\">A continuaci\u00f3n el texto \u00edntegro del posicionamiento que\nemitieron este d\u00eda las 32 integrantes de los consejos Social y Consultivo del\nInstituto Nacional de las Mujeres (Inmujeres):<\/p>\n\n\n\n<p class=\"wp-block-paragraph\">El feminicidio de Ingrid Escamilla Vargas vuelve a poner en\nevidencia el car\u00e1cter estructural de la violencia contra las mujeres en M\u00e9xico\ny la impunidad con que se conduce el sistema de procuraci\u00f3n de justicia de\nnuestro pa\u00eds, al filtrar im\u00e1genes e informaci\u00f3n sensible de la investigaci\u00f3n a\nmedios de comunicaci\u00f3n que, de manera irresponsable, los utilizan para\nrevictimizar.<\/p>\n\n\n\n<p class=\"wp-block-paragraph\">Por ello, las integrantes de los Consejos Social y\nConsultivo del Instituto Nacional de las Mujeres (Inmujeres), hacemos un firme\nllamado a las autoridades a que afronten el enorme problema de violencia estructural\ny sist\u00e9mica a la que nos enfrentamos las mujeres de este pa\u00eds. Las Consejeras\ndel Instituto Nacional de las Mujeres exigimos de manera contundente que se\natienda la problem\u00e1tica desde sus or\u00edgenes y se dise\u00f1en mejores pol\u00edticas\np\u00fablicas con las qu\u00e9 hacer frente al problema, a fin de hacer efectiva la\nprocuraci\u00f3n de justicia.<\/p>\n\n\n\n<p class=\"wp-block-paragraph\">El 2019, cerr\u00f3 con m\u00e1s de 32 mil homicidios; de los cuales,\ns\u00f3lo 1 de cada 10 se castiga, de acuerdo con datos del Secretariado Ejecutivo\ndel Sistema Nacional de Seguridad P\u00fablica. Ello evidencia la insuficiente\natenci\u00f3n de las autoridades en el feminicidio y en sus efectos perversos, que\nderivan en la normalizaci\u00f3n y en una estructura machista que sostiene y alienta\neste tipo de delitos.<\/p>\n\n\n\n<p class=\"wp-block-paragraph\">En este sentido, desaprobamos enf\u00e1ticamente, la nula\nsensibilidad y falta de \u00e9tica profesional de algunos medios de comunicaci\u00f3n\ntanto escritos como digitales, al exponer de forma expl\u00edcita las im\u00e1genes del\nfeminicidio.<\/p>\n\n\n\n<p class=\"wp-block-paragraph\">Pareciera que seguimos sin entender la magnitud de esta\npandemia llamada Feminicidios; en efecto, la brutalidad y crueldad del\nfeminicidio de Ingrid y de todas las dem\u00e1s, deja en claro que existe una\nsociedad que naturaliza la violencia contra las mujeres en M\u00e9xico.<\/p>\n\n\n\n<p class=\"wp-block-paragraph\">El aumento del feminicidio en 137% no se debe a la tipificaci\u00f3n,\nsino a la falta de capacidad, en el personal que labora en las Fiscal\u00edas y\nMinisterios P\u00fablicos, para resolverlos. Es la incapacidad de las instituciones\npara atender, prevenir, sancionar y erradicar la violencia contra las mujeres y\nresolver la violencia de g\u00e9nero, el detonador de la impunidad. Un sistema de\njusticia dise\u00f1ado desde la \u00f3ptica machista no permite erradicar las diferentes\nformas de la violencia contra las mujeres de g\u00e9nero.<\/p>\n\n\n\n<p class=\"wp-block-paragraph\">Exigimos una vez m\u00e1s: #NiUnaMas #NiUnaMenos<\/p>\n","protected":false},"excerpt":{"rendered":"<p>Las consejeras nacionales de Inmujeres reprobaron esta pr\u00e1ctica sistem\u00e1tica de hacer p\u00fablica informaci\u00f3n sensible de la investigaci\u00f3n del caso y que de manera irresponsable es utilizada para revictimizar.<\/p>\n","protected":false},"author":3,"featured_media":16781,"comment_status":"open","ping_status":"open","sticky":false,"template":"","format":"standard","meta":{"_monsterinsights_skip_tracking":false,"footnotes":""},"categories":[691,51],"tags":[],"class_list":["post-16780","post","type-post","status-publish","format-standard","has-post-thumbnail","category-691","category-ejecutivo"],"_links":{"self":[{"href":"https:\/\/redsemlac.com\/semmexico\/wp-json\/wp\/v2\/posts\/16780","targetHints":{"allow":["GET"]}}],"collection":[{"href":"https:\/\/redsemlac.com\/semmexico\/wp-json\/wp\/v2\/posts"}],"about":[{"href":"https:\/\/redsemlac.com\/semmexico\/wp-json\/wp\/v2\/types\/post"}],"author":[{"embeddable":true,"href":"https:\/\/redsemlac.com\/semmexico\/wp-json\/wp\/v2\/users\/3"}],"replies":[{"embeddable":true,"href":"https:\/\/redsemlac.com\/semmexico\/wp-json\/wp\/v2\/comments?post=16780"}],"version-history":[{"count":0,"href":"https:\/\/redsemlac.com\/semmexico\/wp-json\/wp\/v2\/posts\/16780\/revisions"}],"wp:featuredmedia":[{"embeddable":true,"href":"https:\/\/redsemlac.com\/semmexico\/wp-json\/wp\/v2\/media\/16781"}],"wp:attachment":[{"href":"https:\/\/redsemlac.com\/semmexico\/wp-json\/wp\/v2\/media?parent=16780"}],"wp:term":[{"taxonomy":"category","embeddable":true,"href":"https:\/\/redsemlac.com\/semmexico\/wp-json\/wp\/v2\/categories?post=16780"},{"taxonomy":"post_tag","embeddable":true,"href":"https:\/\/redsemlac.com\/semmexico\/wp-json\/wp\/v2\/tags?post=16780"}],"curies":[{"name":"wp","href":"https:\/\/api.w.org\/{rel}","templated":true}]}}