{"id":16776,"date":"2020-02-13T19:28:21","date_gmt":"2020-02-13T19:28:21","guid":{"rendered":"https:\/\/redsemlac.com\/semmexico\/?p=16776"},"modified":"2023-07-21T15:20:15","modified_gmt":"2023-07-21T20:20:15","slug":"albergara-uaeh-primer-coloquio-sobre-violencia-de-genero","status":"publish","type":"post","link":"https:\/\/redsemlac.com\/semmexico\/albergara-uaeh-primer-coloquio-sobre-violencia-de-genero\/","title":{"rendered":"Albergar\u00e1 UAEH primer coloquio sobre violencia de g\u00e9nero"},"content":{"rendered":"\n<ul class=\"wp-block-list\"><li><strong>El\nencuentro de car\u00e1cter internacional ser\u00e1 realizado el 20 y 21 de mayo<\/strong><\/li><\/ul>\n\n\n\n<p class=\"wp-block-paragraph\"><strong>Redacci\u00f3n<\/strong><\/p>\n\n\n\n<p class=\"wp-block-paragraph\">SemM\u00e9xico\/El Independiente de Hidalgo. Pachuca, Hidalgo. 13\nde febrero 2020.- La Universidad Aut\u00f3noma del Estado de Hidalgo (UAEH) ser\u00e1\nsede del primer Coloquio Internacional sobre el Abordaje de la Violencia de\nG\u00e9nero en las Instituciones de Educaci\u00f3n Superior, promovido por la Red\nUniversitaria de G\u00e9neros, Equidad y Diversidad Sexual (RUGEDS), el 20 y 21 de\nmayo de este a\u00f1o.<\/p>\n\n\n\n<p class=\"wp-block-paragraph\">La finalidad es generar un espacio para analizar, discutir y reflexionar sobre las experiencias acerca de los distintos abordajes frente a la violencia de g\u00e9nero y la diversidad sexual en las instituciones de educaci\u00f3n superior de Am\u00e9rica Latina y el Caribe, ya que han surgido avances normativos en materia de derecho de las mujeres y el reconocimiento de la diversidad sexual y los g\u00e9neros.<\/p>\n\n\n\n<p class=\"wp-block-paragraph\">Tales progresos son consecuencia de la modificaci\u00f3n\nprogresiva de patrones culturales y pr\u00e1cticas sociales que reproducen la\nviolencia y la discriminaci\u00f3n, por lo que resulta ineludible que las din\u00e1micas\ninstitucionales de las universidades sean parte de las transformaciones y\nfomenten valores democr\u00e1ticos e inclusivos que contengan, como pilar central,\nel respeto por las diversidades de g\u00e9neros y sexualidades.<\/p>\n\n\n\n<p class=\"wp-block-paragraph\">Para ello, la Universidad Nacional de Avellaneda de\nArgentina y la Uni\u00f3n de Universidades de Am\u00e9rica Latina y el Caribe emitieron\nla convocatoria para participar en el primer Coloquio Internacional sobre el\nAbordaje de la Violencia de G\u00e9nero en la Educaci\u00f3n Superior.<\/p>\n\n\n\n<p class=\"wp-block-paragraph\">Participar\u00e1n alrededor de 60 universidades que forman parte\nde la RUGEDS para lo cual est\u00e1n convocados estudiantes, docentes,\ninvestigadores e investigadoras de casas de estudio nacionales e\ninternacionales.<\/p>\n\n\n\n<p class=\"wp-block-paragraph\">La intenci\u00f3n del coloquio es promover diversas medidas y\nestrategias de intervenci\u00f3n ante situaciones de violencia de g\u00e9nero en el\n\u00e1mbito universitario para lograr el cese de las acciones que vulneran o\ncomprometen los derechos vinculados al g\u00e9nero y\/u orientaci\u00f3n sexual.<\/p>\n\n\n\n<p class=\"wp-block-paragraph\">Es por ello que los principales temas ser\u00e1n: estrategias de\nprevenci\u00f3n de la violencia de g\u00e9nero en las instituciones de educaci\u00f3n\nsuperior; procesos de construcci\u00f3n y aprobaci\u00f3n de protocolos para atender la\nprevenci\u00f3n y la violencia de g\u00e9neros y diversidad sexual; definiciones acerca\ndel alcance, prop\u00f3sito y aplicabilidad de la pol\u00edtica de la sanci\u00f3n frente a\nlas violencias, y estrategias de cuidado y protecci\u00f3n para atender violencias\nhacia los g\u00e9neros y las sexualidades.<\/p>\n\n\n\n<p class=\"wp-block-paragraph\">Igualmente ser\u00e1 abordado el tema de intervenci\u00f3n de los\nequipos legales de las universidades y su modalidad de abordaje; formas\nreparadoras de justicia feminista m\u00e1s all\u00e1 del castigo, pena o sanci\u00f3n;\nherramientas, procedimientos y recursos para las intervenciones ante las\nviolencias de g\u00e9nero y diversidad sexual; pol\u00edticas institucionales que sostienen\nlas \u00e1reas de g\u00e9nero; infraestructura material y simb\u00f3lica; y alcances y\nresponsabilidad de las distintas \u00e1reas de las universidades en cuanto a la\ncorresponsabilidad.<\/p>\n\n\n\n<p class=\"wp-block-paragraph\">Los participantes podr\u00e1n enviar sus propuestas y ponencias\nen torno a dichas tem\u00e1ticas al correo electr\u00f3nico rugeds@udual.org. La fecha\nl\u00edmite de env\u00edo de propuestas es el 28 de febrero, deben tener como m\u00e1ximo 300\npalabras e incluir t\u00edtulo del trabajo, nombre del autor\/a con breve CV y nombre\nde su instituci\u00f3n. El resultado del dictamen se dar\u00e1 a conocer v\u00eda correo\nelectr\u00f3nico el 13 de marzo. Posteriormente, la fecha l\u00edmite de env\u00edo de\nponencias aprobadas para participar ser\u00e1 el 17 de abril.<\/p>\n\n\n\n<p class=\"wp-block-paragraph\">Est\u00e1n convocadas puede ser consultada en la p\u00e1gina:\nhttp:\/\/sedeso.hidalgo.gob.mx\/ alrededor de 60 instituciones de educaci\u00f3n\nsuperior pertenecientes a la RUGEDS, donde podr\u00e1n ser parte estudiantes,\ndocentes, investigadores e investigadoras<\/p>\n","protected":false},"excerpt":{"rendered":"<p>El encuentro de car\u00e1cter internacional ser\u00e1 realizado el 20 y 21 de mayo<\/p>\n","protected":false},"author":3,"featured_media":16777,"comment_status":"open","ping_status":"open","sticky":false,"template":"","format":"standard","meta":{"_monsterinsights_skip_tracking":false,"footnotes":""},"categories":[691,56],"tags":[],"class_list":["post-16776","post","type-post","status-publish","format-standard","has-post-thumbnail","category-691","category-redes"],"_links":{"self":[{"href":"https:\/\/redsemlac.com\/semmexico\/wp-json\/wp\/v2\/posts\/16776","targetHints":{"allow":["GET"]}}],"collection":[{"href":"https:\/\/redsemlac.com\/semmexico\/wp-json\/wp\/v2\/posts"}],"about":[{"href":"https:\/\/redsemlac.com\/semmexico\/wp-json\/wp\/v2\/types\/post"}],"author":[{"embeddable":true,"href":"https:\/\/redsemlac.com\/semmexico\/wp-json\/wp\/v2\/users\/3"}],"replies":[{"embeddable":true,"href":"https:\/\/redsemlac.com\/semmexico\/wp-json\/wp\/v2\/comments?post=16776"}],"version-history":[{"count":0,"href":"https:\/\/redsemlac.com\/semmexico\/wp-json\/wp\/v2\/posts\/16776\/revisions"}],"wp:featuredmedia":[{"embeddable":true,"href":"https:\/\/redsemlac.com\/semmexico\/wp-json\/wp\/v2\/media\/16777"}],"wp:attachment":[{"href":"https:\/\/redsemlac.com\/semmexico\/wp-json\/wp\/v2\/media?parent=16776"}],"wp:term":[{"taxonomy":"category","embeddable":true,"href":"https:\/\/redsemlac.com\/semmexico\/wp-json\/wp\/v2\/categories?post=16776"},{"taxonomy":"post_tag","embeddable":true,"href":"https:\/\/redsemlac.com\/semmexico\/wp-json\/wp\/v2\/tags?post=16776"}],"curies":[{"name":"wp","href":"https:\/\/api.w.org\/{rel}","templated":true}]}}