{"id":16770,"date":"2020-02-13T19:10:36","date_gmt":"2020-02-13T19:10:36","guid":{"rendered":"https:\/\/redsemlac.com\/semmexico\/?p=16770"},"modified":"2023-07-21T15:20:15","modified_gmt":"2023-07-21T20:20:15","slug":"exigen-feministas-justicia-para-marbella-y-melany-en-el-teatro-de-la-uabc","status":"publish","type":"post","link":"https:\/\/redsemlac.com\/semmexico\/exigen-feministas-justicia-para-marbella-y-melany-en-el-teatro-de-la-uabc\/","title":{"rendered":"Exigen feministas justicia para Marbella y Melany en el teatro de la UABC"},"content":{"rendered":"\n<ul class=\"wp-block-list\"><li><strong>Las feministas exigieron a la UABC posturas m\u00e1s firmes para que solicite los esclarecimientos de asesinatos de sus estudiantes. <\/strong><\/li><\/ul>\n\n\n\n<p class=\"wp-block-paragraph\"><strong>Ana Lilia Ram\u00edrez\/L a\nJornada BC<\/strong><\/p>\n\n\n\n<p class=\"wp-block-paragraph\">SemM\u00e9xico\/La Jornada BC. Tijuana, 13 de febrero.- El grupo \u201cVoces Feministas UABC\u201d realiz\u00f3 una vigilia en el teatro Rub\u00e9n Vizcaino de la m\u00e1xima casa estudios de Baja California campus Tijuana, para no olvidar los ocho feminicidios registrados durante el fin de semana en Tijuana y Mexicali, entre ellos el de Marbella V\u00e1zquez quien fue estudiante de derecho de la universidad y se solidarizaron con los 7 asesinatos m\u00e1s de mujeres ocurridos en menos de 24 horas entre el viernes 7 y s\u00e1bado 8 de febrero.<\/p>\n\n\n\n<p class=\"wp-block-paragraph\">Con consignas como \u00abNi una m\u00e1s, ni una m\u00e1s, ni una\nasesinada m\u00e1s\u00bb, las estudiantes se despidieron de Marbella V\u00e1zquez algunas\nllegaron hasta las l\u00e1grimas.<\/p>\n\n\n\n<p class=\"wp-block-paragraph\">&nbsp;\u201cNo necesito\nconocerlas para sentir el dolo que siente su familia y me da mucho coraje que\neste pasando todo esto, y todas sentimos corajes aqu\u00ed en la universidad y como\ncolectivo nos duele much\u00edsimo que nuestras compa\u00f1eras est\u00e9n siendo asesinadas y\nnadie haga nada. Puede ser mi ser mi hermana, mi amiga, mi vecina, puede ser\nquien sea\u201d, coment\u00f3 la universitaria Virginia nava<\/p>\n\n\n\n<p class=\"wp-block-paragraph\">Las j\u00f3venes estudiantes exigieron a las autoridades\ninvestigadoras hacer su trabajo y no dejar impunes los homicidios, pues debido\na ello son repetitivos los feminicidios en el estado y aseguraron que la\nmayor\u00eda de los homicidas est\u00e1n libres.&nbsp; <\/p>\n\n\n\n<p class=\"wp-block-paragraph\">Recordaron el caso Melany quien fue asesinada en abril del\n2019 y a la fecha el homicidio contin\u00faa impune, aseguro Reyna Lea\u00f1o quien es\nparte de Voces Feministas de la UABC.<\/p>\n\n\n\n<p class=\"wp-block-paragraph\">&nbsp;\u201cA las mujeres que se\nunan a esta que es su lucha, que nosotras estamos aqu\u00ed porque creemos que\ntenemos un poder de convocatoria para nosotras mismas podernos ayudar. A las\nautoridades universitarias que respondan, que respondan por sus estudiantes,\nque implementen protocolos de seguridad\u201d, asegur\u00f3 Reyna Lea\u00f1o.<\/p>\n\n\n\n<p class=\"wp-block-paragraph\">Durante la vigilia colocaron flores y veladoras para\nrecordar a Marbella asesinada el fin de semana pasado y a la joven Melany quien\nfue estudiante de odontolog\u00eda de la UABC asesinada el 2019.&nbsp; <\/p>\n\n\n\n<p class=\"wp-block-paragraph\">Exigieron a la UABC posturas m\u00e1s firmes para que solicite\nlos esclarecimientos de asesinatos de estudiantes.<\/p>\n\n\n\n<p class=\"wp-block-paragraph\">Las feministas indicaron que las protestas continuar\u00e1n si no\ncesa la agresi\u00f3n en contra de las mujeres de Baja California.<\/p>\n","protected":false},"excerpt":{"rendered":"<p>Las feministas exigieron a la UABC posturas m\u00e1s firmes para que solicite los esclarecimientos de asesinatos de sus estudiantes. Foto Ana Lilia Ram\u00edrez<\/p>\n","protected":false},"author":3,"featured_media":16771,"comment_status":"open","ping_status":"open","sticky":false,"template":"","format":"standard","meta":{"_monsterinsights_skip_tracking":false,"footnotes":""},"categories":[691,54],"tags":[],"class_list":["post-16770","post","type-post","status-publish","format-standard","has-post-thumbnail","category-691","category-mujeres"],"_links":{"self":[{"href":"https:\/\/redsemlac.com\/semmexico\/wp-json\/wp\/v2\/posts\/16770","targetHints":{"allow":["GET"]}}],"collection":[{"href":"https:\/\/redsemlac.com\/semmexico\/wp-json\/wp\/v2\/posts"}],"about":[{"href":"https:\/\/redsemlac.com\/semmexico\/wp-json\/wp\/v2\/types\/post"}],"author":[{"embeddable":true,"href":"https:\/\/redsemlac.com\/semmexico\/wp-json\/wp\/v2\/users\/3"}],"replies":[{"embeddable":true,"href":"https:\/\/redsemlac.com\/semmexico\/wp-json\/wp\/v2\/comments?post=16770"}],"version-history":[{"count":0,"href":"https:\/\/redsemlac.com\/semmexico\/wp-json\/wp\/v2\/posts\/16770\/revisions"}],"wp:featuredmedia":[{"embeddable":true,"href":"https:\/\/redsemlac.com\/semmexico\/wp-json\/wp\/v2\/media\/16771"}],"wp:attachment":[{"href":"https:\/\/redsemlac.com\/semmexico\/wp-json\/wp\/v2\/media?parent=16770"}],"wp:term":[{"taxonomy":"category","embeddable":true,"href":"https:\/\/redsemlac.com\/semmexico\/wp-json\/wp\/v2\/categories?post=16770"},{"taxonomy":"post_tag","embeddable":true,"href":"https:\/\/redsemlac.com\/semmexico\/wp-json\/wp\/v2\/tags?post=16770"}],"curies":[{"name":"wp","href":"https:\/\/api.w.org\/{rel}","templated":true}]}}