{"id":16763,"date":"2020-02-13T18:55:11","date_gmt":"2020-02-13T18:55:11","guid":{"rendered":"https:\/\/redsemlac.com\/semmexico\/?p=16763"},"modified":"2023-07-21T15:20:16","modified_gmt":"2023-07-21T20:20:16","slug":"medios-revictimizan-a-las-victimas-de-violencia-machista","status":"publish","type":"post","link":"https:\/\/redsemlac.com\/semmexico\/medios-revictimizan-a-las-victimas-de-violencia-machista\/","title":{"rendered":"Medios revictimizan a las v\u00edctimas de violencia machista"},"content":{"rendered":"\n<p class=\"wp-block-paragraph\"><strong>* Rechazan la exhibici\u00f3n en medios y\nredes sociales del cuerpo de las v\u00edctimas<\/strong><\/p>\n\n\n\n<p class=\"wp-block-paragraph\"><strong>* Medio mill\u00f3n de mujeres han sido\nasesinadas en los \u00faltimos a\u00f1os<\/strong><\/p>\n\n\n\n<p class=\"wp-block-paragraph\"><strong>Lorena Vaniezcot<\/strong><\/p>\n\n\n\n<p class=\"wp-block-paragraph\">SemM\u00e9xico,\nCd. de M\u00e9xico, 13 de febrero 2020.- Mujeres organizadas dieron a conocer hoy\nque se reunieron dos mil 374 firmas de ciudadanas y 23 firmas de organizaciones\ny colectivos que respaldan la Carta Abierta contra la Violencia de G\u00e9nero, que\nha ocasionado la muerte de un cuarto de mill\u00f3n de mujeres en los \u00faltimos a\u00f1os.<\/p>\n\n\n\n<p class=\"wp-block-paragraph\">En\nella destacan que M\u00e9xico padece una epidemia de violencia que de acuerdo con\ncifras oficiales hablan de 10 asesinatos de mujeres por d\u00eda, los cuales suceden\nde manera brutal y sistem\u00e1tica y, muchas veces, los cuerpos son mutilados y\nexhibidos, por el solo hecho de ser de mujeres.<\/p>\n\n\n\n<p class=\"wp-block-paragraph\">En\nla carta, publicada por la asociaci\u00f3n civil El D\u00eda Despu\u00e9s, apunta que los medios\nde comunicaci\u00f3n juegan un papel esencial en la sociedad, ya que no s\u00f3lo\nreflejan lo que sucede, sino que influyen en la realidad de la ciudadan\u00eda. <\/p>\n\n\n\n<p class=\"wp-block-paragraph\">Por\nello plantean que en el contexto que vivimos hoy en M\u00e9xico, genera indignaci\u00f3n\nabsoluta la exhibici\u00f3n con dolo del cuerpo de Ingrid Escamilla, v\u00edctima de\nfeminicidio el 9 de febrero, en las portadas de los peri\u00f3dicos La Prensa y\n\u00a1P\u00e1sala!, as\u00ed como de algunos medios electr\u00f3nicos.<\/p>\n\n\n\n<p class=\"wp-block-paragraph\">Las\norganizaciones y ciudadanas que firman esta carta abierta rechazan la\nexhibici\u00f3n en medios y redes sociales del cuerpo de las v\u00edctimas. En ning\u00fan\ncaso es justificable, se\u00f1alan.<\/p>\n\n\n\n<p class=\"wp-block-paragraph\">Luego\nexplican que la difusi\u00f3n de fotograf\u00edas y videos es irresponsable, inhumano y\nrevictimiza a Ingrid y a su familia, adem\u00e1s de perpetuar esquemas de violencia\nhacia las mujeres. <\/p>\n\n\n\n<p class=\"wp-block-paragraph\">Adem\u00e1s\nde transgredir lo dispuesto en diversos art\u00edculos previstos tanto en la Ley\nFederal Para Prevenir y Eliminar la Discriminaci\u00f3n, como de la Ley general de\nAcceso a las Mujeres a una vida Libre de violencia. Y las autoridades est\u00e1n\nobligadas a vigilar y sancionar los medios de comunicaci\u00f3n que violen la ley.<\/p>\n\n\n\n<p class=\"wp-block-paragraph\">En\nese sentido exhortan a otros medios digitales, impresos o televisivos a\nrespetar la dignidad de cada persona y la de sus familias. As\u00ed como respetar el\nderecho a la imagen propia, a la vida y a la muerte.<\/p>\n\n\n\n<p class=\"wp-block-paragraph\">Su\nresponsabilidad y su deber es proteger a las v\u00edctimas, y evitar contenidos que\nhagan apolog\u00edas de la violencia o la estimulen.<\/p>\n\n\n\n<p class=\"wp-block-paragraph\">El\nManual de coberturas de hechos con v\u00edctimas de la Comisi\u00f3n Ejecutiva de\nAtenci\u00f3n a V\u00edctimas de nuestro gobierno estipula que: \u201cCuando se revictimiza a\nuna persona, se transgrede su privacidad, se le falta al respeto, se le\ndeshumaniza, estigmatiza y exhibe La revictimizaci\u00f3n por parte de los medios de\ncomunicaci\u00f3n es un hecho grave. [\u2026] Esta importante responsabilidad recae en la\n\u00e9tica de cada periodista, reportero\/a y comunicador\/a, y en que reconozcan los\nderechos y los l\u00edmites de su profesi\u00f3n\u201d.<\/p>\n\n\n\n<p class=\"wp-block-paragraph\">Exhortamos\na los periodistas, a editores y due\u00f1os de medios de comunicaci\u00f3n a que\nreconozcan sus responsabilidades y opten por una postura de \u00e9tica profesional y\ndignidad humana, adem\u00e1s de buscar el acompa\u00f1amiento y capacitaci\u00f3n adecuados a\nfin de no incurrir nuevamente en una situaci\u00f3n de esta naturaleza en el futuro.\n<\/p>\n\n\n\n<p class=\"wp-block-paragraph\">Hacemos\nun llamado urgente a las autoridades de la Ciudad de M\u00e9xico y a la Secretar\u00eda\nde Gobernaci\u00f3n para que investiguen y sancionen a las personas responsables de\nla filtraci\u00f3n y de la publicaci\u00f3n de estas im\u00e1genes. <\/p>\n\n\n\n<p class=\"wp-block-paragraph\">SEM\/lv\/sj<\/p>\n","protected":false},"excerpt":{"rendered":"<p>Rechazan la exhibici\u00f3n en medios y redes sociales del cuerpo de las v\u00edctimas<\/p>\n","protected":false},"author":3,"featured_media":16764,"comment_status":"open","ping_status":"open","sticky":false,"template":"","format":"standard","meta":{"_monsterinsights_skip_tracking":false,"footnotes":""},"categories":[691,54],"tags":[],"class_list":["post-16763","post","type-post","status-publish","format-standard","has-post-thumbnail","category-691","category-mujeres"],"_links":{"self":[{"href":"https:\/\/redsemlac.com\/semmexico\/wp-json\/wp\/v2\/posts\/16763","targetHints":{"allow":["GET"]}}],"collection":[{"href":"https:\/\/redsemlac.com\/semmexico\/wp-json\/wp\/v2\/posts"}],"about":[{"href":"https:\/\/redsemlac.com\/semmexico\/wp-json\/wp\/v2\/types\/post"}],"author":[{"embeddable":true,"href":"https:\/\/redsemlac.com\/semmexico\/wp-json\/wp\/v2\/users\/3"}],"replies":[{"embeddable":true,"href":"https:\/\/redsemlac.com\/semmexico\/wp-json\/wp\/v2\/comments?post=16763"}],"version-history":[{"count":0,"href":"https:\/\/redsemlac.com\/semmexico\/wp-json\/wp\/v2\/posts\/16763\/revisions"}],"wp:featuredmedia":[{"embeddable":true,"href":"https:\/\/redsemlac.com\/semmexico\/wp-json\/wp\/v2\/media\/16764"}],"wp:attachment":[{"href":"https:\/\/redsemlac.com\/semmexico\/wp-json\/wp\/v2\/media?parent=16763"}],"wp:term":[{"taxonomy":"category","embeddable":true,"href":"https:\/\/redsemlac.com\/semmexico\/wp-json\/wp\/v2\/categories?post=16763"},{"taxonomy":"post_tag","embeddable":true,"href":"https:\/\/redsemlac.com\/semmexico\/wp-json\/wp\/v2\/tags?post=16763"}],"curies":[{"name":"wp","href":"https:\/\/api.w.org\/{rel}","templated":true}]}}