{"id":16752,"date":"2020-02-13T18:29:23","date_gmt":"2020-02-13T18:29:23","guid":{"rendered":"https:\/\/redsemlac.com\/semmexico\/?p=16752"},"modified":"2023-07-21T15:20:16","modified_gmt":"2023-07-21T20:20:16","slug":"espana-endometriosis-como-motivo-de-pension-por-incapacidad","status":"publish","type":"post","link":"https:\/\/redsemlac.com\/semmexico\/espana-endometriosis-como-motivo-de-pension-por-incapacidad\/","title":{"rendered":"Espa\u00f1a: Endometriosis como motivo de pensi\u00f3n por incapacidad"},"content":{"rendered":"\n<p class=\"wp-block-paragraph\"><strong>* Sentencia el Juzgado de lo Social,\nen Barcelona<\/strong><\/p>\n\n\n\n<p class=\"wp-block-paragraph\"><strong>* Una paciente recibir\u00e1 pensi\u00f3n vitalicia por incapacidad permanente absoluta<\/strong><\/p>\n\n\n\n<p class=\"wp-block-paragraph\"><strong>Luc\u00eda Cort\u00e9s<\/strong><\/p>\n\n\n\n<p class=\"wp-block-paragraph\">SemM\u00e9xico\/AmecoPress,\nMadrid, 13 de febrero 2020.- El Juzgado de lo Social n\u00ba2 de Barcelona ha\nreconocido a una mujer, auxiliar administrativa de profesi\u00f3n, su derecho a\npercibir una pensi\u00f3n vitalicia por incapacidad permanente absoluta para todo\ntipo de trabajo con el cien por ciento de la base reguladora. La demandante,\nrepresentada por el servicio jur\u00eddico Tribunal M\u00e9dico, recurr\u00eda ante este\njuzgado la decisi\u00f3n del Instituto Nacional de la Seguridad Social que le\ndenegaba la solicitud pese a las limitaciones que padece debido a la\nenfermedad. <\/p>\n\n\n\n<p class=\"wp-block-paragraph\">Se\ncondena as\u00ed al organismo de la Seguridad Social al abono de una pensi\u00f3n\nvitalicia equivalente al cien por ciento de su base reguladora de 938\u201902 euros\nmensuales en catorce pagos al a\u00f1o.<\/p>\n\n\n\n<p class=\"wp-block-paragraph\">La\nparticularidad del caso de L.M.P, de 39 a\u00f1os, radica en que padece s\u00edndrome\nmiofascial dentro del contexto de endometriosis. Esta dolencia provoca que deba\nsometerse a infiltraciones y moverse con muletas. Adem\u00e1s, padece una depresi\u00f3n\nansiosa afectando todo ello al ejercicio de su trabajo. Iris Brancho, de\nTribunal M\u00e9dico en declaraciones a AmecoPress, ha se\u00f1alado que, aunque una\ndolencia particular no est\u00e9 reconocida como incapacitante, puede venir\nacompa\u00f1ada de un cuadro completo que sea valorado como motivo de incapacidad.\nTambi\u00e9n nos habla, en l\u00ednea con la endometriosis, de otras \u201cenfermedades\nsilenciosas\u201d como la fibromialgia que provocan gran sufrimiento en quienes la\nsufren pero que no est\u00e1 reconocida por la normativa como motivo de incapacidad.<\/p>\n\n\n\n<p class=\"wp-block-paragraph\">No\nes la primera paciente a la que se le reconoce la incapacidad debido a la\nendometriosis. Ya en 2008, el Instituto Nacional de la Seguridad Social\nconcedi\u00f3 por primera vez a una enfermera sevillana una pensi\u00f3n correspondiente\nal cien por ciento de su sueldo. Fue debido a dolencias derivadas de la\nendometriosis y las intervenciones jur\u00eddicas a las que se hab\u00eda sometido a ra\u00edz\nde ella que la imped\u00edan desempe\u00f1arse en su puesto con normalidad.<\/p>\n\n\n\n<p class=\"wp-block-paragraph\">La\nendometriosis es una enfermedad cr\u00f3nica que afecta a entre el 10 y el 15 por\nciento de las mujeres en edad f\u00e9rtil, seg\u00fan la Sociedad Espa\u00f1ola de Medicina\nInterna. Consiste en el crecimiento del tejido del endometrio fuera del \u00fatero y\npuede llegar a producir bultos que se denominan tumores. <\/p>\n\n\n\n<p class=\"wp-block-paragraph\">En\nalgunos casos especialmente graves, estos tumores originados fuera del\nendometrio producen sangrado que no encuentra salida por lo que puede\ndesarrollarse inflamaci\u00f3n y tejido cicatrizal. Su origen es desconocido y\nactualmente no tiene cura, aunque se aplican tratamientos contra el dolor,\nhormonales e intervenciones quir\u00fargicas que mejoran la calidad de vida de las\nmujeres que la padecen. <\/p>\n\n\n\n<p class=\"wp-block-paragraph\">La\nendometriosis puede provocar dolor abdominal, durante el ciclo menstrual, as\u00ed\ncomo durante las relaciones sexuales. Tambi\u00e9n puede causar infertilidad y\nfatiga cr\u00f3nica, entre otros. La visibilidad de esta enfermedad se reivindica a\ntrav\u00e9s de un lazo amarillo.<\/p>\n\n\n\n<p class=\"wp-block-paragraph\">SEM-AmecoPress\/lc<\/p>\n","protected":false},"excerpt":{"rendered":"<p>Sentencia el Juzgado de lo Social, en Barcelona<\/p>\n","protected":false},"author":3,"featured_media":16753,"comment_status":"open","ping_status":"open","sticky":false,"template":"","format":"standard","meta":{"_monsterinsights_skip_tracking":false,"footnotes":""},"categories":[691,53],"tags":[],"class_list":["post-16752","post","type-post","status-publish","format-standard","has-post-thumbnail","category-691","category-internacional"],"_links":{"self":[{"href":"https:\/\/redsemlac.com\/semmexico\/wp-json\/wp\/v2\/posts\/16752","targetHints":{"allow":["GET"]}}],"collection":[{"href":"https:\/\/redsemlac.com\/semmexico\/wp-json\/wp\/v2\/posts"}],"about":[{"href":"https:\/\/redsemlac.com\/semmexico\/wp-json\/wp\/v2\/types\/post"}],"author":[{"embeddable":true,"href":"https:\/\/redsemlac.com\/semmexico\/wp-json\/wp\/v2\/users\/3"}],"replies":[{"embeddable":true,"href":"https:\/\/redsemlac.com\/semmexico\/wp-json\/wp\/v2\/comments?post=16752"}],"version-history":[{"count":0,"href":"https:\/\/redsemlac.com\/semmexico\/wp-json\/wp\/v2\/posts\/16752\/revisions"}],"wp:featuredmedia":[{"embeddable":true,"href":"https:\/\/redsemlac.com\/semmexico\/wp-json\/wp\/v2\/media\/16753"}],"wp:attachment":[{"href":"https:\/\/redsemlac.com\/semmexico\/wp-json\/wp\/v2\/media?parent=16752"}],"wp:term":[{"taxonomy":"category","embeddable":true,"href":"https:\/\/redsemlac.com\/semmexico\/wp-json\/wp\/v2\/categories?post=16752"},{"taxonomy":"post_tag","embeddable":true,"href":"https:\/\/redsemlac.com\/semmexico\/wp-json\/wp\/v2\/tags?post=16752"}],"curies":[{"name":"wp","href":"https:\/\/api.w.org\/{rel}","templated":true}]}}