{"id":16749,"date":"2020-02-13T18:26:29","date_gmt":"2020-02-13T18:26:29","guid":{"rendered":"https:\/\/redsemlac.com\/semmexico\/?p=16749"},"modified":"2023-07-21T15:20:16","modified_gmt":"2023-07-21T20:20:16","slug":"dia-mundial-de-la-radio-sonidos-y-silencios-sin-ruidos","status":"publish","type":"post","link":"https:\/\/redsemlac.com\/semmexico\/dia-mundial-de-la-radio-sonidos-y-silencios-sin-ruidos\/","title":{"rendered":"D\u00eda Mundial de la Radio: Sonidos y silencios, sin ruidos"},"content":{"rendered":"\n<p class=\"wp-block-paragraph\"><strong>* Encontrar palabras es, a menudo, un\nacto revolucionario<\/strong><\/p>\n\n\n\n<p class=\"wp-block-paragraph\"><strong>* Silencios, ausencias, y eso que\nparece que no est\u00e1 ah\u00ed, pero determina qui\u00e9nes somos<\/strong><\/p>\n\n\n\n<p class=\"wp-block-paragraph\"><strong>Redacci\u00f3n<\/strong><\/p>\n\n\n\n<p class=\"wp-block-paragraph\">SemM\u00e9xico\/AmecoPress,\nMadrid, 13 de febrero 2020 .-&nbsp;En una sociedad que da prioridad a la imagen\nvisual, el lenguaje de sonidos y silencios pudiera ser una anomal\u00eda. Pero es\ncurioso: el ruido atraviesa m\u00e1s frecuentemente la comunicaci\u00f3n escrita, las\nredes sociales y las televisiones que un medio como la radio. Las emisoras se\nactualizan, los formatos se reinventan y las ondas se cuelan en la red. <\/p>\n\n\n\n<p class=\"wp-block-paragraph\">La\nradio nos sigue acompa\u00f1ando en la era digital, aportando contenidos y\nsignificados a un mundo complicado, mundializado y diverso. Sigue siendo el\nmedio con mayor audiencia en el planeta y ello le convierte tambi\u00e9n en una\nposibilidad de facilitar el acceso a una informaci\u00f3n que defienda la libertad y\nla igualdad. S\u00ed, hay mucho que celebrar este 13 de febrero, D\u00eda Mundial de la\nRadio.<\/p>\n\n\n\n<p class=\"wp-block-paragraph\">Hoy\nno hace falta una radio para poder escuchar nuestras emisoras favoritas, basta\ncon tener un tel\u00e9fono m\u00f3vil y conexi\u00f3n a Internet. Tambi\u00e9n el desarrollo\ntecnol\u00f3gico facilita la aparici\u00f3n de nuevas creaciones. Pero el avance y la\ncreatividad no brotan simplemente de los recursos t\u00e9cnicos. Es sobre todo la\nnecesidad vital de narrar y la lucidez de advertir la tremenda capacidad de la\nvoz humana, de la m\u00fasica, del silencio, hilvanados para construir.<\/p>\n\n\n\n<p class=\"wp-block-paragraph\">\u201cSilencios,\nausencias, y eso que parece que no est\u00e1 ah\u00ed, pero determina qui\u00e9nes somos\u201d. As\u00ed\nse presenta \u2018De eso no se habla\u2019 uno de los mejores podcasts que ha visto la\nluz recientemente. Vale la pena asistir a su&nbsp;<a href=\"https:\/\/youtu.be\/ZCXuH9XjuII\">presentaci\u00f3n<\/a>, ocurrida en el teatro\nOdeon de Boston En una intervenci\u00f3n preciosa Isabel Cadenas Ca\u00f1\u00f3n cuenta qu\u00e9\nsignifica el silencio y por qu\u00e9 es a la vez personal y colectivo.<\/p>\n\n\n\n<p class=\"wp-block-paragraph\"><strong>Encontrar palabras es, a menudo, un\nacto revolucionario<\/strong><\/p>\n\n\n\n<p class=\"wp-block-paragraph\">Desde\nhace a\u00f1os, el feminismo ha ido penetrando en las redacciones y ha llegado a los\nestudios de grabaci\u00f3n para difundir temas y enfoques que antes estaban\ninvisibilizados. Las violencias machistas, los cuidados, el patriarcado\u2026son\nprotagonistas, con m\u00e1s o menos espacio, de programas radiof\u00f3nicos que tambi\u00e9n\nse pueden escuchar en formato podcast. Hay much\u00edsimos ejemplos. No todos\nnovedosos, hay gente trabajando en b\u00fasqueda de otros enfoques y perspectivas en\nlas ondas, hace tiempo.<\/p>\n\n\n\n<p class=\"wp-block-paragraph\">Un\ncaso. El modo de narrar los conflictos que defiende&nbsp;<a href=\"https:\/\/amecopress.net\/@paisesconflicto\">Cristina S\u00e1nchez<\/a>&nbsp;huye de la simplificaci\u00f3n. Lo\nhace dando relevancia a las voces de las mujeres y a la vida dentro de\ncontextos de guerra generadas por hombres.<\/p>\n\n\n\n<p class=\"wp-block-paragraph\">Otro,\nm\u00e1s reciente.&nbsp;<a href=\"https:\/\/www.pikaramagazine.com\/author\/sangre-fucsia\/\">\u2018Sangre Fucsia\u2019<\/a>&nbsp;es el podcast creado en 2013 por\nun grupo de mujeres profesionales de la radio con la colaboraci\u00f3n de P\u00edkara\nMagazine. En cada programa abordan temas variopintos \u2013desde la depilaci\u00f3n a las\nmigraciones, pasando por los videojuegos-, pero siempre con \u201cuna mirada\nfeminista\u201d. Muy recomendables, sus entrevistas y juegos.<\/p>\n\n\n\n<p class=\"wp-block-paragraph\"><strong>Hay m\u00e1s, es imposible nombrarlas a\ntodas<\/strong><\/p>\n\n\n\n<p class=\"wp-block-paragraph\">Pero\nhoy tambi\u00e9n hay espacio para el \u201clamento\u201d. El Ayuntamiento de Madrid cort\u00f3 las\nemisiones de la radio escuela M21 en septiembre del a\u00f1o pasado. En esa emisora\nse hac\u00edan muy buenos programas y se escuchaban voces diversas y, en cierto\nmodo, an\u00f3nimas, que aportaban veracidad y cercan\u00eda.<\/p>\n\n\n\n<p class=\"wp-block-paragraph\">\u201cLas\nemisoras comunitarias tienen poco que celebrar\u201d, aseguran desde la Red de\nMedios Comunitarios (REMC). Y argumentan: cero licencias, cero medidas de\nfomento, el Gobierno incumple la ley desde 2011 y la UNESCO vigila a Espa\u00f1a por\ndiscriminar a estos medios.<\/p>\n\n\n\n<p class=\"wp-block-paragraph\"><strong>Mensaje de la UNESCO<\/strong><\/p>\n\n\n\n<p class=\"wp-block-paragraph\">En\nel D\u00eda Mundial de la Radio 2020, la UNESCO hace un llamamiento a las emisoras\nde radio para que defiendan la diversidad, tanto en su sala de redacci\u00f3n como\nen las ondas. As\u00ed, para el organismo, esta edici\u00f3n se divide en tres subtemas\nprincipales: abogar por el pluralismo en la radio, de modo que haya una\ncombinaci\u00f3n de medios p\u00fablicos, privados y comunitarios; fomentar la\nrepresentaci\u00f3n en la sala de redacci\u00f3n, donde los equipos est\u00e9n integrados por\ndiversos grupos de la sociedad; y promover la diversidad de los contenidos\neditoriales y los tipos de programas para que reflejen la variedad de los\np\u00fablicos.<\/p>\n\n\n\n<p class=\"wp-block-paragraph\">La\nradio es uno de los primeros medios de comunicaci\u00f3n que aparecieron en el siglo\nXIX. La primera emisi\u00f3n radiof\u00f3nica tuvo lugar en 1906, cuando Reginald Aubrey\nFessenden, utilizando un alternador electromec\u00e1nico de alta frecuencia,\ntransmiti\u00f3 desde Brant Rock Station, Massachusetts, un pasaje de la Biblia y\ntoc\u00f3, para todos los oyentes de los buques que se encontraban en el mar, la\ncanci\u00f3n Oh Holy Night a viol\u00edn.<\/p>\n\n\n\n<p class=\"wp-block-paragraph\">A\u00f1os\nm\u00e1s tarde, en 1920, empezaron las primeras transmisiones destinadas al\nentretenimiento con una programaci\u00f3n regular. En Espa\u00f1a, la primera emisi\u00f3n\ntuvo lugar en 1923, cuando se dio por inaugurada la primera emisora, Radio\nIb\u00e9rica.<\/p>\n\n\n\n<p class=\"wp-block-paragraph\"><br>\nSin embargo, no fue hasta el 18 de diciembre de 2012 cuando se proclam\u00f3 el 13\nde febrero como el D\u00eda Mundial de la Radio, aprobado en la Asamblea General de\nlas Naciones Unidas.<\/p>\n\n\n\n<p class=\"wp-block-paragraph\">Se\nacerca el 8 de marzo y por segundo a\u00f1o suena&nbsp;<a href=\"https:\/\/open.spotify.com\/show\/3aXtZpEQ8fqc6xu5WEjvHD?autoplay=1&amp;auto_play=true&amp;t=0\">Radio 8M<\/a>, formada por activistas de las\ndiversas asambleas de Madrid. El a\u00f1o pasado esta iniciativa contribuy\u00f3 a la\ndifusi\u00f3n de la huelga feminista y sus distintos ejes y actividades, incluyendo\nuna intensa cr\u00f3nica de diez horas emitida a trav\u00e9s de streaming el mismo d\u00eda de\nla huelga. Este a\u00f1o la radio produce el podcast semanal Sonoras y Revueltas que\nya est\u00e1n disponibles para escuchar y compartir en la web Radio 8M y en las apps\nen diversas plataformas.<\/p>\n\n\n\n<p class=\"wp-block-paragraph\">Con\nello nos despedimos, pero recordamos que hay muchas m\u00e1s emisoras, programas,\nsecciones, e incluso apariciones espor\u00e1dicas que vale la pena escuchar. Muchos\nde los podcast de&nbsp;<a href=\"https:\/\/open.spotify.com\/show\/3aXtZpEQ8fqc6xu5WEjvHD?autoplay=1&amp;auto_play=true&amp;t=0\">Carne Cruda<\/a>&nbsp;nos adentran en creaciones y\nenfoques feministas. La radio online&nbsp;<a href=\"http:\/\/www.radioconectadas.com\/\">Conectadas<\/a>&nbsp;apuesta por la\ncultura, la historia y la actualidad desde una perspectiva de g\u00e9nero.&nbsp;<a href=\"https:\/\/www.ivoox.com\/podcast-feminopolis-programa_sq_f1393848_1.html\">Femin\u00f3polis<\/a>&nbsp;es un espacio feminista dentro\nRadiopolis, en Sevilla, y analiza el papel de las mujeres en los medios de\ncomunicaci\u00f3n y en los espacios de cultura. Las pildoritas culturales que\nemite&nbsp;<a href=\"https:\/\/rudafmurcia.wordpress.com\/\">Ruda FM<\/a>&nbsp;son un abordaje\ndirecto al patriarcado y concepciones centralistas y molol\u00edticas de la vida.<\/p>\n\n\n\n<p class=\"wp-block-paragraph\">Feliz\nd\u00eda de la radio.<\/p>\n","protected":false},"excerpt":{"rendered":"<p>Silencios, ausencias, y eso que parece que no est\u00e1 ah\u00ed, pero determina qui\u00e9nes somos<\/p>\n","protected":false},"author":3,"featured_media":16750,"comment_status":"open","ping_status":"open","sticky":false,"template":"","format":"standard","meta":{"_monsterinsights_skip_tracking":false,"footnotes":""},"categories":[691,53],"tags":[],"class_list":["post-16749","post","type-post","status-publish","format-standard","has-post-thumbnail","category-691","category-internacional"],"_links":{"self":[{"href":"https:\/\/redsemlac.com\/semmexico\/wp-json\/wp\/v2\/posts\/16749","targetHints":{"allow":["GET"]}}],"collection":[{"href":"https:\/\/redsemlac.com\/semmexico\/wp-json\/wp\/v2\/posts"}],"about":[{"href":"https:\/\/redsemlac.com\/semmexico\/wp-json\/wp\/v2\/types\/post"}],"author":[{"embeddable":true,"href":"https:\/\/redsemlac.com\/semmexico\/wp-json\/wp\/v2\/users\/3"}],"replies":[{"embeddable":true,"href":"https:\/\/redsemlac.com\/semmexico\/wp-json\/wp\/v2\/comments?post=16749"}],"version-history":[{"count":0,"href":"https:\/\/redsemlac.com\/semmexico\/wp-json\/wp\/v2\/posts\/16749\/revisions"}],"wp:featuredmedia":[{"embeddable":true,"href":"https:\/\/redsemlac.com\/semmexico\/wp-json\/wp\/v2\/media\/16750"}],"wp:attachment":[{"href":"https:\/\/redsemlac.com\/semmexico\/wp-json\/wp\/v2\/media?parent=16749"}],"wp:term":[{"taxonomy":"category","embeddable":true,"href":"https:\/\/redsemlac.com\/semmexico\/wp-json\/wp\/v2\/categories?post=16749"},{"taxonomy":"post_tag","embeddable":true,"href":"https:\/\/redsemlac.com\/semmexico\/wp-json\/wp\/v2\/tags?post=16749"}],"curies":[{"name":"wp","href":"https:\/\/api.w.org\/{rel}","templated":true}]}}