{"id":16747,"date":"2020-02-13T18:22:52","date_gmt":"2020-02-13T18:22:52","guid":{"rendered":"https:\/\/redsemlac.com\/semmexico\/?p=16747"},"modified":"2023-07-21T15:20:16","modified_gmt":"2023-07-21T20:20:16","slug":"opinion-331","status":"publish","type":"post","link":"https:\/\/redsemlac.com\/semmexico\/opinion-331\/","title":{"rendered":"Entresemana"},"content":{"rendered":"\n<h2 class=\"wp-block-heading\">\u00bf\u00bbSemillaGate\u00bb, impunidad en la Secretar\u00eda de Agricultura?<\/h2>\n\n\n\n<p class=\"wp-block-paragraph\"><strong>* \u00bfQui\u00e9n ocult\u00f3 la informaci\u00f3n de este caso al licenciado L\u00f3pez Obrador?\nEl mejor informado del pa\u00eds<\/strong><\/p>\n\n\n\n<p class=\"wp-block-paragraph\"><strong>Mois\u00e9s S\u00e1nchez Lim\u00f3n<\/strong><\/p>\n\n\n\n<p class=\"wp-block-paragraph\">SemM\u00e9xico, 13 de febrero 2020.-El licenciado L\u00f3pez\nObrador ha presumido que a los integrantes de su equipo los invit\u00f3 a colaborar\npor honestos; incluso, dice que para \u00e9l m\u00e1s que la experiencia o la capacidad\nprofesional, le interesa la honestidad.<\/p>\n\n\n\n<p class=\"wp-block-paragraph\">Pero\u2026<\/p>\n\n\n\n<p class=\"wp-block-paragraph\">En la ma\u00f1anera del martes \u00faltimo, Andr\u00e9s Manuel\nL\u00f3pez Obrador pec\u00f3 de ingenuo, por citar un eufemismo, frente a un esc\u00e1ndalo de\ncorrupci\u00f3n \u2013SemillaGate\u201d&#8211; que casualmente en la Secretar\u00eda de la Funci\u00f3n\nP\u00fablica y en la Unidad de Inteligencia Financiera, ha pasado desapercibido,\naunque de \u00e9ste se ha dado cuenta desde principios de a\u00f1o, y se fragu\u00f3 en\nfebrero del a\u00f1o pasado.<\/p>\n\n\n\n<p class=\"wp-block-paragraph\">Es un caso que el diario La Raz\u00f3n ha seguido y que\nen este espacio de entresemana se document\u00f3 con cifras, nombres y fechas el\nmartes de la semana pasada. Se trata de un acto en el que, incluso, hay\nelementos de tr\u00e1fico de influencias en el \u00e1mbito del secretario de Agricultura\ny Desarrollo Rural, el doctor V\u00edctor Manuel Villalobos Ar\u00e1mbula, con la\norganizaci\u00f3n Semilleros Mexicanos Unidos, A.C., cuyos directivos fueron\nbeneficiados con la adquisici\u00f3n de semillas h\u00edbridas mejoradas a precios\ninflados.<\/p>\n\n\n\n<p class=\"wp-block-paragraph\">\u00bfQui\u00e9n ocult\u00f3 la informaci\u00f3n de este caso al\nlicenciado L\u00f3pez Obrador? Porque el <strong><em>se\u00f1orpresidente <\/em><\/strong>presumi\u00f3 en alg\u00fan\nmomento de que \u00e9l es el mejor informado del pa\u00eds; elemental, es el jefe del\nEjecutivo y cuenta con los servicios de informaci\u00f3n mejores que los del CISEN,\naunque acota que no se esp\u00eda con fines pol\u00edticos. <\/p>\n\n\n\n<p class=\"wp-block-paragraph\">Por ello, Antonio L\u00f3pez, reportero del diario La\nRaz\u00f3n, pregunt\u00f3 al licenciado Andr\u00e9s Manuel respecto de este caso del que\nretomar\u00e9 las partes fundamentales del, digamos, \u201cSemillaGate\u201d. <\/p>\n\n\n\n<p class=\"wp-block-paragraph\">&#8211;\u00bfUsted ten\u00eda conocimiento?\u2014pregunt\u00f3 el colega\nAntonio L\u00f3pez al <strong><em>se\u00f1orpresidente<\/em><\/strong><em>.<\/em><\/p>\n\n\n\n<p class=\"wp-block-paragraph\"><strong>&#8212;<\/strong>No, no\nten\u00eda conocimiento. Pero adem\u00e1s hay una realidad: todav\u00eda se nos quedaron -y\nesto aqu\u00ed aprovecho para decirlo- servidores p\u00fablicos del pasado,\nmalacostumbrados, y hemos empezado a acabar con la corrupci\u00f3n de arriba para\nabajo, como se barren las escaleras.<\/p>\n\n\n\n<p class=\"wp-block-paragraph\">Pero todav\u00eda hay quienes no entienden \u2013prosigui\u00f3&#8211;.\nY si se cometen actos de corrupci\u00f3n como compras de ma\u00edz, como lo est\u00e1s\nplanteando, a precios por encima de su valor real, eso es corrupci\u00f3n y el que\nhaya hecho eso y se prueba, se va a la c\u00e1rcel\u2014respondi\u00f3 el <strong><em>se\u00f1orpresidente <\/em><\/strong>con esa\nrecurrente mec\u00e1nica de la autodefensa y el s\u00edndrome del retrovisor<\/p>\n\n\n\n<p class=\"wp-block-paragraph\"><strong>&#8212;<\/strong>Nada m\u00e1s,\npresidente, \u00bfJorge Gage renunci\u00f3?, \u00bffue despedido de su cargo? \u2014<\/p>\n\n\n\n<p class=\"wp-block-paragraph\">plante\u00f3 el reportero en alusi\u00f3n a quien fuera\ndirector general de Productividad y Desarrollo Tecnol\u00f3gico de la Secretar\u00eda de\nAgricultura y Desarrollo Rural.<\/p>\n\n\n\n<p class=\"wp-block-paragraph\"><strong>&#8212;<\/strong>No s\u00e9, pero\nya vamos a tener toda la informaci\u00f3n porque va a venir aqu\u00ed a informar la\nsecretaria de la Funci\u00f3n P\u00fablica.<\/p>\n\n\n\n<p class=\"wp-block-paragraph\">\u00bfNo le inform\u00f3 del caso el doctor Villalobos\nAr\u00e1mbula? Porque \u00e9l inform\u00f3 a comisarios ejidales y comunales del estado de\nGuerrero, que Jorge Gage Francois hab\u00eda sido removido de la Direcci\u00f3n General\nde Productividad y Desarrollo Tecnol\u00f3gico de la SADER, por su presunta\nresponsabilidad de esa situaci\u00f3n que devino en crisis para el campo\nguerrerense.<\/p>\n\n\n\n<p class=\"wp-block-paragraph\"><strong>Por ello, el reportero Antonio L\u00f3pez inquiri\u00f3 a\nL\u00f3pez Obrador <\/strong>si tambi\u00e9n se podr\u00eda\ncomprometer a invitar al Villalobos Ar\u00e1mbula \u201ctoda vez que hemos buscado\nentrevistas con \u00e9l\u201d, adujo.<\/p>\n\n\n\n<p class=\"wp-block-paragraph\"><strong>&#8212;<\/strong>Tambi\u00e9n,\npero abre una investigaci\u00f3n desde ahora con los datos que ustedes tienen, que\nnos ayudan mucho; que ese es el prop\u00f3sito, por eso estas conferencias, nos\nayudan mucho para que se ventile todo, que nada se oculte.<\/p>\n\n\n\n<p class=\"wp-block-paragraph\">Y el colega le record\u00f3 que 27 mil bultos de\nsemillas de ma\u00edz, adquiridos por la SADER fueron comprados por 378 millones de\npesos, a un sobreprecio se compraron 34 mil costales a mil 250 pesos cada\ncostal, toda vez que el valor comercial de estos costales es de 500 pesos.<\/p>\n\n\n\n<p class=\"wp-block-paragraph\">Pero tambi\u00e9n m\u00e1s de 932 toneladas fueron\nalmacenadas durante cuatro meses en bodegas y nunca se repartieron a los\nproductores, pese a que a Gage Francois le pidi\u00f3 el ingeniero Miguel Carrillo\nVillarreal, director de Planeaci\u00f3n, Precios de Garant\u00eda y Est\u00edmulos que los\nreiteraran con car\u00e1cter urgente. <\/p>\n\n\n\n<p class=\"wp-block-paragraph\"><strong>\u00bfQu\u00e9 pasa\ncon el combate a la corrupci\u00f3n? \u00bfHay manga ancha en la Secretar\u00eda de\nAgricultura y Desarrollo Rural?, se pregunt\u00f3 en este espacio. D\u00e9jeme le <\/strong>refiero lo citado el martes 4 de este mes. A saber<strong><\/strong><\/p>\n\n\n\n<p class=\"wp-block-paragraph\">Hay corrupci\u00f3n documentada en el \u00e1mbito de la\nSecretar\u00eda de Agricultura y Desarrollo Rural (SADER), cuyo responsable V\u00edctor\nManuel Villalobos Ar\u00e1mbula presumi\u00f3 enterrar\u00eda la herencia de fasto y excesos\nde Jos\u00e9 Calzada Rovirosa que el tamaulipeco Baltazar Hinojosa Ochoa no pudo\nabatir como \u00faltimo jerarca en la Sagarpa.<\/p>\n\n\n\n<p class=\"wp-block-paragraph\">\u00bfRecuerda usted el esc\u00e1ndalo por el atraso en la\nentrega de fertilizante y fallas en la distribuci\u00f3n de semilla de ma\u00edz, incluso\ncon gorgojo que se reparti\u00f3 entre productores del estado de Guerrero? De\nacuerdo con organizaciones de comisariados ejidales y Comunales de aquella\nentidad, citados en una nota informativa de Sergio Ram\u00edrez, reportero del\ndiario La Raz\u00f3n, Villalobos Ar\u00e1mbula les inform\u00f3 que Jorge Gage Francois hab\u00eda\nsido removido de la Direcci\u00f3n General de Productividad y Desarrollo Tecnol\u00f3gico\nde la SADER, por su presunta responsabilidad de esa situaci\u00f3n que devino en\ncrisis para el campo guerrerense.<\/p>\n\n\n\n<p class=\"wp-block-paragraph\"><strong>PERO GAGE FRANCOIS<\/strong> es una pantalla de\nlo que realmente ocurre en la SADER, donde hay evidencias de corrupci\u00f3n galopante\nque contradice al \u00e1nimo justiciero de la 4T e indican que <strong>el ingeniero V\u00edctor Su\u00e1rez Carrera, subsecretario de Autosuficiencia\nAlimentaria<\/strong>, como un solo hombre decide qui\u00e9n y cu\u00e1nto vende a la\nSecretar\u00eda de Agricultura y Desarrollo Rural semillas h\u00edbridas \u201cde calidad y a\nbajos precios utilizando la red de tiendas a cargo de Segalmex\u201d, lo que incluso\npropuso al presidente L\u00f3pez Obrador en un acto celebrado el 8 de febrero del\na\u00f1o pasado, en un acto en Huetamo, Michoac\u00e1n.<\/p>\n\n\n\n<p class=\"wp-block-paragraph\">Documentos oficiales, uno de ellos bajo el n\u00famero\nGER\/003\/2019 de la organizaci\u00f3n Semilleros Mexicanos Unidos A.C., refiere c\u00f3mo\nSu\u00e1rez Carrera incluso benefici\u00f3 con compras poco usuales y cantidades de\nsemillas dif\u00edciles de producir, a empresas de dos de los principales directivos\nde la referida organizaci\u00f3n, a precios inflados, seg\u00fan montos registrados en\ndocumentos en poder de <strong><em>entresemana.mx<\/em><\/strong><\/p>\n\n\n\n<p class=\"wp-block-paragraph\">Por ejemplo, a la empresa IYADILPRO SADER le compr\u00f3\n38 mil 796 sacos a un costo de 52 millones 374 mil 600 pesos, una cantidad\nimposible de producir pero que, adem\u00e1s, contrasta con la compra de mil 200\nsacos a la empresa Azteca. Una m\u00e1s, la empresa NOVASEM vendi\u00f3 36 mil 428 sacos\na un costo de 49 millones 177 mil 800 pesos, mientras a NEEKXITA la SADER le\ncompr\u00f3 mil 190 sacos a un costo total de un mill\u00f3n 606 mil 500 pesos.<\/p>\n\n\n\n<p class=\"wp-block-paragraph\">Una tercera empresa beneficiada con la compra de\nsemilla de alta calidad es FITOGEN, que vendi\u00f3 a la SAGARPA 33 mil 942 sacos\ncon un precio total de 45 millones 821 mil 700 pesos. \u00bfQu\u00e9 dir\u00e1 la secretaria\nde la Funci\u00f3n P\u00fablica frente a esta situaci\u00f3n de evidente corte corrupto?<\/p>\n\n\n\n<p class=\"wp-block-paragraph\"><strong>Y el caso Sinaloa, retomo la denuncia de <\/strong>la diputada\nfederal por el Partido Revolucionario Institucional, Lourdes Erika S\u00e1nchez\nMart\u00ednez, en la&nbsp;Sesi\u00f3n Ordinaria del mi\u00e9rcoles 5 de febrero. A saber.<\/p>\n\n\n\n<p class=\"wp-block-paragraph\">\u201c(\u2026)&nbsp;A prop\u00f3sito de\nque hoy inicia la ExpoAgro en Sinaloa, y lo que la convertir\u00e1 en un centro\nnacional de agronegocios.&nbsp;No podemos dejar de mencionar el contraste entre\nlo que est\u00e1n haciendo las asociaciones de agricultores por el mejoramiento y el\naprovechamiento de sus cultivos, y el abandono en el que tiene este Gobierno\nfederal al campo mexicano.<\/p>\n\n\n\n<p class=\"wp-block-paragraph\">\u201cHace 10 meses el\nsecretario V\u00edctor Villalobos acord\u00f3 con los agricultores un nuevo ingreso\nobjetivo de 4 mil 150 pesos por tonelada de ma\u00edz. Al d\u00eda de hoy ni se publica y\nmucho menos se paga.<\/p>\n\n\n\n<p class=\"wp-block-paragraph\">\u201cHoy, los agricultores en\nSinaloa est\u00e1n a dos meses de iniciar las trillas de seis millones de toneladas\nde ma\u00edz, y a\u00fan no se sabe a qui\u00e9n le van a vender esas cosechas, ni a cu\u00e1nto se\nles van a pagar.<\/p>\n\n\n\n<p class=\"wp-block-paragraph\">\u201cNo existe presupuesto\npara la comercializaci\u00f3n, por lo tanto ni hay agricultura por contrato, y como\nles acabo de decir, al d\u00eda de hoy, tampoco hay ingresos objetivos.<\/p>\n\n\n\n<p class=\"wp-block-paragraph\">\u201cPara lo cual quiero\naprovechar para hacer un exhorto al gobierno federal y a la Secretar\u00eda de\nAgricultura y Desarrollo Rural, a trav\u00e9s de esta Soberan\u00eda, para que cumplan\ncon su palabra, para que le den certidumbre a los millones de mexicanos y\nmexicanas que trabajan y viven del campo.<\/p>\n\n\n\n<p class=\"wp-block-paragraph\">\u201cTermino, para que\ncumplan con su palabra y que les paguen a los agricultores el ingreso objetivo\nde 4 mil 150 pesos por tonelada\u201d.<\/p>\n\n\n\n<p class=\"wp-block-paragraph\">Reitero que, de lo\nreferido y denunciado en tribuna por la diputada federal Lourdes \u00c9rika S\u00e1nchez\nMart\u00ednez, se pinta sola una hermosa pieza de demagogia del doctor secretario\nV\u00edctor Manuel Villalobos Ar\u00e1mbula, que entra\u00f1a corrupci\u00f3n junto con el\n\u201cSemillaGate\u201d. Y el <strong><em>se\u00f1orpresidente <\/em><\/strong>no estaba enterado. \u00bfHonestos, honestos,\nhonestos? Conste.<\/p>\n\n\n\n<p class=\"wp-block-paragraph\"><strong>COMO ME LO PLATICARON.<\/strong> \u00a1Vayas cambio radical en la\npostura del secretario de Medio Ambiente y Recursos Naturales, V\u00edctor Toledo\nManzur, como defensor de la ecolog\u00eda? En un foro p\u00fablico critic\u00f3 a quienes se\noponen a los mega proyectos de infraestructura del Gobierno Federal; dice que se\nrealizar\u00e1n por encima de cualquier grupo.&nbsp;<\/p>\n\n\n\n<p class=\"wp-block-paragraph\">En el foro Naturaleza,\nDerechos Ind\u00edgenas y Soberan\u00eda Nacional en el Istmo de Tehuantepec, organizado\npor la UNAM, los ambientalistas asistentes esperaban la cr\u00edtica de Toledo a la\ndevastaci\u00f3n ecol\u00f3gica que provocar\u00e1 el corredor trans\u00edstmico en Tehuantepec y\nel Tren Maya, como lo ha hecho, pero salieron rega\u00f1ados.<\/p>\n\n\n\n<p class=\"wp-block-paragraph\">Toledo sostuvo que fue\nleg\u00edtima la consulta acerca del Tren Maya. Y desat\u00f3 una carcajada de los\nasistentes, la mayor\u00eda especialistas en ecolog\u00eda y defensores de la naturaleza.\nToledo se enoj\u00f3 y pidi\u00f3 act\u00faen con madurez.<\/p>\n\n\n\n<p class=\"wp-block-paragraph\">Pretendi\u00f3 una\nexplicaci\u00f3n, pero soberanamente encabronado abandon\u00f3 el acto celebrado en el\nColegio de San Ildefonso, donde todas las posturas fueron contra el corredor\ntrans\u00edstmico. Digo.<\/p>\n\n\n\n<p class=\"wp-block-paragraph\"><a href=\"mailto:sanchezlimon@gmail.com\">sanchezlimon@gmail.com<\/a><\/p>\n\n\n\n<p class=\"wp-block-paragraph\"><a href=\"http:\/\/www.entresemana.mx\">www.entresemana.mx<\/a><\/p>\n\n\n\n<p class=\"wp-block-paragraph\">@msanchezlimon<\/p>\n","protected":false},"excerpt":{"rendered":"<p>\u00bf\u00bbSemillaGate\u00bb, impunidad en la Secretar\u00eda de Agricultura?<\/p>\n","protected":false},"author":3,"featured_media":15805,"comment_status":"open","ping_status":"open","sticky":false,"template":"","format":"standard","meta":{"_monsterinsights_skip_tracking":false,"footnotes":""},"categories":[691,105,83],"tags":[],"class_list":["post-16747","post","type-post","status-publish","format-standard","has-post-thumbnail","category-691","category-entresemana","category-moises-sanchez-limon"],"_links":{"self":[{"href":"https:\/\/redsemlac.com\/semmexico\/wp-json\/wp\/v2\/posts\/16747","targetHints":{"allow":["GET"]}}],"collection":[{"href":"https:\/\/redsemlac.com\/semmexico\/wp-json\/wp\/v2\/posts"}],"about":[{"href":"https:\/\/redsemlac.com\/semmexico\/wp-json\/wp\/v2\/types\/post"}],"author":[{"embeddable":true,"href":"https:\/\/redsemlac.com\/semmexico\/wp-json\/wp\/v2\/users\/3"}],"replies":[{"embeddable":true,"href":"https:\/\/redsemlac.com\/semmexico\/wp-json\/wp\/v2\/comments?post=16747"}],"version-history":[{"count":0,"href":"https:\/\/redsemlac.com\/semmexico\/wp-json\/wp\/v2\/posts\/16747\/revisions"}],"wp:featuredmedia":[{"embeddable":true,"href":"https:\/\/redsemlac.com\/semmexico\/wp-json\/wp\/v2\/media\/15805"}],"wp:attachment":[{"href":"https:\/\/redsemlac.com\/semmexico\/wp-json\/wp\/v2\/media?parent=16747"}],"wp:term":[{"taxonomy":"category","embeddable":true,"href":"https:\/\/redsemlac.com\/semmexico\/wp-json\/wp\/v2\/categories?post=16747"},{"taxonomy":"post_tag","embeddable":true,"href":"https:\/\/redsemlac.com\/semmexico\/wp-json\/wp\/v2\/tags?post=16747"}],"curies":[{"name":"wp","href":"https:\/\/api.w.org\/{rel}","templated":true}]}}