{"id":16744,"date":"2020-02-13T18:18:33","date_gmt":"2020-02-13T18:18:33","guid":{"rendered":"https:\/\/redsemlac.com\/semmexico\/?p=16744"},"modified":"2023-07-21T15:20:16","modified_gmt":"2023-07-21T20:20:16","slug":"opinion-330","status":"publish","type":"post","link":"https:\/\/redsemlac.com\/semmexico\/opinion-330\/","title":{"rendered":"R\u00e1faga"},"content":{"rendered":"\n<h2 class=\"wp-block-heading\"> La UNAM hace 50 a\u00f1os, con Pablo Gonz\u00e1lez Casanova <\/h2>\n\n\n\n<p class=\"wp-block-paragraph\"><strong>* Pocos universitarios han tenido un desempe\u00f1o tan prolongado<\/strong><\/p>\n\n\n\n<p class=\"wp-block-paragraph\"><strong>Jorge Herrera Valenzuela<\/strong><\/p>\n\n\n\n<p class=\"wp-block-paragraph\">SemM\u00e9xico, 13 de febrero 2020.- Este martes 11 de\nfebrero al cumplir 98 a\u00f1os de edad el toluque\u00f1o Pablo Gonz\u00e1lez Casanova,\nvinieron a mi mente los d\u00edas que se viv\u00edan hace cincuenta a\u00f1os en nuestra\nM\u00e1xima Casa de Estudios, actualmente convulsionada por grupos\nextrauniversitarios que mueven a los estudiantes, encapuchando a mujeres y\nhombres para desestabilizar la vida en la Ciudad Universitaria y en las Prepas.<\/p>\n\n\n\n<p class=\"wp-block-paragraph\">Con el abogado, investigador, historiador y\nsoci\u00f3logo Gonz\u00e1lez Casanova hubo un rectorado que mantuvo en alto el nivel\nacad\u00e9mico, los investigadores de los diferentes Institutos recibieron fuerte\napoyo y la tranquilidad se vio interrumpida al surgir el movimiento\nsindicalista de los empleados y profesores, lo que motiv\u00f3, en diciembre de\n1972, la renuncia del rector por no conciliar con los promotores del sindicato\nliderados por Evaristo P\u00e9rez Arreola.<\/p>\n\n\n\n<p class=\"wp-block-paragraph\">En aquellos d\u00edas el doctor Gonz\u00e1lez Casanova ya\nten\u00eda en su curriculum muchos cargos acad\u00e9micos y administrativos dentro de la\nUNAM, entre ellos ocho a\u00f1os como tercer director de la Escuela Nacional de\nCiencias Pol\u00edticas y Sociales, fundada en 1951. Durante su breve per\u00edodo de\nrector, entre abril de 1970 y diciembre de 1972, se crea el Colegio de Ciencias\ny Humanidades, los CCH que resolver\u00e1n un problema para los estudiantes que deseaban\nprepararse para ser profesionistas.<\/p>\n\n\n\n<p class=\"wp-block-paragraph\">Pocos universitarios han tenido un desempe\u00f1o tan\nprolongado en las diferentes instituciones de la UNAM y el tambi\u00e9n escritor Gonz\u00e1lez\nCasanova es el \u00fanico que ostenta dos nombramientos especiales: profesor em\u00e9rito\ne investigador em\u00e9rito. Entre los diversos organismos que \u00e9l promovi\u00f3 est\u00e1 el reconocido\ninternacionalmente Centro de Investigaciones Interdisciplinarias en Humanidades,\nque dada su relevancia acad\u00e9mica fue ampliado a Ciencias y Humanidades. Su obra\nliteraria sobre diversos temas de humanidades, jur\u00eddicos y sociol\u00f3gicos es muy\namplia y es indispensable consultarlas.<\/p>\n\n\n\n<p class=\"wp-block-paragraph\">El pr\u00f3ximo 30 de abril se cumplir\u00e1n 50 a\u00f1os de que\nel soci\u00f3logo Gonz\u00e1lez Casanova asumi\u00f3 la Rector\u00eda de la Universidad Nacional\nAut\u00f3noma de M\u00e9xico y recuerdo que el ambiente estudiantil no sufr\u00eda las\nalteraciones que hemos vivimos en los \u00faltimos meses, las demandas estudiantiles\neran atendidas en las propias escuelas o facultades. Uno de los colaboradores\ndel rector lo fue el abogado veracruzano Gustavo Carvajal Moreno,\nresponsabilizado de prensa y relaciones p\u00fablicas y quien tramit\u00f3 mi reingreso a\nla Facultad de Derecho para reiniciar mis estudios como miembro de la\nGeneraci\u00f3n 1956 de Abogados.<\/p>\n\n\n\n<p class=\"wp-block-paragraph\">Este breve comentario es para recordar a uno de los\nrectores universitarios que, aunque corto su mandato, le imprimi\u00f3 una imagen\npositiva a nuestra M\u00e1xima Casa de Estudios y jam\u00e1s dej\u00f3 de manifestarse como un\nhombre de ideas revolucionarias, de los que han defendido apasionadamente al\ncastrismo y a la causa del Ej\u00e9rcito Zapatista de Liberaci\u00f3n Nacional, que el 21\nde abril de 2018 lo nombr\u00f3 Comandante Pablo Contreras del Comit\u00e9 Clandestino\nRevolucionario Ind\u00edgena-Comandancia General del EZLN.<\/p>\n\n\n\n<p class=\"wp-block-paragraph\">Como \u201cbreviario cultural\u201d agregar\u00e9 que algunos de\nlos personajes que cito a continuaci\u00f3n fueron alumnos de Ciencias Pol\u00edticas y\nSociales cuando el director fue nuestro personaje: de los pol\u00edticos, la\ndiplom\u00e1tica Rosario Green; la multifac\u00e9tica tlaxcalteca Beatriz Paredes Rangel;\nel hoy decano de los pol\u00edticos-pol\u00edticos Augusto G\u00f3mez Villanueva y Hugo Castro\nAranda, actual presidente de la muy respetable Sociedad Mexicana de Geograf\u00eda y\nEstad\u00edstica. <\/p>\n\n\n\n<p class=\"wp-block-paragraph\">Del gremio period\u00edstico anote a: Miguel \u00c1ngel Rivera\nPaz, columnista pol\u00edtico y director general de un diario digital; el decano de\nlos reporteros especializados en turismo, Aurelio Garc\u00eda Oliveros; la pol\u00e9mica\ne influyente Carmen Arist\u00e9gui, el inquieto Javier Sol\u00f3rzano; la directora del\ndiario La Jornada, Carmen Lira Saade. No puede faltar en esta minilista mi\nfraternal colega Armando Rojas Ar\u00e9valo, uno de los prestigiados catedr\u00e1ticos de\nese plantel. <\/p>\n\n\n\n<p class=\"wp-block-paragraph\">Y, \u00bfqu\u00e9 creen?, tambi\u00e9n fueron alumnos de la hoy\nFacultad de Ciencias Pol\u00edticas y Sociales, la hermosa Ver\u00f3nica Castro, el\ncircunspecto Enrique \u00c1lvarez F\u00e9lix, hijo de La Do\u00f1a, y el actor Ren\u00e9 Casados,\nahora comentarista en el noticiero televisivo de Joaqu\u00edn L\u00f3pez D\u00f3riga.<\/p>\n\n\n\n<p class=\"wp-block-paragraph\"><strong>jherrerav@live.com.mx<\/strong> <\/p>\n","protected":false},"excerpt":{"rendered":"<p>La UNAM hace 50 a\u00f1os, con Pablo Gonz\u00e1lez Casanova<\/p>\n","protected":false},"author":3,"featured_media":16745,"comment_status":"open","ping_status":"open","sticky":false,"template":"","format":"standard","meta":{"_monsterinsights_skip_tracking":false,"footnotes":""},"categories":[691,94,107],"tags":[],"class_list":["post-16744","post","type-post","status-publish","format-standard","has-post-thumbnail","category-691","category-jorge-herrera-valenzuela","category-rafaga"],"_links":{"self":[{"href":"https:\/\/redsemlac.com\/semmexico\/wp-json\/wp\/v2\/posts\/16744","targetHints":{"allow":["GET"]}}],"collection":[{"href":"https:\/\/redsemlac.com\/semmexico\/wp-json\/wp\/v2\/posts"}],"about":[{"href":"https:\/\/redsemlac.com\/semmexico\/wp-json\/wp\/v2\/types\/post"}],"author":[{"embeddable":true,"href":"https:\/\/redsemlac.com\/semmexico\/wp-json\/wp\/v2\/users\/3"}],"replies":[{"embeddable":true,"href":"https:\/\/redsemlac.com\/semmexico\/wp-json\/wp\/v2\/comments?post=16744"}],"version-history":[{"count":0,"href":"https:\/\/redsemlac.com\/semmexico\/wp-json\/wp\/v2\/posts\/16744\/revisions"}],"wp:featuredmedia":[{"embeddable":true,"href":"https:\/\/redsemlac.com\/semmexico\/wp-json\/wp\/v2\/media\/16745"}],"wp:attachment":[{"href":"https:\/\/redsemlac.com\/semmexico\/wp-json\/wp\/v2\/media?parent=16744"}],"wp:term":[{"taxonomy":"category","embeddable":true,"href":"https:\/\/redsemlac.com\/semmexico\/wp-json\/wp\/v2\/categories?post=16744"},{"taxonomy":"post_tag","embeddable":true,"href":"https:\/\/redsemlac.com\/semmexico\/wp-json\/wp\/v2\/tags?post=16744"}],"curies":[{"name":"wp","href":"https:\/\/api.w.org\/{rel}","templated":true}]}}