{"id":16525,"date":"2020-02-10T16:13:29","date_gmt":"2020-02-10T16:13:29","guid":{"rendered":"https:\/\/redsemlac.com\/semmexico\/?p=16525"},"modified":"2023-07-21T15:19:50","modified_gmt":"2023-07-21T20:19:50","slug":"fuera-de-la-agenda-del-gobierno-federal-la-ninez-y-adolescencia","status":"publish","type":"post","link":"https:\/\/redsemlac.com\/semmexico\/fuera-de-la-agenda-del-gobierno-federal-la-ninez-y-adolescencia\/","title":{"rendered":"Fuera de la agenda del gobierno federal la ni\u00f1ez y adolescencia"},"content":{"rendered":"\n<ul class=\"wp-block-list\"><li><strong>Menos presupuesto a programas educativos, las\nprimeras afectadas son las mujeres<\/strong><\/li><li><strong>A\u00fan no se designa al Procurador Federal de\nProtecci\u00f3n de Ni\u00f1as, Ni\u00f1os y Adolescentes<\/strong><\/li><\/ul>\n\n\n\n<p class=\"wp-block-paragraph\"><strong>Elda Montiel <\/strong><\/p>\n\n\n\n<p class=\"wp-block-paragraph\">SemM\u00e9xico, Cd. de M\u00e9xico, 10 de febrero 2020.- La\ndiputada priista Ana Lilia Herrera Anzaldo lament\u00f3 que la reducci\u00f3n de recursos\nal programa Escuelas de Tiempo Completo, que apoyaba a madres trabajadoras,\nadem\u00e1s de quitar presupuesto a las estancias infantiles, deja sin protecci\u00f3n a\nlas ni\u00f1as y los ni\u00f1os, que est\u00e1 visto no forman parte de la agenda pol\u00edtica de\nla actual administraci\u00f3n como s\u00ed los j\u00f3venes, adem\u00e1s de mostrar la reducci\u00f3n de\nrecursos en diversos programas educativos.<\/p>\n\n\n\n<p class=\"wp-block-paragraph\">Reclam\u00f3 en\u00e9rgicamente que estas acciones se terminen\nde un plumazo, lo que ha provocado que los Sistemas DIF estatales se conviertan\nen la \u00fanica puerta que pueden tocar los menores.<\/p>\n\n\n\n<p class=\"wp-block-paragraph\">Dijo que el gobierno mexicano no se toma en cuenta\nque la poblaci\u00f3n infantil de 5 a 17 a\u00f1os de edad ascendi\u00f3 a 29.3 millones, de\nacuerdo a los datos del Instituto Nacional de Estad\u00edstica y Geograf\u00eda (INEGI)\nal 2017. <\/p>\n\n\n\n<p class=\"wp-block-paragraph\">De acuerdo al Art\u00edculo 4o, p\u00e1rrafo noveno, de la\nConstituci\u00f3n Pol\u00edtica el principio de inter\u00e9s superior deber\u00e1 guiar el dise\u00f1o,\nejecuci\u00f3n, seguimiento y evaluaci\u00f3n de las pol\u00edticas p\u00fablicas dirigidas a la\nni\u00f1ez y sostuvo que se necesita destinar recursos para garantizar la primera\ninversi\u00f3n del pa\u00eds que es la infancia.<\/p>\n\n\n\n<p class=\"wp-block-paragraph\">Es necesario que se incluyan en las prioridades de\nla administraci\u00f3n p\u00fablica, los derechos de las ni\u00f1as y los ni\u00f1os, que se\ndestine presupuesto para poder garantizarles una mejor calidad de vida a trav\u00e9s\nde la implementaci\u00f3n de pol\u00edticas p\u00fablicas eficientes y responsables. De no\nhacerlo, se continuar\u00e1 vulnerando sus derechos a trav\u00e9s de las reducciones\npresupuestales sin sustento.<\/p>\n\n\n\n<p class=\"wp-block-paragraph\">Como ejemplo, mencion\u00f3 el caso de los permisos\nlaborales para los padres y madres de ni\u00f1os que tienen c\u00e1ncer, la minuta est\u00e1\nde vuelta al Senado para una modificaci\u00f3n de forma, despu\u00e9s de que se discuti\u00f3\nampliamente en la C\u00e1mara de Diputados, pero no fuera el tren Maya -porque\nentonces- se ir\u00eda en directo\u201d.<\/p>\n\n\n\n<p class=\"wp-block-paragraph\">Durante el Foro \u201cLos Derechos Humanos de las Mujeres\nfrente al 2020\u201d que se realiz\u00f3 en el 4\u00ba Aniversario de la organizaci\u00f3n Las\nConstituyentes Feministas CDMX, la diputada se\u00f1al\u00f3 que las distintas\nreducciones a los programas de educaci\u00f3n tambi\u00e9n afectan a las mujeres. <\/p>\n\n\n\n<p class=\"wp-block-paragraph\">La tambi\u00e9n ex titular de la Secretar\u00eda de Educaci\u00f3n\nen el Estado de M\u00e9xico, se\u00f1al\u00f3 que hay grandes retrocesos y cit\u00f3 que en 2014 se\naprob\u00f3 la Ley General de los Derechos de Ni\u00f1as, Ni\u00f1os y Adolescentes, en el\n2015 se cre\u00f3 el Sistema Nacional de Protecci\u00f3n Integral de Ni\u00f1as, Ni\u00f1os y\nAdolescentes (SIPINNA). Desde el 2014 y hasta el 2018, por Ley, se\nestablecieron las Procuradur\u00edas de Protecci\u00f3n de ni\u00f1as, ni\u00f1os y adolescentes (1\nFederal y 32 locales \u2013una por cada entidad-), sin embargo, desde el inicio del\npresente sexenio, la Procuradur\u00eda Federal no cuenta con un titular.<\/p>\n\n\n\n<p class=\"wp-block-paragraph\">El nombramiento de Procurador Federal de Protecci\u00f3n\nde Ni\u00f1as, Ni\u00f1os y Adolescentes deber\u00e1 ser aprobado por la Junta de Gobierno del\nSistema Nacional DIF, a propuesta de su Titular.<\/p>\n\n\n\n<p class=\"wp-block-paragraph\"><strong>M\u00e1s reducciones presupuestales que aumentos<\/strong><\/p>\n\n\n\n<p class=\"wp-block-paragraph\">Present\u00f3 un cuadro acerca de c\u00f3mo se distribuy\u00f3 el Presupuesto\nde Egresos de la Federaci\u00f3n para el ejercicio fiscal 2020, que en comparaci\u00f3n\ncon el PEF 2019, revela que, si bien contempla aumentos, son m\u00e1s las\nreducciones a favor de la protecci\u00f3n de las infancias. <\/p>\n\n\n\n<p class=\"wp-block-paragraph\">Como ejemplo se\u00f1al\u00f3 que el Anexo 18: Recursos para\nla atenci\u00f3n de Ni\u00f1as, Ni\u00f1os y Adolescentes, hubo un aumento de dos mil 545\nmillones 675 mil 291 pesos. En comparaci\u00f3n con el PEF 2019, y en el Ramo 04,\nGobernaci\u00f3n, el aumento para el PEF 2020 es de nueve millones 758 mil 486 pesos.<\/p>\n\n\n\n<p class=\"wp-block-paragraph\">Sin embargo, los programas Atenci\u00f3n a refugiados en\nel pa\u00eds, Promover la Protecci\u00f3n de los Derechos Humanos y Prevenir la\nDiscriminaci\u00f3n, sufrieron una disminuci\u00f3n de m\u00e1s de 378 mil pesos y seis\nmillones, 118 mil 646 pesos, respectivamente.<\/p>\n\n\n\n<p class=\"wp-block-paragraph\">En el Ramo 11, Educaci\u00f3n P\u00fablica aument\u00f3 el\npresupuesto de 338 millones 251 mil 265 pesos. No as\u00ed en diversos programas: como\nel de Educaci\u00f3n Inicial y B\u00e1sica Comunitaria, cuya reducci\u00f3n es superior a los\ncinco mil millones de pesos.<\/p>\n\n\n\n<p class=\"wp-block-paragraph\">El de Escuelas de Tiempo Completo contar\u00e1 con menos\ncinco mil millones de pesos; en el programa Evaluaciones de la Calidad de la Educaci\u00f3n,\nla reducci\u00f3n fue de casi 70 millones de pesos.<\/p>\n\n\n\n<p class=\"wp-block-paragraph\">En Investigaci\u00f3n Cient\u00edfica y Desarrollo Tecnol\u00f3gico\nla reducci\u00f3n es de 1.5 millones de pesos.<\/p>\n\n\n\n<p class=\"wp-block-paragraph\">El programa Pol\u00edticas de Igualdad de G\u00e9nero en el\nsector educativo tambi\u00e9n fue alcanzado por los recortes que superan el mill\u00f3n\nde pesos.<\/p>\n\n\n\n<p class=\"wp-block-paragraph\">El otro programa relacionado con pol\u00edticas p\u00fablicas\npara la igualdad de g\u00e9nero que fue afectado es el Programa para la Inclusi\u00f3n y\nla Equidad Educativa, que este a\u00f1o contar\u00e1 con 251 millones 500 mil 205 pesos.<\/p>\n\n\n\n<p class=\"wp-block-paragraph\">En el Ramo 12, Salud tambi\u00e9n tiene una notoria\nreducci\u00f3n de mil 710 millones 566 mil 571 pesos, lo que afect\u00f3 programas como\nel de Estancias Infantiles para apoyar a madres trabajadoras, donde no se\ncontar\u00e1 con m\u00e1s con 223 millones de pesos.<\/p>\n\n\n\n<p class=\"wp-block-paragraph\">As\u00ed como el programa de Protecci\u00f3n y Restituci\u00f3n de\nlos Derechos de las ni\u00f1as, ni\u00f1os y adolescentes donde la reducci\u00f3n es de casi\ncinco millones de pesos.<\/p>\n\n\n\n<p class=\"wp-block-paragraph\">\u201cSalud materna, sexual y reproductiva\u201d sufri\u00f3 un\nrecorte de m\u00e1s de siete millones de pesos. En el mismo ramo, el Seguro M\u00e9dico\nSiglo XXI no contar\u00e1 este a\u00f1o con m\u00e1s de 189 millones de pesos que fueron\nrecortados en el presupuesto para el presente ejercicio fiscal. <\/p>\n\n\n\n<p class=\"wp-block-paragraph\">Por lo que se refiere al ramo 14, Trabajo y\nPrevisi\u00f3n Social, la reducci\u00f3n de recursos es de casi tres millones de pesos,\nen tanto que el Ramo 20 Bienestar, contar\u00e1 con 17 mil 530 millones menos para\nel 2020 y en el Ramo 48 Cultura, habr\u00e1 m\u00e1s de 26 millones de pesos menos.<\/p>\n\n\n\n<p class=\"wp-block-paragraph\">SEM\/em\/sj<\/p>\n","protected":false},"excerpt":{"rendered":"<p>A\u00fan no se designa al Procurador Federal de Protecci\u00f3n de Ni\u00f1as, Ni\u00f1os y Adolescentes<\/p>\n","protected":false},"author":3,"featured_media":16484,"comment_status":"open","ping_status":"open","sticky":false,"template":"","format":"standard","meta":{"_monsterinsights_skip_tracking":false,"footnotes":""},"categories":[691,54],"tags":[],"class_list":["post-16525","post","type-post","status-publish","format-standard","has-post-thumbnail","category-691","category-mujeres"],"_links":{"self":[{"href":"https:\/\/redsemlac.com\/semmexico\/wp-json\/wp\/v2\/posts\/16525","targetHints":{"allow":["GET"]}}],"collection":[{"href":"https:\/\/redsemlac.com\/semmexico\/wp-json\/wp\/v2\/posts"}],"about":[{"href":"https:\/\/redsemlac.com\/semmexico\/wp-json\/wp\/v2\/types\/post"}],"author":[{"embeddable":true,"href":"https:\/\/redsemlac.com\/semmexico\/wp-json\/wp\/v2\/users\/3"}],"replies":[{"embeddable":true,"href":"https:\/\/redsemlac.com\/semmexico\/wp-json\/wp\/v2\/comments?post=16525"}],"version-history":[{"count":0,"href":"https:\/\/redsemlac.com\/semmexico\/wp-json\/wp\/v2\/posts\/16525\/revisions"}],"wp:featuredmedia":[{"embeddable":true,"href":"https:\/\/redsemlac.com\/semmexico\/wp-json\/wp\/v2\/media\/16484"}],"wp:attachment":[{"href":"https:\/\/redsemlac.com\/semmexico\/wp-json\/wp\/v2\/media?parent=16525"}],"wp:term":[{"taxonomy":"category","embeddable":true,"href":"https:\/\/redsemlac.com\/semmexico\/wp-json\/wp\/v2\/categories?post=16525"},{"taxonomy":"post_tag","embeddable":true,"href":"https:\/\/redsemlac.com\/semmexico\/wp-json\/wp\/v2\/tags?post=16525"}],"curies":[{"name":"wp","href":"https:\/\/api.w.org\/{rel}","templated":true}]}}