{"id":16522,"date":"2020-02-10T16:07:55","date_gmt":"2020-02-10T16:07:55","guid":{"rendered":"https:\/\/redsemlac.com\/semmexico\/?p=16522"},"modified":"2023-07-21T15:19:51","modified_gmt":"2023-07-21T20:19:51","slug":"no-quieren-a-las-mujeres-en-la-politica-por-eso-se-les-violenta","status":"publish","type":"post","link":"https:\/\/redsemlac.com\/semmexico\/no-quieren-a-las-mujeres-en-la-politica-por-eso-se-les-violenta\/","title":{"rendered":"No quieren a las mujeres en la pol\u00edtica, por eso se les violenta"},"content":{"rendered":"\n<ul class=\"wp-block-list\"><li><strong>A m\u00e1s presencia de mujeres en la toma de decisiones\npol\u00edticas y p\u00fablicas, m\u00e1s violencia<\/strong><\/li><li><strong>La violencia inicia antes de ser candidatas, dice\nconsejera del IECM<\/strong><\/li><\/ul>\n\n\n\n<p class=\"wp-block-paragraph\"><strong>Elda Montiel <\/strong><\/p>\n\n\n\n<p class=\"wp-block-paragraph\">SemM\u00e9xico, Cd. de M\u00e9xico, 10 de febrero 2020.- Las\nmujeres en el ejercicio de cargos p\u00fablicos es cuando m\u00e1s violencia pol\u00edtica\nsufren, se\u00f1al\u00f3 Gabriela Williams, consejera del Instituto Electoral de la\nCiudad de M\u00e9xico (IECM), tras reconocer que si bien hay una mayor presencia de\nmujeres en la toma de decisiones de la ciudad esto ha tra\u00eddo como consecuencia mayor\nviolencia y discriminaci\u00f3n por razones de g\u00e9nero. <\/p>\n\n\n\n<p class=\"wp-block-paragraph\">Esta situaci\u00f3n se ha documentado por el Instituto\nElectoral de la Ciudad de M\u00e9xico, por lo que destac\u00f3 que ser mujer en pol\u00edtica\nimplica desafiar una serie de obst\u00e1culos y resistencias, incluso, desde antes\nde tomar la decisi\u00f3n para contender.<\/p>\n\n\n\n<p class=\"wp-block-paragraph\">Consider\u00f3 necesario enfatizar: \u201cC\u00f3mo viven las\nmujeres, en cada uno de los momentos de su trayectoria pol\u00edtica\u201d para\nfortalecer los mecanismos y acciones institucionales para su prevenci\u00f3n,\natenci\u00f3n, sanci\u00f3n y erradicaci\u00f3n.<\/p>\n\n\n\n<p class=\"wp-block-paragraph\">En su participaci\u00f3n en el Foro \u201cLos Derechos Humanos\nde las mujeres frente al 2020\u201d, en el marco del 4\u00ba. Aniversario de las\nConstituyentes Feministas CDMX en el Palacio Legislativo de San L\u00e1zaro, destac\u00f3\nque estas expresiones de violencia se han visibilizado a ra\u00edz de las acciones\nafirmativas, como el incremento de las cuotas y m\u00e1s cuando se reconoci\u00f3 la Paridad\ncomo un principio constitucional. <\/p>\n\n\n\n<p class=\"wp-block-paragraph\">La consejera dijo que han sido objeto de violencia\npol\u00edtica en raz\u00f3n de g\u00e9nero, presidentas municipales, diputadas y senadoras, y\nexplic\u00f3 que hay sentencias importantes como la de septiembre de 2019 del\nTribunal Electoral del Poder Judicial de la Federaci\u00f3n (<strong>TEPJF<\/strong>) que orden\u00f3 al IECM a dise\u00f1ar un protocolo ante la\nviolencia pol\u00edtica de g\u00e9nero, de la que fue v\u00edctima la excandidata del\nMovimiento de Regeneraci\u00f3n Nacional (<strong>Morena<\/strong><strong>),&nbsp;<\/strong><strong>Mar\u00eda Rojo<\/strong>\ndurante las elecciones para alcalde en 2018 en Coyoac\u00e1n.<\/p>\n\n\n\n<p class=\"wp-block-paragraph\">En tiempos\nelectorales, explic\u00f3, el Protocolo permite identificar si un candidato incurri\u00f3\nen violencia pol\u00edtica de g\u00e9nero y con ello perder el requisito de&nbsp;<strong>honorabilidad<\/strong>que\npide el C\u00f3digo de Instituciones y Procedimientos Electorales de la Ciudad de\nM\u00e9xico para participar en la contienda por un cargo de elecci\u00f3n popular.<\/p>\n\n\n\n<p class=\"wp-block-paragraph\">En este sentido,\nse\u00f1alo que van de la mano con la iniciativa de las Constituyentes Feministas\nCDMX, 3 de 3 contra la violencia,\npara que toda persona que busque ocupar un cargo p\u00fablico por elecci\u00f3n,\ndesignaci\u00f3n o concurso, deba cumplir como requisito obligatorio no ser deudor\nde pensi\u00f3n alimenticia, no ser acosador sexual y no ser agresor por razones de\ng\u00e9nero. <\/p>\n\n\n\n<p class=\"wp-block-paragraph\">La funcionaria del IECM se\u00f1al\u00f3 que la violencia\npol\u00edtica en raz\u00f3n de g\u00e9nero se incrementa a partir de la implementaci\u00f3n de las\ncuotas, es decir, cuando hay una mayor presencia de mujeres en la toma de\ndecisiones p\u00fablicas y agreg\u00f3 que investigaciones, registros y sentencias\nelectorales muestran que, en el ejercicio de cargos p\u00fablicos, las agresiones aumentan.\n<\/p>\n\n\n\n<p class=\"wp-block-paragraph\">Inform\u00f3 que desde los Organismos P\u00fablicos\nElectorales Locales se han dise\u00f1ado e implementado diversas herramientas,\nalgunas de ellas en sinton\u00eda con el Instituto Electoral, el Tribunal Electoral\ndel Poder Judicial de la Federaci\u00f3n, y como ejemplo, mencion\u00f3 la publicaci\u00f3n\ndel Protocolo para Atender la Violencia Pol\u00edtica contra las Mujeres, 2016 y\n2017.<\/p>\n\n\n\n<p class=\"wp-block-paragraph\">Otros son los Observatorios de Participaci\u00f3n\nPol\u00edtica de las Mujeres y la Red de Comunicaci\u00f3n entre las Candidatas a cargos\nde elecci\u00f3n popular u organismos p\u00fablicos locales para prevenir y dar\nseguimiento a casos de violencia pol\u00edtica de g\u00e9nero.&nbsp; <\/p>\n\n\n\n<p class=\"wp-block-paragraph\">Entre los retos para el tratamiento de la violencia\npol\u00edtica contra las mujeres, mencion\u00f3 que es el revisar y ajustar el marco\nnormativo, pues si bien las leyes contemplan sanciones, estas no han podido ser\npuestas en operaci\u00f3n; y asegur\u00f3 que se deben conocer los datos estad\u00edsticos y\ncifras oficiales de violencia, para dimensionar el problema y con ello evaluar\nel alcance de las pol\u00edticas y mecanismos.<\/p>\n\n\n\n<p class=\"wp-block-paragraph\">Tambi\u00e9n se debe estipular de manera espec\u00edfica\ncuales son las expresiones de violencia y discriminaci\u00f3n contra las mujeres que\nconstituyen delito y buscar la capacitaci\u00f3n permanente de las autoridades\ncompetentes.&nbsp;&nbsp;&nbsp;&nbsp;&nbsp;&nbsp;&nbsp; <\/p>\n\n\n\n<p class=\"wp-block-paragraph\">SEM\/em\/sj<\/p>\n","protected":false},"excerpt":{"rendered":"<p>La violencia inicia antes de ser candidatas, dice consejera del IECM<\/p>\n","protected":false},"author":3,"featured_media":16523,"comment_status":"open","ping_status":"open","sticky":false,"template":"","format":"standard","meta":{"_monsterinsights_skip_tracking":false,"footnotes":""},"categories":[691,54],"tags":[],"class_list":["post-16522","post","type-post","status-publish","format-standard","has-post-thumbnail","category-691","category-mujeres"],"_links":{"self":[{"href":"https:\/\/redsemlac.com\/semmexico\/wp-json\/wp\/v2\/posts\/16522","targetHints":{"allow":["GET"]}}],"collection":[{"href":"https:\/\/redsemlac.com\/semmexico\/wp-json\/wp\/v2\/posts"}],"about":[{"href":"https:\/\/redsemlac.com\/semmexico\/wp-json\/wp\/v2\/types\/post"}],"author":[{"embeddable":true,"href":"https:\/\/redsemlac.com\/semmexico\/wp-json\/wp\/v2\/users\/3"}],"replies":[{"embeddable":true,"href":"https:\/\/redsemlac.com\/semmexico\/wp-json\/wp\/v2\/comments?post=16522"}],"version-history":[{"count":0,"href":"https:\/\/redsemlac.com\/semmexico\/wp-json\/wp\/v2\/posts\/16522\/revisions"}],"wp:featuredmedia":[{"embeddable":true,"href":"https:\/\/redsemlac.com\/semmexico\/wp-json\/wp\/v2\/media\/16523"}],"wp:attachment":[{"href":"https:\/\/redsemlac.com\/semmexico\/wp-json\/wp\/v2\/media?parent=16522"}],"wp:term":[{"taxonomy":"category","embeddable":true,"href":"https:\/\/redsemlac.com\/semmexico\/wp-json\/wp\/v2\/categories?post=16522"},{"taxonomy":"post_tag","embeddable":true,"href":"https:\/\/redsemlac.com\/semmexico\/wp-json\/wp\/v2\/tags?post=16522"}],"curies":[{"name":"wp","href":"https:\/\/api.w.org\/{rel}","templated":true}]}}