{"id":16519,"date":"2020-02-10T15:58:09","date_gmt":"2020-02-10T15:58:09","guid":{"rendered":"https:\/\/redsemlac.com\/semmexico\/?p=16519"},"modified":"2023-07-21T15:19:51","modified_gmt":"2023-07-21T20:19:51","slug":"las-feministas-nos-necesitamos-hoy-mas-unidas-y-fuertes-martha-tagle","status":"publish","type":"post","link":"https:\/\/redsemlac.com\/semmexico\/las-feministas-nos-necesitamos-hoy-mas-unidas-y-fuertes-martha-tagle\/","title":{"rendered":"Las feministas nos necesitamos hoy m\u00e1s unidas y fuertes: Martha Tagle"},"content":{"rendered":"\n<p class=\"wp-block-paragraph\"><strong>Elda Montiel <\/strong><\/p>\n\n\n\n<p class=\"wp-block-paragraph\">SemM\u00e9xico.\nCiudad de M\u00e9xico. 10 de febrero 2020.- Un llamado a las feministas, a\nmantenerse unidas y fuertes, a reconocerse en su pluralidad y diferencias, para\nhacer frente a la violencia alarmante que viven las mujeres,&nbsp; hizo la diputada del Movimiento Ciudadano,\nMartha Tagle, tras se\u00f1alar en forma critica que las mujeres hoy d\u00eda a pesar de\nlos avances tienen que luchar por el reconocimiento de sus derechos\nconquistados, sobre todo los pol\u00edticos, ante un Estado que las ignora, y solo\nlas reconoce como madres para que rega\u00f1en a los delincuentes como pol\u00edtica de\nseguridad. <\/p>\n\n\n\n<p class=\"wp-block-paragraph\">En su\nparticipaci\u00f3n en el Foro \u201cLos Derechos Humanos de las Mujeres frente al 2020\u201d, que\ncon motivo del 4\u00ba. Aniversario llevaron a cabo Las Constituyentes CDMX\nfeministas, en el Palacio Legislativo de San L\u00e1zaro, exhorto a las feministas a\nreflexionar sobre su papel, ya que hoy que se tiene un feminismo institucional\nque, a pesar de contar con un Instituto para las Mujeres, un Conavim, varias\nleyes y la mitad del Congreso se logra tan poco. <\/p>\n\n\n\n<p class=\"wp-block-paragraph\">Como ejemplo\nde esta violencia de g\u00e9nero que, dijo afecta a todas, incluso a las mismas\ndiputadas que carecen de licencia de maternidad, cuando hay una embarazada se\nausenta, pero viene su suplente y pierde todos sus derechos de seguridad\nsocial. <\/p>\n\n\n\n<p class=\"wp-block-paragraph\">Se pronunci\u00f3\na favor de la iniciativa de las Constituyentes CDMX de contar con una\nConstituci\u00f3n Violeta, en la que se comprometi\u00f3 a participar. Esta propuesta,\ndijo, nos lleva repensar seriamente en la participaci\u00f3n de las mujeres en el\npacto social y pol\u00edtico que significan las Constituciones.<\/p>\n\n\n\n<p class=\"wp-block-paragraph\">Las mujeres\nno participamos en la Constituci\u00f3n de 1917 y en las modificaciones que hemos\nido logrando, a \u201cduras penas\u201d hemos conseguido derechos que todo el tiempo nos\nhan escatimado, parecen m\u00e1s bien dadivas, y sin embargo apenas hoy estamos a\npunto de alcanzar los derechos pol\u00edticos en n\u00famero, pero no en calidad, porque\nhemos tenido que implementar un mont\u00f3n de mecanismos para que se nos reconozca,\nexpres\u00f3.&nbsp;&nbsp;&nbsp;&nbsp;&nbsp; <\/p>\n\n\n\n<p class=\"wp-block-paragraph\">A las\nfeministas, las exhorto a reflexionar sobre lo que queremos porque la violencia\nde g\u00e9nero cada d\u00eda es m\u00e1s alarmante.&nbsp;\n\u201cHac\u00edamos m\u00e1s cuando ten\u00edamos menos\u201d, desde Beijing hace 25 a\u00f1os,\nm\u00ednimo, las mujeres no hemos parado de proponer, de contribuir. <\/p>\n\n\n\n<p class=\"wp-block-paragraph\">Las convoco a\nhacer esfuerzos de articulaci\u00f3n para sumarnos si bien dijo \u201cen el feminismo hay\nmucha diversidad, somos capaces de mover al pa\u00eds\u201d. <\/p>\n\n\n\n<p class=\"wp-block-paragraph\">Hay que leer\na las feministas actuales, reflexionar nuestras bases, reconociendo nuestra\npluralidad, las mujeres hoy m\u00e1s que nunca debemos estar unidas y fuertes,\nfinaliz\u00f3. <\/p>\n\n\n\n<p class=\"wp-block-paragraph\">Ve con\nesperanza a las feministas j\u00f3venes que vienen empujando muy fuerte, que gritan\nya basta, y exhorto a las feministas ya ubicadas a repensar su papel, porque no\nse debe dejar pasar esa violencia de g\u00e9nero que proviene del Estado, por eso\nfue tan importante la manifestaci\u00f3n feminista en Chile. <\/p>\n\n\n\n<p class=\"wp-block-paragraph\">La diputada\nde Movimiento Ciudadano, Martha Tagle pidi\u00f3 revisar qu\u00e9 pasa con los\npresupuestos de distintas dependencias del rubro, porque los recursos del Anexo\n13 se actualizaron de acuerdo con la inflaci\u00f3n; adem\u00e1s hubo reasignaciones por m\u00e1s\nde 2 mil 300 millones de pesos que se destinaron para j\u00f3venes Construyendo Futuro\ny Sembrando Vida. <\/p>\n\n\n\n<p class=\"wp-block-paragraph\">Si bien dijo,\nse ampli\u00f3 el Anexo 13, este va a grupos como los adultos mayores y j\u00f3venes con\nel argumento de que la mitad de la poblaci\u00f3n son mujeres. <\/p>\n\n\n\n<p class=\"wp-block-paragraph\">Critico que\nno haya pol\u00edticas publicas buenas para las poblaciones m\u00e1s excluidas como la\nind\u00edgena y los discapacitados, pero que sin embargo se sienten tomados en\ncuenta por el Presidente porque los menciona, interpela y les habla en las\nentrevistas ma\u00f1aneras, pero a las mujeres ni por error las menciona a menos que\nsea como madres de los delincuentes para que los rega\u00f1en como una pol\u00edtica de\nseguridad. <\/p>\n","protected":false},"excerpt":{"rendered":"<p>En forma critica que las mujeres hoy d\u00eda a pesar de los avances tienen que luchar por el reconocimiento de sus derechos conquistados, sobre todo los pol\u00edticos, ante un Estado que las ignora, y solo las reconoce como madres para que rega\u00f1en a los delincuentes como pol\u00edtica de seguridad. <\/p>\n","protected":false},"author":3,"featured_media":16520,"comment_status":"open","ping_status":"open","sticky":false,"template":"","format":"standard","meta":{"_monsterinsights_skip_tracking":false,"footnotes":""},"categories":[691,54],"tags":[],"class_list":["post-16519","post","type-post","status-publish","format-standard","has-post-thumbnail","category-691","category-mujeres"],"_links":{"self":[{"href":"https:\/\/redsemlac.com\/semmexico\/wp-json\/wp\/v2\/posts\/16519","targetHints":{"allow":["GET"]}}],"collection":[{"href":"https:\/\/redsemlac.com\/semmexico\/wp-json\/wp\/v2\/posts"}],"about":[{"href":"https:\/\/redsemlac.com\/semmexico\/wp-json\/wp\/v2\/types\/post"}],"author":[{"embeddable":true,"href":"https:\/\/redsemlac.com\/semmexico\/wp-json\/wp\/v2\/users\/3"}],"replies":[{"embeddable":true,"href":"https:\/\/redsemlac.com\/semmexico\/wp-json\/wp\/v2\/comments?post=16519"}],"version-history":[{"count":0,"href":"https:\/\/redsemlac.com\/semmexico\/wp-json\/wp\/v2\/posts\/16519\/revisions"}],"wp:featuredmedia":[{"embeddable":true,"href":"https:\/\/redsemlac.com\/semmexico\/wp-json\/wp\/v2\/media\/16520"}],"wp:attachment":[{"href":"https:\/\/redsemlac.com\/semmexico\/wp-json\/wp\/v2\/media?parent=16519"}],"wp:term":[{"taxonomy":"category","embeddable":true,"href":"https:\/\/redsemlac.com\/semmexico\/wp-json\/wp\/v2\/categories?post=16519"},{"taxonomy":"post_tag","embeddable":true,"href":"https:\/\/redsemlac.com\/semmexico\/wp-json\/wp\/v2\/tags?post=16519"}],"curies":[{"name":"wp","href":"https:\/\/api.w.org\/{rel}","templated":true}]}}