{"id":16517,"date":"2020-02-09T15:35:18","date_gmt":"2020-02-09T15:35:18","guid":{"rendered":"https:\/\/redsemlac.com\/semmexico\/?p=16517"},"modified":"2023-07-21T15:19:51","modified_gmt":"2023-07-21T20:19:51","slug":"retrograda-pretension-borrar-de-un-plumazo-el-feminicidio","status":"publish","type":"post","link":"https:\/\/redsemlac.com\/semmexico\/retrograda-pretension-borrar-de-un-plumazo-el-feminicidio\/","title":{"rendered":"Retrograda pretensi\u00f3n borrar de un plumazo el feminicidio"},"content":{"rendered":"\n<ul class=\"wp-block-list\"><li><strong>Llama Yndira Sandoval a poner en equilibrio la discusi\u00f3n pol\u00edtica de los derechos humanos de las mujeres<\/strong><\/li><li><strong>Hay otra forma de hacer pol\u00edtica y es desde el feminismo: Constituyentes Feministas CDMX<\/strong><\/li><\/ul>\n\n\n\n<p class=\"wp-block-paragraph\"><strong>Elda Montiel <\/strong><br> SemM\u00e9xico, Cd. de M\u00e9xico, 8 de febrero 2020.- Las Constituyentes Feministas CDMX a cuatro a\u00f1os de participaci\u00f3n e incidencia pol\u00edtica est\u00e1n convencidas que otra forma de hacer pol\u00edtica es posible y se llama feminismo, \u201csin la participaci\u00f3n sustantiva de las mujeres, del feminismo, no se lograr\u00e1 la transici\u00f3n democr\u00e1tica de la 4\u00aa transformaci\u00f3n\u201d. <\/p>\n\n\n\n<p class=\"wp-block-paragraph\">A nombre de las Constituyentes Feministas CDMX, Yndira Sandoval, hizo un llamado al gobierno mexicano a parar la violencia institucional contra las mujeres maquillando y banalizando la emergencia nacional con la retrograda pretensi\u00f3n del Fiscal General de borrar de un plumazo el delito de feminicidio para convertirlo en una agravante de homicidio.<\/p>\n\n\n\n<p class=\"wp-block-paragraph\">Y exigi\u00f3 que se le d\u00e9 la misma importancia en recursos y pol\u00edtica p\u00fablica al combate a la impunidad, a los feminicidios, a las desapariciones, a la abolici\u00f3n de la explotaci\u00f3n sexual, que se le da a la lucha contra la corrupci\u00f3n, contra el crimen organizado o contra el huachicol. <\/p>\n\n\n\n<p class=\"wp-block-paragraph\">Cuestion\u00f3 el c\u00f3mo se pretende garantizar un estado democr\u00e1tico de derecho desde la invisibilizaci\u00f3n del problema, el desmantelamiento de pol\u00edticas p\u00fablicas o la reducci\u00f3n de presupuestos dirigidos a cerrar las brechas de desigualdad o a hacerle frente a la violencia.<\/p>\n\n\n\n<p class=\"wp-block-paragraph\">Al dirigirse al Jefe del Ejecutivo se\u00f1al\u00f3 que por m\u00e1s democr\u00e1tico que haya sido el proceso de elecci\u00f3n que deber\u00eda traducirse en una transici\u00f3n democr\u00e1tica, queda claro que estamos solo ante una alternancia pol\u00edtica, porque la diferencia estriba entre quien ostenta el poder y en favor de quien lo ejerce, por lo que demand\u00f3 poner en equilibrio la discusi\u00f3n pol\u00edtica de la agenda de los derechos humanos de las mujeres.<\/p>\n\n\n\n<p class=\"wp-block-paragraph\">El reconocimiento, respeto y ejercicio de los derechos humanos de las mujeres es fundamental para garantizar el avance democr\u00e1tico e igualitario de nuestra sociedad. Sin despatriarcalizaci\u00f3n no habr\u00e1 4\u00ba transformaci\u00f3n, expres\u00f3. <\/p>\n\n\n\n<p class=\"wp-block-paragraph\">Las Constituyentes Feminista CDMX, reunidas en el auditorio de la C\u00e1mara de Diputados, en la diversidad de generaciones, circunstancias, identidades, condiciones y posturas pol\u00edticas, se unieron en una sola voz, la de: \u00a1Nunca m\u00e1s una Constituci\u00f3n sin nosotras!<\/p>\n\n\n\n<p class=\"wp-block-paragraph\">Precisaron que esta consigna la consigna es su l\u00ednea como \u201corganizaci\u00f3n pol\u00edtica feminista de izquierda progresista y abolicionista\u201d, como ellas mismas se definieron.<\/p>\n\n\n\n<p class=\"wp-block-paragraph\">No participaron en la Constituci\u00f3n Pol\u00edtica de 1824 ni la de 1917, pero si en la Constituci\u00f3n de la Ciudad de M\u00e9xico, donde surgieron como colectiva y ahora van por la edici\u00f3n colectiva de la versi\u00f3n feminista de la Constituci\u00f3n Pol\u00edtica de los Estados Unidos Mexicanos, que es la Constituci\u00f3n Violeta, cuya convocatoria lanzaron el pasado 5 de febrero en el marco del 103 aniversario de la Constituci\u00f3n y el Tercer Aniversario de la Constituci\u00f3n Pol\u00edtica de la de la Ciudad de M\u00e9xico.<\/p>\n\n\n\n<p class=\"wp-block-paragraph\">La Constituci\u00f3n Violeta Nacional es un manifiesto pol\u00edtico que visibiliza los derechos de las mujeres que hist\u00f3ricamente han sido relegados, porque a\u00fan no se entiende que nuestros derechos, los derechos de las mujeres son derechos humanos universales, se\u00f1al\u00f3 Yndira Sandoval. <\/p>\n\n\n\n<p class=\"wp-block-paragraph\">Que, junto con la promoci\u00f3n de la iniciativa 3 de 3 contra la violencia que hemos promovido desde 2018 y ha sido presentada en por lo menos ya en cinco estados de la Rep\u00fablica, sea en un futuro inmediato una realidad para que toda persona que busque ocupar un cargo p\u00fablico por elecci\u00f3n, designaci\u00f3n o concurso, deba cumplir como requisito obligatorio no ser deudor de pensi\u00f3n alimenticia, no ser acosador sexual y no ser agresor por razones de g\u00e9nero. <\/p>\n\n\n\n<p class=\"wp-block-paragraph\">Porque no basta no mentir, no robar y no traicionar en la funci\u00f3n p\u00fablica y en la responsabilidad pol\u00edtica, si se es acosador, deudor y agresor, agreg\u00f3.<\/p>\n\n\n\n<p class=\"wp-block-paragraph\">Porque esos hombres que gobiernan, administran, legislan o imparten justicia, no pueden seguir ah\u00ed, as\u00ed como queremos a m\u00e1s mujeres en el poder, tambi\u00e9n queremos a menos agresores por acci\u00f3n u omisi\u00f3n, afirm\u00f3 categor\u00eda Yndira Sandoval. <\/p>\n\n\n\n<p class=\"wp-block-paragraph\">En un auditorio donde predominaba en color morado de las camisetas de las integrantes que se mezclaban con las y los invitados de los sectores acad\u00e9mico, pol\u00edtico y social, en lo que constituy\u00f3 una fiesta donde convivieron feministas destacadas, diputadas, y senadoras, disfrutaron del reconocimiento internacional de organizaciones feministas de Am\u00e9rica Latina, que gracias a la tecnolog\u00eda se hicieron presentes en la reuni\u00f3n con mensajes en videos. <\/p>\n\n\n\n<p class=\"wp-block-paragraph\">Las Constituyentes Feministas CDMX celebraron as\u00ed el 4\u00ba Aniversario de su fundaci\u00f3n como organizaci\u00f3n pol\u00edtica feminista, con la reflexi\u00f3n de \u201cLos Derechos Humanos de las Mujeres frente al 2020\u201d, que se llev\u00f3 a cabo el viernes 7 de febrero en el Palacio Legislativo de San L\u00e1zaro con la participaci\u00f3n de las invitadas especiales como ponentes en dos paneles de discusi\u00f3n como Gabriela Williams Salazar, las diputadas Ana Lilia Herrera Anzaldo, Martha Tagle, Guadalupe Almaguer y Lorena Villavicencio, y tambi\u00e9n Edith Pacheco y Aracely Osorio, madre de Lesvy Berl\u00edn Osorio y activista de Derechos Humanos. <\/p>\n\n\n\n<p class=\"wp-block-paragraph\">Quienes desde su tribuna se han especializado en temas de violencia pol\u00edtica en raz\u00f3n de g\u00e9nero; vulneraci\u00f3n del Estado laico; desprotecci\u00f3n y vulnerabilidad de las ni\u00f1as y los ni\u00f1os; econom\u00eda de cuidados y derecho al tiempo propio; Derechos Humanos de las y los migrantes; violencia feminicida; trata de personas y comercio sexual; presupuestos frente a pol\u00edticas p\u00fablicas para las mujeres; C\u00f3digo Penal \u00fanico; amenazas a la democracia y al Estado de Derecho.<\/p>\n\n\n\n<p class=\"wp-block-paragraph\">SEM\/em\/sj<\/p>\n","protected":false},"excerpt":{"rendered":"<p>Llama Yndira Sandoval a poner en equilibrio la discusi\u00f3n pol\u00edtica de los derechos humanos de las mujeres<\/p>\n","protected":false},"author":3,"featured_media":16482,"comment_status":"open","ping_status":"open","sticky":false,"template":"","format":"standard","meta":{"_monsterinsights_skip_tracking":false,"footnotes":""},"categories":[691,54],"tags":[],"class_list":["post-16517","post","type-post","status-publish","format-standard","has-post-thumbnail","category-691","category-mujeres"],"_links":{"self":[{"href":"https:\/\/redsemlac.com\/semmexico\/wp-json\/wp\/v2\/posts\/16517","targetHints":{"allow":["GET"]}}],"collection":[{"href":"https:\/\/redsemlac.com\/semmexico\/wp-json\/wp\/v2\/posts"}],"about":[{"href":"https:\/\/redsemlac.com\/semmexico\/wp-json\/wp\/v2\/types\/post"}],"author":[{"embeddable":true,"href":"https:\/\/redsemlac.com\/semmexico\/wp-json\/wp\/v2\/users\/3"}],"replies":[{"embeddable":true,"href":"https:\/\/redsemlac.com\/semmexico\/wp-json\/wp\/v2\/comments?post=16517"}],"version-history":[{"count":0,"href":"https:\/\/redsemlac.com\/semmexico\/wp-json\/wp\/v2\/posts\/16517\/revisions"}],"wp:featuredmedia":[{"embeddable":true,"href":"https:\/\/redsemlac.com\/semmexico\/wp-json\/wp\/v2\/media\/16482"}],"wp:attachment":[{"href":"https:\/\/redsemlac.com\/semmexico\/wp-json\/wp\/v2\/media?parent=16517"}],"wp:term":[{"taxonomy":"category","embeddable":true,"href":"https:\/\/redsemlac.com\/semmexico\/wp-json\/wp\/v2\/categories?post=16517"},{"taxonomy":"post_tag","embeddable":true,"href":"https:\/\/redsemlac.com\/semmexico\/wp-json\/wp\/v2\/tags?post=16517"}],"curies":[{"name":"wp","href":"https:\/\/api.w.org\/{rel}","templated":true}]}}