{"id":16508,"date":"2020-02-08T22:22:35","date_gmt":"2020-02-08T22:22:35","guid":{"rendered":"https:\/\/redsemlac.com\/semmexico\/?p=16508"},"modified":"2023-07-21T15:19:51","modified_gmt":"2023-07-21T20:19:51","slug":"opinion-323","status":"publish","type":"post","link":"https:\/\/redsemlac.com\/semmexico\/opinion-323\/","title":{"rendered":"Peligros y segregaci\u00f3n contra periodistas"},"content":{"rendered":"\n<p class=\"wp-block-paragraph\"><strong>Por \u00c1ngel \u00c1lvaro Pe\u00f1a.<\/strong><\/p>\n\n\n\n<p class=\"wp-block-paragraph\">SemM\u00e9xcio\/Billie Parker Noticias. 08 de febrero 2020.- Las y los periodistas en M\u00e9xico se han vuelto vulnerables. Pero no todos. Las v\u00edctimas de amenazas, de tortura, de secuestro, de homicidio, suelen ser trabajadores de medios que no son los hegem\u00f3nicos. Estos han demostrado hasta el cansancio ser part\u00edcipes de la idea de que nada cambie.<br><\/p>\n\n\n\n<p class=\"wp-block-paragraph\">Los responsables de estas agresiones pertenecen al grupo de los que no quieren perder sus privilegios, quienes se encontraban muy a gusto con las cosas como estaban. Sin denuncias, pero con mucha impunidad.<br><\/p>\n\n\n\n<p class=\"wp-block-paragraph\">Las y los comunicadores amenazados de muerte, o desgraciadamente muertos, forman parte de medios digitales, por lo regular del interior del pa\u00eds, como si la elaboraci\u00f3n de noticias se resistiera a que haya competencia de menor calado, pero con mayor efectividad, cobertura y penetraci\u00f3n.<br><\/p>\n\n\n\n<p class=\"wp-block-paragraph\">Esta caracter\u00edstica obliga a empezar a ubicar a los victimarios. Sobre todo, que los mexicanos puedan advertir sobre sus intenciones y los objetivos que intentan avanzar si son exterminados quienes denuncian los excesos de los que se consideran vulnerables ante la verdad.<br><\/p>\n\n\n\n<p class=\"wp-block-paragraph\">En esos grupos pueden encontrarse a algunos c\u00f3mplices de las anteriores autoridades en todos sus niveles. Pero tambi\u00e9n los practicantes de viejos vicios como los talamontes, los depredadores, los traficantes de especies animales, de \u00f3rganos, de drogas, de armas etc.<br><\/p>\n\n\n\n<p class=\"wp-block-paragraph\">Aunque en realidad la mejor pista siempre la representa el historial de las notas publicadas de las v\u00edctimas. La protecci\u00f3n de las y los periodistas es una asignatura pendiente en esta administraci\u00f3n. Una de las principales causas es el hecho de que en las instancias donde debe protegerse a los periodistas hay personas del sexenio anterior.<br><\/p>\n\n\n\n<p class=\"wp-block-paragraph\">As\u00ed, el Mecanismo de Protecci\u00f3n para Personas Defensoras de Derechos Humanos y Periodistas pocos resultados puede arrojar, y no porque ellos sean culpables, sino que est\u00e1n acostumbrados a realizar, d\u00eda tras d\u00eda, una inercia burocr\u00e1tica destinada a no resolver nada. Esta forma de trabajo, propia de los reg\u00edmenes anteriores descalifica, por s\u00ed misma, toda intenci\u00f3n de protecci\u00f3n a los periodistas. Todo el pa\u00eds conoce la manera que ten\u00edan de pasar las horas los bur\u00f3cratas responsables de resolver los graves problemas de M\u00e9xico.<br><\/p>\n\n\n\n<p class=\"wp-block-paragraph\">Ahora, el pasado ha abierto un nuevo frente de guerra que consiste en la demanda por da\u00f1o moral. Aberraci\u00f3n surgida de quienes en alg\u00fan momento se sintieron aludidos por las denuncias o las sospechas de culpabilidad.<br><\/p>\n\n\n\n<p class=\"wp-block-paragraph\">El exgobernador de Coahuila, Humberto Moreira, amigo de la maestra Elba Esther y permanentemente bajo sospecha de algunos desaciertos, se ofendi\u00f3 porque el catedr\u00e1tico Sergio Aguayo dijo que alrededor del priista hab\u00eda cierto olor a corrupci\u00f3n. Acudi\u00f3 a un juez a modo, como los muchos que prohij\u00f3 el viejo sistema priista, y este lo conden\u00f3 a pagar 10 millones de pesos por considerarlo culpable. Para el juez no hay m\u00e1s culpable que el editorialista, que, si bien no es de profesi\u00f3n periodista, realiza an\u00e1lisis pol\u00edticos en un diario de cobertura nacional.<br><\/p>\n\n\n\n<p class=\"wp-block-paragraph\">Ante esta situaci\u00f3n las y los periodistas de la Ciudad de M\u00e9xico se manifestaron frente a la Suprema Corte de Justicia de la Naci\u00f3n, para exigir que se deseche la sentencia.<br><\/p>\n\n\n\n<p class=\"wp-block-paragraph\">Los manifestantes reunieron firmas y entregaron un documento dirigido al presidente Andr\u00e9s Manuel L\u00f3pez Obrador, y al titular de la Corte, Arturo Zald\u00edvar, en el cual piden que cese lo que consideraron el hostigamiento judicial contra Aguayo.<br><\/p>\n\n\n\n<p class=\"wp-block-paragraph\">\u201cNos hemos reunido para protestar por la injusta, desproporcionada y muy probablemente corrupta sentencia contra el compa\u00f1ero Sergio Aguayo (\u2026) Esto nos afecta a todos los que ejercemos la libertad de expresi\u00f3n, a la sociedad mexicana porque se le priva de la verdad y la realidad que mostramos con nuestro trabajo\u201d, expuso Humberto Musacchio.<br><\/p>\n\n\n\n<p class=\"wp-block-paragraph\">M\u00e1s all\u00e1 de las injusticias y las corruptelas, la situaci\u00f3n de las y los periodistas nos habla de una clasificaci\u00f3n criminal de los comunicadores por parte de sus acusadores, porque los periodistas del interior del pa\u00eds, los defensores de la naturaleza, los que cuidan la tierra pueden ser asesinados; en cambio, los de las ciudades, deben ser demandados y sancionados con multas no s\u00f3lo injustas sino impagables e insultantes. No se muestra un acto de justicia, sino un acto de venganza. <\/p>\n\n\n\n<p class=\"wp-block-paragraph\">Recordemos que el exgobernador de Coahuila pagaba de renta en un departamento de Madrid, Espa\u00f1a, m\u00e1s de 50 mil pesos al mes. Fue capturado en esa ciudad a principios de 2016, y liberado por otro juez de dudosa honestidad.<br>A pesar de eso demand\u00f3 y gan\u00f3. El analista escribi\u00f3 su columna y perdi\u00f3. La acusaci\u00f3n era un supuesto y no una acusaci\u00f3n contundente; sin embargo, dicha expresi\u00f3n fue tomada por el juez casi como una amenaza o un delito.<br><\/p>\n\n\n\n<p class=\"wp-block-paragraph\">La amenaza a las y los periodistas proviene de ciertas personas del pasado por ciertos intereses, con muy definidas caracter\u00edsticas y con una clasificaci\u00f3n que muestra no s\u00f3lo discriminaci\u00f3n sino un gran desprecio por la gente de provincia, por los medios de informaci\u00f3n que no son hegem\u00f3nicos, por la verdad.<br><\/p>\n\n\n\n<p class=\"wp-block-paragraph\">Es en esta diferencia, en esta gran desventaja creada por tradici\u00f3n en la pol\u00edtica nacional, en la que se coloca la vulnerabilidad de los periodistas mexicanos. Esto es lo m\u00e1s grave y peligroso. La segregaci\u00f3n de los periodistas y, por lo tanto, de los mexicanos. Una marginaci\u00f3n que no es nueva ni debe sorprendernos, aunque no deje de indignarnos. PEGA Y CORRE. \u2013 La ya habitual intenci\u00f3n separatista de los panistas tuvo su m\u00e1s reciente expresi\u00f3n en las palabras del gobernador de Aguascalientes, Mart\u00edn Orozco Sandoval, quien fue de los que se negaron desde un principio a aceptar el nuevo sistema de salud p\u00fablica para su entidad. Pero no s\u00f3lo eso, trat\u00f3 de crear todo un movimiento en contra del Instituto de Salud Para el Bienestar, y ahora considera que estar fuera de ese proyecto federal le har\u00e1 tener el mejor sistema de salud del pa\u00eds. A grado tal que se atrevi\u00f3 a decir \u201cPacientes que no sean de Aguascalientes a la chingada, yo no puedo atender a otros estados porque eso me lleva un costo aproximadamente del 25 por ciento\u201d. Es decir, Aguascalientes es otro pa\u00eds para el monarca de esa entidad\u2026 Esta columna se publica los lunes, mi\u00e9rcoles y viernes.<\/p>\n\n\n\n<p class=\"wp-block-paragraph\">angelalvarop@hotmail.com<\/p>\n","protected":false},"excerpt":{"rendered":"<p>Las v\u00edctimas de amenazas, de tortura, de secuestro, de homicidio, suelen ser trabajadores de medios que no son los hegem\u00f3nicos.<\/p>\n","protected":false},"author":3,"featured_media":16509,"comment_status":"open","ping_status":"open","sticky":false,"template":"","format":"standard","meta":{"_monsterinsights_skip_tracking":false,"footnotes":""},"categories":[691,82,110],"tags":[],"class_list":["post-16508","post","type-post","status-publish","format-standard","has-post-thumbnail","category-691","category-la-opinion","category-la-opinion-columnas"],"_links":{"self":[{"href":"https:\/\/redsemlac.com\/semmexico\/wp-json\/wp\/v2\/posts\/16508","targetHints":{"allow":["GET"]}}],"collection":[{"href":"https:\/\/redsemlac.com\/semmexico\/wp-json\/wp\/v2\/posts"}],"about":[{"href":"https:\/\/redsemlac.com\/semmexico\/wp-json\/wp\/v2\/types\/post"}],"author":[{"embeddable":true,"href":"https:\/\/redsemlac.com\/semmexico\/wp-json\/wp\/v2\/users\/3"}],"replies":[{"embeddable":true,"href":"https:\/\/redsemlac.com\/semmexico\/wp-json\/wp\/v2\/comments?post=16508"}],"version-history":[{"count":0,"href":"https:\/\/redsemlac.com\/semmexico\/wp-json\/wp\/v2\/posts\/16508\/revisions"}],"wp:featuredmedia":[{"embeddable":true,"href":"https:\/\/redsemlac.com\/semmexico\/wp-json\/wp\/v2\/media\/16509"}],"wp:attachment":[{"href":"https:\/\/redsemlac.com\/semmexico\/wp-json\/wp\/v2\/media?parent=16508"}],"wp:term":[{"taxonomy":"category","embeddable":true,"href":"https:\/\/redsemlac.com\/semmexico\/wp-json\/wp\/v2\/categories?post=16508"},{"taxonomy":"post_tag","embeddable":true,"href":"https:\/\/redsemlac.com\/semmexico\/wp-json\/wp\/v2\/tags?post=16508"}],"curies":[{"name":"wp","href":"https:\/\/api.w.org\/{rel}","templated":true}]}}