{"id":16506,"date":"2020-02-08T22:17:21","date_gmt":"2020-02-08T22:17:21","guid":{"rendered":"https:\/\/redsemlac.com\/semmexico\/?p=16506"},"modified":"2023-07-21T15:19:51","modified_gmt":"2023-07-21T20:19:51","slug":"finlandia-iguala-los-permisos-de-paternidad-y-maternidad-y-elimina-la-referencia-de-genero","status":"publish","type":"post","link":"https:\/\/redsemlac.com\/semmexico\/finlandia-iguala-los-permisos-de-paternidad-y-maternidad-y-elimina-la-referencia-de-genero\/","title":{"rendered":"Finlandia iguala los permisos de paternidad y maternidad y elimina la referencia de g\u00e9nero"},"content":{"rendered":"\n<p class=\"wp-block-paragraph\"> <strong>N\u00faria Vila\/La Vanguardia<\/strong><\/p>\n\n\n\n<p class=\"wp-block-paragraph\">SemM\u00e9xico\/La Vanguardia. 08 de febrero 2020.- El gobierno de\u00a0<strong>Finlandia<\/strong>\u00a0ha iniciado el camino para llevar a cabo una revolucionaria reforma del sistema de bajas parentales. El Ejecutivo, que desde diciembre est\u00e1<strong>\u00a0liderado por cinco mujeres<\/strong>, con la primera ministra Sanna Marin al frente, prev\u00e9\u00a0<strong>igualar las bajas de los dos progenitores<\/strong>\u00a0de una forma innovadora: eliminando la referencia de g\u00e9nero. As\u00ed, se suprimir\u00e1n los permisos de maternidad y paternidad para pasar a ser \u201c<strong>permisos familiares<\/strong>\u201d.<\/p>\n\n\n\n<p class=\"wp-block-paragraph\">Los dos miembros de la pareja tendr\u00e1n derecho a los mismos d\u00edas de baja tras el nacimiento o adopci\u00f3n de un hijo: un total de 164 d\u00edas (unos seis meses y medio), de los cuales s\u00f3lo podr\u00e1n transferir 69 d\u00edas al otro progenitor. En el caso de familias monoparentales, el progenitor tendr\u00e1 derecho al doble de d\u00edas, es decir, los mismos que una pareja.<\/p>\n\n\n\n<h3 class=\"wp-block-heading\">Cada progenitor tendr\u00e1 164 d\u00edas, de los cuales s\u00f3lo podr\u00e1 dar 69 al otro miembro de la pareja<\/h3>\n\n\n\n<p class=\"wp-block-paragraph\">\u201cEsta reforma es una oportunidad de construir un esquema de permisos familiares en l\u00ednea con el concepto de familia actual\u201d, ha afirmado la ministra finlandesa de Asuntos Sociales y Salud, Aino-Kaisa Pekonen, que subray\u00f3 la apuesta por un \u201clenguaje neutral en cuanto al g\u00e9nero y adecuado para todo tipo de familias\u201d.<\/p>\n\n\n\n<p class=\"wp-block-paragraph\">La propuesta, que se prev\u00e9 que entre en vigor a mediados del 2021, prolongar\u00e1 el tiempo total de permiso parental hasta los<strong>&nbsp;14 meses<\/strong>&nbsp;(ahora son 11 meses y medio) y, adem\u00e1s, se introducir\u00e1 un mes adicional para la mujer embarazada antes de dar a luz. Actualmente, Finlandia cuenta con un permiso de maternidad de 105 d\u00edas (algo m\u00e1s de cuatro meses) y uno de paternidad de 54 d\u00edas (unos dos meses), a los que se suman otros seis meses durante los cuales pueden decidir qui\u00e9n se queda en casa o pueden optar por compartirlos, por ejemplo con una reducci\u00f3n de jornada para ambos miembros de la pareja. A la pr\u00e1ctica, sin embargo, los padres finlandeses aprovechan s\u00f3lo el 11% del total de permiso disponible, la cifra m\u00e1s baja de los Pa\u00edses N\u00f3rdicos junto con Dinamarca \u2013en Suecia e Islandia es el 30%, y en Noruega el 20%&#8211;, seg\u00fan un informe del Consejo N\u00f3rdico de Ministros.<\/p>\n\n\n\n<h3 class=\"wp-block-heading\">Los padres finlandeses s\u00f3lo aprovechan el 11% de su baja, la cifra m\u00e1s baja entre los n\u00f3rdicos<\/h3>\n\n\n\n<p class=\"wp-block-paragraph\">El incremento de d\u00edas de permiso supondr\u00e1 un gasto adicional de 100 millones de euros, seg\u00fan los c\u00e1lculos provisionales del gabinete de centroizquierda. Sin embargo, a\u00fan quedan por determinar algunos detalles, como el porcentaje el sueldo a cobrar durante la baja \u2013ahora es el 90% los primeros dos meses de la madre y el 70% el resto&#8211;. El Gobierno lleva meses estudiando la medida, para lo que cre\u00f3 un grupo de trabajo con sindicatos y patronales, teniendo en cuenta que las empresas son las responsables de la mayor parte del coste. El Ejecutivo se ha comprometido a cubrir 25 millones de euros de los 100 millones adicionales, seg\u00fan informa la cadena p\u00fablica Yle.<\/p>\n\n\n\n<p class=\"wp-block-paragraph\">La ministra de Asuntos Sociales y Salud explic\u00f3 que esta \u201creforma radical\u201d pretende mejorar la igualdad de g\u00e9nero, pero tambi\u00e9n dar un vuelco a una tasa de natalidad en ca\u00edda libre. Mientras que en 1990 la media era de 1,9 hijos por mujer, ahora es de 1,4, y el a\u00f1o pasado la tasa de fertilidad de Finlandia fue la m\u00e1s baja de los Pa\u00edses N\u00f3rdicos. A este dato se suma que tambi\u00e9n es el pa\u00eds de la regi\u00f3n n\u00f3rdica con la poblaci\u00f3n m\u00e1s envejecida y el que menos inmigrantes tiene. Malos augurios para su tantas veces aclamado estado del bienestar.<\/p>\n\n\n\n<p class=\"wp-block-paragraph\">SEM-La Vanguardia<\/p>\n","protected":false},"excerpt":{"rendered":"<p>El gobierno de Finlandia ha iniciado el camino para llevar a cabo una revolucionaria reforma del sistema de bajas parentales. <\/p>\n","protected":false},"author":3,"featured_media":16505,"comment_status":"open","ping_status":"open","sticky":false,"template":"","format":"standard","meta":{"_monsterinsights_skip_tracking":false,"footnotes":""},"categories":[691,53],"tags":[],"class_list":["post-16506","post","type-post","status-publish","format-standard","has-post-thumbnail","category-691","category-internacional"],"_links":{"self":[{"href":"https:\/\/redsemlac.com\/semmexico\/wp-json\/wp\/v2\/posts\/16506","targetHints":{"allow":["GET"]}}],"collection":[{"href":"https:\/\/redsemlac.com\/semmexico\/wp-json\/wp\/v2\/posts"}],"about":[{"href":"https:\/\/redsemlac.com\/semmexico\/wp-json\/wp\/v2\/types\/post"}],"author":[{"embeddable":true,"href":"https:\/\/redsemlac.com\/semmexico\/wp-json\/wp\/v2\/users\/3"}],"replies":[{"embeddable":true,"href":"https:\/\/redsemlac.com\/semmexico\/wp-json\/wp\/v2\/comments?post=16506"}],"version-history":[{"count":0,"href":"https:\/\/redsemlac.com\/semmexico\/wp-json\/wp\/v2\/posts\/16506\/revisions"}],"wp:featuredmedia":[{"embeddable":true,"href":"https:\/\/redsemlac.com\/semmexico\/wp-json\/wp\/v2\/media\/16505"}],"wp:attachment":[{"href":"https:\/\/redsemlac.com\/semmexico\/wp-json\/wp\/v2\/media?parent=16506"}],"wp:term":[{"taxonomy":"category","embeddable":true,"href":"https:\/\/redsemlac.com\/semmexico\/wp-json\/wp\/v2\/categories?post=16506"},{"taxonomy":"post_tag","embeddable":true,"href":"https:\/\/redsemlac.com\/semmexico\/wp-json\/wp\/v2\/tags?post=16506"}],"curies":[{"name":"wp","href":"https:\/\/api.w.org\/{rel}","templated":true}]}}