{"id":16501,"date":"2020-02-08T22:08:57","date_gmt":"2020-02-08T22:08:57","guid":{"rendered":"https:\/\/redsemlac.com\/semmexico\/?p=16501"},"modified":"2023-07-21T15:19:51","modified_gmt":"2023-07-21T20:19:51","slug":"comunicar-a-traves-de-la-violencia-contra-las-mujeres","status":"publish","type":"post","link":"https:\/\/redsemlac.com\/semmexico\/comunicar-a-traves-de-la-violencia-contra-las-mujeres\/","title":{"rendered":"Comunicar a trav\u00e9s de la violencia contra las mujeres"},"content":{"rendered":"\n<h2 class=\"wp-block-heading\"><strong>Feminicidios no se pueden concretar en una sola causa <\/strong><\/h2>\n\n\n\n<p class=\"wp-block-paragraph\"><strong>* Existen ingredientes vinculados al\npoder, al dominio<\/strong><\/p>\n\n\n\n<p class=\"wp-block-paragraph\"><strong>Miguel Lisbona Guill\u00e9n<\/strong><\/p>\n\n\n\n<p class=\"wp-block-paragraph\">SemM\u00e9xico\/ChiapasParalelo,\n8 de febrero 2020.- Mientras la geopol\u00edtica dirime los acontecimientos y pugnas\nentre Estados para dominar el mundo, el vivir ciudadano se debate en muchos\notros conflictos. Aquellos que parecen ajenos a la \u201calta\u201d pol\u00edtica, pero que\nson los que definen nuestra cotidianidad. Dentro de ellos se encuentra la\nescalada de violencia que afecta desde hace varios lustros a M\u00e9xico. Con\ndistinta intensidad, todos sus estados y municipios est\u00e1n afectados por\nintensas agresiones que no distinguen entre sexo y estrato social. Violencia\nconvertida en habitual y, por ello, casi asumida como inexorable destino e\nimposible de erradicar para gran parte de los mexicanos, al menos si se toman\nen cuenta las conversaciones de la plaza p\u00fablica.<\/p>\n\n\n\n<p class=\"wp-block-paragraph\">Dentro\nde ese c\u00famulo de acontecimientos de distinto origen y que ponen en peligro la\nvida humana, sobresalen los que afectan a las mujeres y que, no siempre, est\u00e1n\nrelacionados con lo que se denomina crimen organizado. Las muertes o las\nagresiones de distinto nivel son recurrentes y no parecen remitir, a pesar de\ncampa\u00f1as y denuncias efectuadas por la sociedad civil y desde la administraci\u00f3n\np\u00fablica.<\/p>\n\n\n\n<p class=\"wp-block-paragraph\">Durante\nla primera quincena del presente a\u00f1o el Observatorio Feminista contra la\nViolencia, seg\u00fan informaci\u00f3n ofrecida por este mismo medio de comunicaci\u00f3n, ya\nregistr\u00f3 que se hab\u00edan producido 11 muertes violentas de mujeres. El conteo\nproduce congoja: \u201c6 feminicidios, 1 posible feminicidio, 2 suicidios\nsospechosos, 2 homicidios culposos y un feminicidio en grado de tentativa.\nAdem\u00e1s, de la desaparici\u00f3n de 5 menores de edad y 4 mujeres\u201d.<\/p>\n\n\n\n<p class=\"wp-block-paragraph\">En\nlo personal ya escrib\u00ed sobre el tema del feminicidio en estas mismas p\u00e1ginas, y\nno insistir\u00e9 sobre ello, pero la conceptualizaci\u00f3n del suceso no deber\u00eda ser el\nproblema para llevar a cabo la investigaci\u00f3n de muertes y desapariciones. La\nmayor atenci\u00f3n a estos hechos, por parte de organizaciones sociales, y se\nespera de las instancias gubernamentales, ilustra un tema enquistado en el\ntiempo pese a las Alertas de Violencia de G\u00e9nero que se declaran en municipios\nde Chiapas.<\/p>\n\n\n\n<p class=\"wp-block-paragraph\">Un\nbuen n\u00famero de an\u00e1lisis hace tiempo que se llevan a cabo para dirimir los\nmotivos de los asesinatos, pero lo que resulta evidente, como en todo hecho\nsocial, es que no se pueden concretar en una sola causa. Tampoco afirmar la\nmulticausalidad de los ataques a mujeres solventa el hecho ni aporta\nsoluciones, pero ampl\u00eda las posibilidades para su discernimiento.<\/p>\n\n\n\n<p class=\"wp-block-paragraph\">Dicho\nlo anterior, no creo que nadie ponga en duda que existen ingredientes\nvinculados al poder, al dominio, de unos seres humanos sobre otros en esos\ncr\u00edmenes; elementos que rodean muchas expresiones de violencia. En ese sentido,\nhay una tradici\u00f3n cultural de largo aliento hist\u00f3rico, que sustenta esas\nactitudes de dominio. Si esto es cierto, y est\u00e1 profusamente estudiado, tampoco\ndeben dejarse de lado las m\u00faltiples expresiones culturales que en la actualidad\nreafirman la condici\u00f3n de objeto de la mujer, como se demuestra, por solo citar\nun ejemplo, en la m\u00fasica producida en el pa\u00eds y en el extranjero, con impacto\ndirecto sobre las j\u00f3venes generaciones.<\/p>\n\n\n\n<p class=\"wp-block-paragraph\">No\nsolo hay que culpar al pasado. Los productos culturales son resultado de\nmomentos hist\u00f3ricos determinados, por supuesto, y no tienen una \u00fanica direcci\u00f3n\ny significado, como ocurre con las reivindicaciones y disposiciones pol\u00edticas,\ndiversas como lo es la sociedad y sus gentes. Frente a los visibles impulsos\nhacia la igualdad de derechos para las mujeres se producen, tambi\u00e9n, otros que\nremarcan la condici\u00f3n de mercanc\u00eda de los cuerpos humanos. Si la obtenci\u00f3n de\nderechos pol\u00edticos e igualdad social para las mujeres es visible en muchos\npa\u00edses del mundo, tambi\u00e9n lo es la reacci\u00f3n radical que parece regresar a\ndiscursos y pr\u00e1cticas ultramontanas, y donde lo que entorna a las mujeres se\nobserva como causante de todos los problemas de la sociedad. V\u00e9anse los casos\nde Brasil y Espa\u00f1a, n\u00edtidos ejemplos de ese rechazo expresado en discursos y\ndesplegado en los votos de la ciudadan\u00eda. Situaciones vividas en paralelo en el\nmundo y que recuerdan, no necesariamente con satisfacci\u00f3n, que los cambios no\nse producen con la tranquilidad deseada, adem\u00e1s de que las reacciones no\nsiempre tienen el camino de la civilidad. En esas circunstancias emerge la\nviolencia como expresi\u00f3n negativa de la comunicaci\u00f3n. El reverso del di\u00e1logo y\ndemostraci\u00f3n de una incomprensi\u00f3n impotente convertida en agresi\u00f3n mortal.<\/p>\n\n\n\n<p class=\"wp-block-paragraph\">Habr\u00e1\nque remar mucho para hacer inteligibles los muchos elementos que se entrecruzan\nen esa violencia, pero m\u00e1s todav\u00eda ser\u00e1 el esfuerzo para encontrar los\nmecanismos necesarios para transformar y, sobre todo, conceptuar tal forma de\ncomunicarse, de expresarse en la agresi\u00f3n. Habr\u00e1 que leerla bien, en especial\nporque lo hasta ahora hecho para erradicar esta violencia contra las mujeres no\nest\u00e1 logrando sus objetivos. Esfuerzo urgente dado el crecimiento de muertes;\nun hecho infame para cualquier sociedad.<\/p>\n","protected":false},"excerpt":{"rendered":"<p>Feminicidios no se pueden concretar en una sola causa <\/p>\n","protected":false},"author":3,"featured_media":16502,"comment_status":"open","ping_status":"open","sticky":false,"template":"","format":"standard","meta":{"_monsterinsights_skip_tracking":false,"footnotes":""},"categories":[691,82,110],"tags":[],"class_list":["post-16501","post","type-post","status-publish","format-standard","has-post-thumbnail","category-691","category-la-opinion","category-la-opinion-columnas"],"_links":{"self":[{"href":"https:\/\/redsemlac.com\/semmexico\/wp-json\/wp\/v2\/posts\/16501","targetHints":{"allow":["GET"]}}],"collection":[{"href":"https:\/\/redsemlac.com\/semmexico\/wp-json\/wp\/v2\/posts"}],"about":[{"href":"https:\/\/redsemlac.com\/semmexico\/wp-json\/wp\/v2\/types\/post"}],"author":[{"embeddable":true,"href":"https:\/\/redsemlac.com\/semmexico\/wp-json\/wp\/v2\/users\/3"}],"replies":[{"embeddable":true,"href":"https:\/\/redsemlac.com\/semmexico\/wp-json\/wp\/v2\/comments?post=16501"}],"version-history":[{"count":0,"href":"https:\/\/redsemlac.com\/semmexico\/wp-json\/wp\/v2\/posts\/16501\/revisions"}],"wp:featuredmedia":[{"embeddable":true,"href":"https:\/\/redsemlac.com\/semmexico\/wp-json\/wp\/v2\/media\/16502"}],"wp:attachment":[{"href":"https:\/\/redsemlac.com\/semmexico\/wp-json\/wp\/v2\/media?parent=16501"}],"wp:term":[{"taxonomy":"category","embeddable":true,"href":"https:\/\/redsemlac.com\/semmexico\/wp-json\/wp\/v2\/categories?post=16501"},{"taxonomy":"post_tag","embeddable":true,"href":"https:\/\/redsemlac.com\/semmexico\/wp-json\/wp\/v2\/tags?post=16501"}],"curies":[{"name":"wp","href":"https:\/\/api.w.org\/{rel}","templated":true}]}}